{"id":66618,"date":"2022-02-04T12:32:22","date_gmt":"2022-02-04T10:32:22","guid":{"rendered":"https:\/\/factorialhr.com\/blog\/?p=66618"},"modified":"2024-11-29T18:52:39","modified_gmt":"2024-11-29T16:52:39","slug":"don-conges","status":"publish","type":"post","link":"https:\/\/factorial.fr\/blog\/don-conges\/","title":{"rendered":"Don de cong\u00e9s \u00e0 un coll\u00e8gue : principes et fonctionnement"},"content":{"rendered":"<p><span style=\"font-weight: 400;\">Que ce soit par g\u00e9n\u00e9rosit\u00e9 ou par n\u00e9cessit\u00e9, il est possible pour un employ\u00e9 d&rsquo;offrir ses jours de repos \u00e0 ses collaborateurs. Le <\/span><b>don de cong\u00e9s<\/b><span style=\"font-weight: 400;\"> \u00e0 un coll\u00e8gue est l\u00e9galement autoris\u00e9 par une loi qui porte m\u00eame un nom : la <\/span><b>loi Mathy<\/b><span style=\"font-weight: 400;\">s.<\/span><\/p>\n<p><span style=\"font-weight: 400;\">Il existe donc un moyen de faire offrande de ses jours de repos selon certaines conditions et dans certains cas.<\/span><\/p>\n<p><span style=\"font-weight: 400;\">Mais en quoi consiste le don de cong\u00e9s exactement ? Comment cela fonctionne ? Qui peut en profiter et comment le mettre en place ?\u00a0<\/span><\/p>\n<p>Commen\u00e7ons d&rsquo;abord par rappeler ce \u00e0 quoi correspondent les cong\u00e9s et les RTT.<\/p>\n<p><strong>\ud83d\ude80 <a href=\"https:\/\/factorial.fr\/modeles\/modele-conges-absences\">T\u00e9l\u00e9chargez gratuitement notre planning des cong\u00e9s Excel !<\/a><\/strong><\/p>\n<div class=\"js-toc toc\">\n<p class=\"js-toc-title toc__title\">Table des mati\u00e8res<\/p>\n<nav id=\"fac_toc_nav\" class=\"js-toc-nav toc__nav\" aria-label=\"Table des mati\u00e8res\"><ol class=\"toc__list toc__list--level-1\"><li class=\"toc-heading-level-2\"><a class=\"toc__link toc-link-heading-1\" href=\"https:\/\/factorial.fr\/blog\/don-conges\/#conges-et-rtt-de-quoi-parle-t-on\" title=\"Cong\u00e9s et RTT : de quoi parle-t-on ?\" data-target-id=\"conges-et-rtt-de-quoi-parle-t-on\">Cong\u00e9s et RTT : de quoi parle-t-on ?<\/a><\/li><li class=\"toc-heading-level-2\"><a class=\"toc__link toc-link-heading-2\" href=\"https:\/\/factorial.fr\/blog\/don-conges\/#le-don-de-conges-en-quoi-cela-consiste\" title=\"Le don de cong\u00e9s : en quoi cela consiste ?\" data-target-id=\"le-don-de-conges-en-quoi-cela-consiste\">Le don de cong\u00e9s : en quoi cela consiste ?<\/a><\/li><li class=\"toc-heading-level-2\"><a class=\"toc__link toc-link-heading-3\" href=\"https:\/\/factorial.fr\/blog\/don-conges\/#quels-types-de-conges-peut-on-offrir\" title=\"Quels types de cong\u00e9s peut-on offrir ?\" data-target-id=\"quels-types-de-conges-peut-on-offrir\">Quels types de cong\u00e9s peut-on offrir ?<\/a><\/li><li class=\"toc-heading-level-2\"><a class=\"toc__link toc-link-heading-4\" href=\"https:\/\/factorial.fr\/blog\/don-conges\/#comment-fonctionne-le-don-de-rtt\" title=\"Comment fonctionne le don de RTT ?\" data-target-id=\"comment-fonctionne-le-don-de-rtt\">Comment fonctionne le don de RTT ?<\/a><\/li><li class=\"toc-heading-level-2\"><a class=\"toc__link toc-link-heading-5\" href=\"https:\/\/factorial.fr\/blog\/don-conges\/#dans-quel-cas-peut-on-faire-un-don-de-conges\" title=\"Dans quel cas peut-on faire un don de cong\u00e9s ?\" data-target-id=\"dans-quel-cas-peut-on-faire-un-don-de-conges\">Dans quel cas peut-on faire un don de cong\u00e9s ?<\/a><\/li><li class=\"toc-heading-level-2\"><a class=\"toc__link toc-link-heading-6\" href=\"https:\/\/factorial.fr\/blog\/don-conges\/#quel-impact-sur-le-salaire\" title=\"Quel impact sur le salaire ?\" data-target-id=\"quel-impact-sur-le-salaire\">Quel impact sur le salaire ?<\/a><\/li><li class=\"toc-heading-level-2\"><a class=\"toc__link toc-link-heading-7\" href=\"https:\/\/factorial.fr\/blog\/don-conges\/#que-se-passe-t-il-niveau-comptabilite\" title=\"Que se passe-t-il niveau comptabilit\u00e9 ?\" data-target-id=\"que-se-passe-t-il-niveau-comptabilite\">Que se passe-t-il niveau comptabilit\u00e9 ?<\/a><\/li><li class=\"toc-heading-level-2\"><a class=\"toc__link toc-link-heading-8\" href=\"https:\/\/factorial.fr\/blog\/don-conges\/#comment-organiser-le-don-de-conges-pour-votre-entreprise\" title=\"Comment organiser le don de cong\u00e9s pour votre entreprise ?\" data-target-id=\"comment-organiser-le-don-de-conges-pour-votre-entreprise\">Comment organiser le don de cong\u00e9s pour votre entreprise ?<\/a><\/li><li class=\"toc-heading-level-2\"><a class=\"toc__link toc-link-heading-9\" href=\"https:\/\/factorial.fr\/blog\/don-conges\/#pourquoi-accepter-le-don-de-conges-en-tant-qu\u2019entreprise\" title=\"Pourquoi accepter le don de cong\u00e9s en tant qu\u2019entreprise ?\" data-target-id=\"pourquoi-accepter-le-don-de-conges-en-tant-qu\u2019entreprise\">Pourquoi accepter le don de cong\u00e9s en tant qu\u2019entreprise ?<\/a><\/li><li class=\"toc-heading-level-2\"><a class=\"toc__link toc-link-heading-10\" href=\"https:\/\/factorial.fr\/blog\/don-conges\/#faites-une-demo-gratuite-de-notre-logiciel-rh-\u2705\" title=\"Faites une d\u00e9mo gratuite de notre logiciel RH \u2705\" data-target-id=\"faites-une-demo-gratuite-de-notre-logiciel-rh-\u2705\">Faites une d\u00e9mo gratuite de notre logiciel RH \u2705<\/a><\/li><\/ol><\/nav><\/div>\n<h2>Cong\u00e9s et RTT : de quoi parle-t-on ?<\/h2>\n<p><span style=\"font-weight: 400;\">Tout salari\u00e9 a le <strong>droit \u00e0 des jours de repos<\/strong>. Le code du travail est strict \u00e0 ce sujet et encadre les contrats de travail de vos employ\u00e9s.<\/span><\/p>\n<p><span style=\"font-weight: 400;\">Les cong\u00e9s pay\u00e9s<\/span><span style=\"font-weight: 400;\"> font ainsi partie des <\/span><b>droits fondamentaux des travailleurs<\/b><span style=\"font-weight: 400;\">. Le <a href=\"https:\/\/factorial.fr\/blog\/calcul-conges-payes\/\">calcul des cong\u00e9s pay\u00e9s<\/a> peut se faire en <a href=\"https:\/\/factorial.fr\/blog\/jours-ouvres-jours-ouvrables\/\">jours ouvrables<\/a>. <\/span><\/p>\n<p><span style=\"font-weight: 400;\">M\u00eame si c&rsquo;est moins fr\u00e9quent, certaines entreprises font le d\u00e9compte en jours ouvr\u00e9s. <\/span><\/p>\n<p><span style=\"font-weight: 400;\">Habituellement, l&#8217;employ\u00e9 b\u00e9n\u00e9ficie de <\/span><b>2,5 jours ouvrables de cong\u00e9s par mois<\/b><span style=\"font-weight: 400;\">, soit 30 jours minimum par an et ce, quelle que soit la nature de son contrat.<\/span><\/p>\n<p>Lorsqu&rsquo;ils ne sont pas tous sold\u00e9s dans la p\u00e9riode de r\u00e9f\u00e9rence, vous pouvez lui accorder des <a href=\"https:\/\/factorial.fr\/blog\/jours-fractionnement\/\">jours de fractionnement<\/a>.<\/p>\n<p><span style=\"font-weight: 400;\">Les <\/span><a href=\"https:\/\/factorial.fr\/blog\/rtt-employeur\/\"><span style=\"font-weight: 400;\">RTT<\/span><\/a><span style=\"font-weight: 400;\"> pour <strong>R\u00e9duction du Temps de Travail<\/strong> sont mises en place par certaines entreprises pour les travailleurs dont la <\/span><b>dur\u00e9e de travail est sup\u00e9rieure \u00e0 35 heures par semaine<\/b><span style=\"font-weight: 400;\">.\u00a0<\/span><\/p>\n<p><span style=\"font-weight: 400;\">Ainsi, si un employ\u00e9 travaille <\/span><b>39 heures hebdomadaires<\/b><span style=\"font-weight: 400;\">, il b\u00e9n\u00e9ficie de <\/span><b>4 heures de RTT<\/b> <b>par semaine<\/b><span style=\"font-weight: 400;\">, soit une demi-journ\u00e9e.<\/span><\/p>\n<p><span style=\"font-weight: 400;\">Si ces deux types de cong\u00e9s sont indemnis\u00e9s, ils ne sont pas \u00e0 confondre puisque le premier repose sur un cadre l\u00e9gal et s\u2019applique \u00e0 tous les collaborateurs alors que le second d\u00e9pend du nombre d\u2019heures hebdomadaires et d\u00e9coule d\u2019une convention collective.<\/span><\/p>\n \n <!--HubSpot Call-to-Action Code -->\n    <span class=\"hs-cta-wrapper\" id=\"hs-cta-wrapper-7c260767-0cc1-4188-9b8b-91f6d9598b19\">\n        <span class=\"hs-cta-node hs-cta-7c260767-0cc1-4188-9b8b-91f6d9598b19\" id=\"7c260767-0cc1-4188-9b8b-91f6d9598b19\">\n            <a href=\"https:\/\/cta-redirect.hubspot.com\/cta\/redirect\/4960096\/7c260767-0cc1-4188-9b8b-91f6d9598b19\">\n                <img decoding=\"async\" class=\"lazyload hs-cta-img\" id=\"hs-cta-img-7c260767-0cc1-4188-9b8b-91f6d9598b19\" style=\"border-width:0px;\" src=\"https:\/\/no-cache.hubspot.com\/cta\/default\/4960096\/7c260767-0cc1-4188-9b8b-91f6d9598b19.png\"  alt=\"modele calcul jours feries\" width=\"900\" height=\"308\" \/>\n            <\/a>\n        <\/span>\n        <script type=\"text\/javascript\">\n            function loadCTA(){\n                window.hbspt.cta.load(4960096, '7c260767-0cc1-4188-9b8b-91f6d9598b19', {'region': 'eu1'})\n            }\n            if(window.hbspt){\n                loadCTA()\n            }else{\n                Defer.js(\n                    'https:\/\/js.hubspot.com\/cta\/current.js',\n                    'hubspotCTA', \n                    0, \n                    loadCTA\n                );\n            }\n        <\/script>\n    <\/span>\n<!-- end HubSpot Call-to-Action Code -->\n\n<h2>Le don de cong\u00e9s : en quoi cela consiste ?<\/h2>\n<p><span style=\"font-weight: 400;\">Si nous devions d\u00e9buter par une d\u00e9finition, nous qualifierions le don de cong\u00e9s comme <\/span><b>le renoncement d\u2019un salari\u00e9 de tout ou partie de ses jours de repos au profit de l\u2019un de ses coll\u00e8gues<\/b><span style=\"font-weight: 400;\">.\u00a0<\/span><\/p>\n<p><span style=\"font-weight: 400;\">Cette particularit\u00e9 est aujourd\u2019hui encadr\u00e9e par la <\/span><a href=\"https:\/\/www.lemonde.fr\/m-perso\/article\/2014\/12\/19\/don-de-conges-derriere-la-loi-mathys-une-histoire-de-solidarite_4543843_4497916.html\"><span style=\"font-weight: 400;\">loi Mathys<\/span><\/a><span style=\"font-weight: 400;\"> cr\u00e9\u00e9e en 2014.\u00a0<\/span><\/p>\n<p><span style=\"font-weight: 400;\">Pour la petite histoire, cette loi tient son nom d\u2019un enfant tr\u00e8s malade, aujourd\u2019hui disparu. Le p\u00e8re de l\u2019enfant, qui travaillait \u00e0 l\u2019\u00e9poque dans la soci\u00e9t\u00e9 Badoit, s\u2019\u00e9tait vu offrir 170 jours de RTT par ses coll\u00e8gues.<\/span><\/p>\n<p><span style=\"font-weight: 400;\">Un pr\u00e9c\u00e9dent qui a donc donn\u00e9 naissance \u00e0 cette loi qui autorise d\u00e9sormais <\/span><b>le don de jours de repos \u00e0 un parent d&rsquo;un enfant gravement malade<\/b><span style=\"font-weight: 400;\">.<\/span><\/p>\n<p><span style=\"font-weight: 400;\">Si le salari\u00e9 peut librement renoncer \u00e0 ses jours de repos, il ne peut en revanche pas offrir tout ou partie de ses <\/span><b>4 premi\u00e8res semaines de cong\u00e9s pay\u00e9s<\/b><span style=\"font-weight: 400;\">.\u00a0<\/span><\/p>\n<p><b>\ud83d\udc49 \u00c0 noter <\/b><span style=\"font-weight: 400;\">: Le don de cong\u00e9s et de RTT n\u2019est possible qu\u2019entre coll\u00e8gues d\u2019une m\u00eame entreprise.<\/span><\/p>\n<h2>Quels types de cong\u00e9s peut-on offrir ?<\/h2>\n<p><span style=\"font-weight: 400;\">En principe, <\/span><b>la majorit\u00e9 des jours de cong\u00e9<\/b><span style=\"font-weight: 400;\"> peut \u00eatre c\u00e9d\u00e9e \u00e0 un coll\u00e8gue. <\/span><\/p>\n<p><span style=\"font-weight: 400;\">Mis \u00e0 part les 4 premi\u00e8res semaines de cong\u00e9s annuels que nous \u00e9voquions plus haut, la plupart des jours de repos sont transf\u00e9rables.<\/span><\/p>\n<p><span style=\"font-weight: 400;\">Cela concerne les situations suivantes :\u00a0<\/span><\/p>\n<ul>\n<li style=\"font-weight: 400;\" aria-level=\"1\"><span style=\"font-weight: 400;\">Cong\u00e9s pay\u00e9s \u00e0 partir de la 5e semaine ;<\/span><\/li>\n<li style=\"font-weight: 400;\" aria-level=\"1\"><span style=\"font-weight: 400;\">RTT ;\u00a0<\/span><\/li>\n<li style=\"font-weight: 400;\" aria-level=\"1\"><span style=\"font-weight: 400;\">Jours offerts par l&#8217;employeur ;<\/span><\/li>\n<li style=\"font-weight: 400;\" aria-level=\"1\"><span style=\"font-weight: 400;\">Journ\u00e9es de r\u00e9cup\u00e9ration ;<\/span><\/li>\n<li style=\"font-weight: 400;\" aria-level=\"1\"><span style=\"font-weight: 400;\">Jours compensateurs en cas d&rsquo;heures suppl\u00e9mentaires.<\/span><\/li>\n<\/ul>\n<p><span style=\"font-weight: 400;\">Il faut savoir que <\/span><b>n&rsquo;importe quel salari\u00e9 peut donner des jours<\/b><span style=\"font-weight: 400;\">, sans conditions particuli\u00e8res et peu importe l\u2019anciennet\u00e9.<\/span><\/p>\n \n <!--HubSpot Call-to-Action Code -->\n    <span class=\"hs-cta-wrapper\" id=\"hs-cta-wrapper-2ae258c5-f69a-40d9-ae88-ba3b7f79be05\">\n        <span class=\"hs-cta-node hs-cta-2ae258c5-f69a-40d9-ae88-ba3b7f79be05\" id=\"2ae258c5-f69a-40d9-ae88-ba3b7f79be05\">\n            <a href=\"https:\/\/cta-redirect.hubspot.com\/cta\/redirect\/4960096\/2ae258c5-f69a-40d9-ae88-ba3b7f79be05\">\n                <img decoding=\"async\" class=\"lazyload hs-cta-img\" id=\"hs-cta-img-2ae258c5-f69a-40d9-ae88-ba3b7f79be05\" style=\"border-width:0px;\" src=\"https:\/\/no-cache.hubspot.com\/cta\/default\/4960096\/2ae258c5-f69a-40d9-ae88-ba3b7f79be05.png\"  alt=\"banner conges\" width=\"900\" height=\"308\" \/>\n            <\/a>\n        <\/span>\n        <script type=\"text\/javascript\">\n            function loadCTA(){\n                window.hbspt.cta.load(4960096, '2ae258c5-f69a-40d9-ae88-ba3b7f79be05', {'region': 'eu1'})\n            }\n            if(window.hbspt){\n                loadCTA()\n            }else{\n                Defer.js(\n                    'https:\/\/js.hubspot.com\/cta\/current.js',\n                    'hubspotCTA', \n                    0, \n                    loadCTA\n                );\n            }\n        <\/script>\n    <\/span>\n<!-- end HubSpot Call-to-Action Code -->\n\n<h2>Comment fonctionne le don de RTT ?<\/h2>\n<p><a href=\"https:\/\/www.legifrance.gouv.fr\/jorf\/id\/JORFTEXT000028909824\">La loi Mathys<\/a> (9 mai 2014) est n\u00e9e apr\u00e8s l\u2019histoire d\u2019un salari\u00e9 de l\u2019entreprise Badoit dont l\u2019enfant est tomb\u00e9 gravement malade d\u2019un cancer et s\u2019est battu pendant 4 ans.<\/p>\n<p>Le salari\u00e9 de Badoit a re\u00e7u un don de 170 RTT offerts par ses coll\u00e8gues afin qu\u2019il puisse accompagner son enfant durant le traitement.<\/p>\n<p>Cette loi permet donc aux employ\u00e9s d\u2019une entreprise d\u2019<strong>offrir des jours de repos \u00e0 leurs coll\u00e8gues<\/strong> qui ont besoin de ce temps pour <strong>assister un proche<\/strong> ou <strong>un enfant gravement malade<\/strong>.<\/p>\n<p>Pour b\u00e9n\u00e9ficier du <a href=\"https:\/\/factorial.fr\/blog\/don-conges\/\">don de cong\u00e9s<\/a> et de RTT, l\u2019employ\u00e9 doit <strong>contacter son d\u00e9partement des ressources humaines<\/strong> et notifier son besoin de don.<\/p>\n<p>La demande doit \u00eatre accompagn\u00e9e d\u2019un <strong>certificat m\u00e9dical<\/strong> et d\u2019une <strong>preuve de son r\u00f4le d\u2019aidant<\/strong>.<\/p>\n<p>Une sp\u00e9cification du m\u00e9decin doit indiquer que la personne malade a besoin d\u2019un accompagnement.<\/p>\n<p>Enfin, l\u2019employeur doit <strong>autoriser la mise en place des dons<\/strong> dans son entreprise.<\/p>\n<p>Pour ce qu\u2019il s\u2019agit des conditions :<\/p>\n<ul>\n<li><strong>Aucune condition<\/strong> de type de contrats ou d\u2019anciennet\u00e9 n\u2019est n\u00e9cessaire dans le cas d\u2019un don pour s\u2019occuper d\u2019<strong>un enfant gravement malade.<\/strong><\/li>\n<li><strong>Un an d\u2019anciennet\u00e9<\/strong> est n\u00e9cessaire dans le cas d\u2019un don pour un proche aidant.<\/li>\n<\/ul>\n<p><!-- notionvc: b588de07-40c3-4a60-a6ea-fd071b9345c2 --><\/p>\n<h2>Dans quel cas peut-on faire un don de cong\u00e9s ?<\/h2>\n<p><span style=\"font-weight: 400;\">Les salari\u00e9s peuvent ainsi conc\u00e9der des jours de repos \u00e0 leurs compagnons de travail mais selon certaines conditions. <\/span><\/p>\n<p><span style=\"font-weight: 400;\">En effet, la loi autorise le dons de cong\u00e9s dans certains cas particuliers.<\/span><\/p>\n<h3>Enfant malade, handicap\u00e9 ou victime d\u2019un accident grave<\/h3>\n<p><span style=\"font-weight: 400;\">Parfois, il arrive qu\u2019un employ\u00e9 doive s\u2019absenter pour assister un enfant atteint d\u2019une maladie grave, d\u2019un handicap s\u00e9v\u00e8re ou victime d\u2019un accident particuli\u00e8rement grave.<\/span><\/p>\n<p><span style=\"font-weight: 400;\">Bien \u00e9videmment, ces conditions devront \u00eatre attest\u00e9es par un <\/span><b>certificat m\u00e9dical<\/b><span style=\"font-weight: 400;\">. Qui plus est, l\u2019enfant concern\u00e9 ne devra pas \u00eatre \u00e2g\u00e9 <\/span><b>de plus de 20 ans<\/b><span style=\"font-weight: 400;\">. <\/span><\/p>\n<p><span style=\"font-weight: 400;\">Aussi, les jours de cong\u00e9s annuels offerts ne devront pas d\u00e9passer la limite de <\/span><b>24 jours ouvrables<\/b><span style=\"font-weight: 400;\">.<\/span><\/p>\n<p>\u27a1\ufe0f <a href=\"https:\/\/factorial.fr\/blog\/conge-presence-parentale\/\">D\u00e9couvrez \u00e9galement le cong\u00e9 de pr\u00e9sence parentale<\/a>.<\/p>\n<h3>D\u00e9c\u00e8s d&rsquo;un enfant<\/h3>\n<p><span style=\"font-weight: 400;\">Dans une situation comme celle-ci, le salari\u00e9 pourra dans un premier temps b\u00e9n\u00e9ficier de <\/span><b>5 \u00e0 7 jours de cong\u00e9 d\u00e9c\u00e8s<\/b><span style=\"font-weight: 400;\"> mais \u00e9galement d\u2019un cong\u00e9 de deuil de 8 jours s\u2019il en a le besoin.<\/span><\/p>\n<p><span style=\"font-weight: 400;\">Ses collaborateurs pourront \u00e9galement lui offrir des jours si l\u2019enfant perdu \u00e9tait \u00e2g\u00e9 de <\/span><b>moins de 25 ans<\/b><span style=\"font-weight: 400;\">. <\/span><\/p>\n<p><span style=\"font-weight: 400;\">Ce transfert de jours est permis au cours de l&rsquo;ann\u00e9e suivant la date de la disparition.<\/span><\/p>\n<h3>Proche aidant<\/h3>\n<p><span style=\"font-weight: 400;\">Depuis 2018, la loi a \u00e9tendu le droit de donner ses jours de cong\u00e9 aux personnes en charge d\u2019un proche atteint d&rsquo;une perte d&rsquo;autonomie ou pr\u00e9sentant un handicap.<\/span><\/p>\n<p><span style=\"font-weight: 400;\">Ces salari\u00e9s b\u00e9n\u00e9ficiaires du <\/span><a href=\"https:\/\/factorial.fr\/blog\/conge-proche-aidant\/\"><span style=\"font-weight: 400;\">cong\u00e9 de proche aidant<\/span><\/a><span style=\"font-weight: 400;\"> pourront profiter du don de cong\u00e9s \u00e0 condition qu\u2019ils s&rsquo;occupent d\u2019un proche avec une <\/span><b>incapacit\u00e9 permanente d&rsquo;au moins 80 %<\/b><span style=\"font-weight: 400;\">.<\/span><\/p>\n<h3>R\u00e9serviste<\/h3>\n<p><span style=\"font-weight: 400;\">Il est possible de faire un don de RTT ou de cong\u00e9s \u00e0 un <\/span><b>coll\u00e8gue engag\u00e9 dans la r\u00e9serve militaire op\u00e9rationnelle<\/b><span style=\"font-weight: 400;\">.<\/span><\/p>\n<p><span style=\"font-weight: 400;\">Le transfert de ces jours en plus devrait lui permettre de r\u00e9aliser ses activit\u00e9s en tant que r\u00e9serviste.\u00a0<\/span><\/p>\n<h2>Quel impact sur le salaire ?<\/h2>\n<p><span style=\"font-weight: 400;\">Le salari\u00e9 d\u00e9tenteur d&rsquo;un don de cong\u00e9s ou RTT <\/span><b>conserve sa r\u00e9mun\u00e9ration<\/b><span style=\"font-weight: 400;\">. Consid\u00e9r\u00e9s comme des cong\u00e9s ordinaires, ils ont le m\u00eame statut.<\/span><\/p>\n<p><span style=\"font-weight: 400;\">Le b\u00e9n\u00e9ficiaire<\/span><b> conserve tous ses droits<\/b><span style=\"font-weight: 400;\"> et continue d\u2019<\/span><b>accumuler de l\u2019anciennet\u00e9<\/b><span style=\"font-weight: 400;\"> car ces absences sont assimil\u00e9es \u00e0 du travail effectif.<\/span><\/p>\n<p>Aussi, le collaborateur qui donne des jours n&rsquo;a pas droit \u00e0 des indemnit\u00e9s de cong\u00e9s. Vous n&rsquo;aurez pas ainsi pas \u00e0 faire le <a href=\"https:\/\/factorial.fr\/blog\/calcul-indemnite-conges-payes\/\">calcul des indemnit\u00e9s de cong\u00e9s pay\u00e9s<\/a> dans ce cas pr\u00e9cis.<\/p>\n<p>Par contre, vous devrez <strong>soustraire les jours de cong\u00e9s acquis du compteur du salari<\/strong>\u00e9 sur son bulletin de salaire.<\/p>\n<h2>Que se passe-t-il niveau comptabilit\u00e9 ?<\/h2>\n<p>Le don de jours de repos a des cons\u00e9quences sur les provisions comptables puisque les indemnit\u00e9s de cong\u00e9s pay\u00e9s envisag\u00e9es et le montant des indemnit\u00e9s vers\u00e9es seront diff\u00e9rents.<\/p>\n<p>Un employ\u00e9 b\u00e9n\u00e9ficiaire avec un revenu plus \u00e9lev\u00e9 que le salari\u00e9 donneur signifie que vous devrez <strong>assumer la diff\u00e9rence entre les deux salaires<\/strong>. Et \u00e0 l&rsquo;inverse, vous pourrez plut\u00f4t y gagner.<\/p>\n<p>Gardez \u00e9galement en t\u00eate que vos <strong>cotisations patronales sont affect\u00e9es<\/strong>. Un salaire plus cons\u00e9quent va les augmenter.<\/p>\n<h2>Comment organiser le don de cong\u00e9s pour votre entreprise ?<\/h2>\n<p><span style=\"font-weight: 400;\">Avant de conna\u00eetre les diverses d\u00e9marches pour organiser au mieux le don de cong\u00e9s au sein de votre soci\u00e9t\u00e9, pensez tout d\u2019abord \u00e0 <\/span><b>communiquer avec vos employ\u00e9s<\/b><span style=\"font-weight: 400;\">.<\/span><\/p>\n<p><span style=\"font-weight: 400;\">En effet, si cet \u00e9lan de solidarit\u00e9 peut \u00eatre de leur initiative, c\u2019est \u00e0 vous de la concr\u00e9tiser.<\/span><\/p>\n<p><span style=\"font-weight: 400;\">Expliquer \u00e0 vos \u00e9quipes le pourquoi de cette campagne de solidarit\u00e9 (en accord avec le ou les collaborateurs concern\u00e9s) et <\/span><b>d\u00e9tailler la proc\u00e9dure<\/b><span style=\"font-weight: 400;\">. <\/span><\/p>\n<p><span style=\"font-weight: 400;\">Utiliser un <\/span><a href=\"https:\/\/factorial.fr\/conge-absence-logiciel\"><span style=\"font-weight: 400;\">logiciel de gestion des cong\u00e9s<\/span><\/a><span style=\"font-weight: 400;\"> pour le suivi des vacances et absences peut s\u2019av\u00e9rer tr\u00e8s utile.<\/span><\/p>\n<p><span style=\"font-weight: 400;\">Les salari\u00e9s voulant participer n\u2019auront qu\u2019\u00e0 formuler leur demande et le nombre de jours qu\u2019ils souhaitent accorder.<\/span><b> <\/b><\/p>\n<p><b>Le don de cong\u00e9s peut \u00eatre fait anonymement<\/b><span style=\"font-weight: 400;\"> et n\u00e9cessite votre accord en tant qu\u2019employeur.<\/span><\/p>\n<p><span style=\"font-weight: 400;\">Bien \u00e9videmment, votre service RH sera d\u2019une grande aide dans <\/span><a href=\"https:\/\/factorial.fr\/blog\/gestion-conges-absences-guide\/\"><span style=\"font-weight: 400;\">la gestion des cong\u00e9s et absences<\/span><\/a><span style=\"font-weight: 400;\">. <\/span><\/p>\n<p><span style=\"font-weight: 400;\">Pour faciliter les \u00e9changes, pensez \u00e0 mettre \u00e0 la disposition de vos troupes un <\/span><b>outil simple et accessible \u00e0 tous<\/b><span style=\"font-weight: 400;\">.<\/span><\/p>\n<p><span style=\"font-weight: 400;\">Vous pourrez\u00a0 :<\/span><\/p>\n<ul>\n<li style=\"font-weight: 400;\" aria-level=\"1\"><span style=\"font-weight: 400;\">Indiquer les cong\u00e9s concern\u00e9s par les campagnes de dons ;<\/span><\/li>\n<li style=\"font-weight: 400;\" aria-level=\"1\"><span style=\"font-weight: 400;\">R\u00e9aliser un suivi des cong\u00e9s d\u00e9j\u00e0 offerts ;<\/span><\/li>\n<li style=\"font-weight: 400;\" aria-level=\"1\"><span style=\"font-weight: 400;\">D\u00e9tailler la proc\u00e9dure de don ;<\/span><\/li>\n<li style=\"font-weight: 400;\" aria-level=\"1\"><span style=\"font-weight: 400;\">Pr\u00e9ciser les r\u00e8gles sp\u00e9cifiques en vigueur ;<\/span><\/li>\n<li style=\"font-weight: 400;\" aria-level=\"1\"><span style=\"font-weight: 400;\">Automatiser la collecte de dons.<\/span><\/li>\n<\/ul>\n<p><span style=\"font-weight: 400;\">Une fois l\u2019outil et les r\u00e8gles fix\u00e9s, il sera plus simple de mettre en place votre syst\u00e8me de don de cong\u00e9s. <\/span><\/p>\n<p><span style=\"font-weight: 400;\">Les salari\u00e9s n\u2019auront qu\u2019\u00e0 indiquer les jours qu\u2019ils souhaitent offrir via <\/span><b>un questionnaire ou un tableau<\/b><span style=\"font-weight: 400;\">.<\/span><\/p>\n<p><span style=\"font-weight: 400;\">Une fois la requ\u00eate valid\u00e9e, il suffira d\u2019indiquer le nombre de cong\u00e9s distribu\u00e9s \u00e0 l\u2019employ\u00e9 b\u00e9n\u00e9ficiaire. <\/span><\/p>\n<p><span style=\"font-weight: 400;\">Gr\u00e2ce \u00e0 un logiciel SIRH, vous pourrez tracer les dons de journ\u00e9es et faciliter le travail de vos \u00e9quipes RH.<\/span><\/p>\n<h2>Pourquoi accepter le don de cong\u00e9s en tant qu\u2019entreprise ?<\/h2>\n<p><span style=\"font-weight: 400;\">En tant qu&#8217;employeur, vous g\u00e9rez des actifs mais surtout des humains. <\/span><\/p>\n<p><span style=\"font-weight: 400;\">Le <\/span><b>bien-\u00eatre en entreprise<\/b><span style=\"font-weight: 400;\"> est b\u00e9n\u00e9fique tant pour votre personnel que pour les performances de votre soci\u00e9t\u00e9.<\/span><\/p>\n<p><span style=\"font-weight: 400;\">C\u2019est pour cela d\u2019ailleurs qu\u2019il est essentiel de mettre en place une <\/span><span style=\"font-weight: 400;\">politique RH<\/span><span style=\"font-weight: 400;\"> digne de ce nom.<\/span><\/p>\n<p><span style=\"font-weight: 400;\">En offrant la possibilit\u00e9 de donner des RTT entre coll\u00e8gues, vous veillez donc \u00e0 la <\/span><b>sant\u00e9 physique et mentale des b\u00e9n\u00e9ficiaires<\/b><span style=\"font-weight: 400;\">. Mais \u00e9galement de l\u2019ensemble des collaborateurs.<\/span><\/p>\n<p><span style=\"font-weight: 400;\">Vous renforcez votre image de marque et faites preuve d\u2019humanisme. Autoriser le don de cong\u00e9s promeut une <\/span><b>culture de la bienveillance et de l\u2019esprit d\u2019\u00e9quipe<\/b><span style=\"font-weight: 400;\">.<\/span><\/p>\n<p><span style=\"font-weight: 400;\">Les retomb\u00e9es seront forc\u00e9ment positives. Notamment pour conserver les <\/span><span style=\"font-weight: 400;\">hauts potentiels<\/span><span style=\"font-weight: 400;\"> au sein de votre soci\u00e9t\u00e9.<\/span><\/p>\n<h2><a href=\"https:\/\/factorial.fr\/demander-demo\">Faites une d\u00e9mo gratuite de notre logiciel RH<\/a> \u2705<\/h2>\n","protected":false},"excerpt":{"rendered":"<p>Que ce soit par g\u00e9n\u00e9rosit\u00e9 ou par n\u00e9cessit\u00e9, il est possible pour un employ\u00e9 d&rsquo;offrir ses jours de repos \u00e0 ses collaborateurs. Le don de cong\u00e9s \u00e0 un coll\u00e8gue est l\u00e9galement autoris\u00e9 par une loi qui porte m\u00eame un nom : la loi Mathys. Il existe donc un moyen de faire offrande de ses jours<a href=\"https:\/\/factorial.fr\/blog\/don-conges\/\" class=\"read-more\"> [&#8230;]<\/a><\/p>\n","protected":false},"author":73,"featured_media":66619,"comment_status":"closed","ping_status":"closed","sticky":false,"template":"","format":"standard","meta":{"_acf_changed":false,"footnotes":""},"categories":[450,863],"tags":[],"class_list":["post-66618","post","type-post","status-publish","format-standard","has-post-thumbnail","hentry","category-conges-absences","category-temps"],"acf":{"topics":"time-time-off"},"yoast_head":"<!-- This site is optimized with the Yoast SEO Premium plugin v21.5 (Yoast SEO v21.9.1) - https:\/\/yoast.com\/wordpress\/plugins\/seo\/ -->\n<title>Don de cong\u00e9s \u00e0 un coll\u00e8gue : fonctionnement | Factorial<\/title>\n<meta name=\"description\" content=\"Faire un don de cong\u00e9s ou de RTT \u00e0 un coll\u00e8gue consiste \u00e0 renoncer \u00e0 certains jours de repos dont il profitera dans des cas particuliers.\" \/>\n<meta name=\"robots\" content=\"index, follow, max-snippet:-1, max-image-preview:large, max-video-preview:-1\" \/>\n<link rel=\"canonical\" href=\"https:\/\/factorial.fr\/blog\/don-conges\/\" \/>\n<meta property=\"og:locale\" content=\"fr_FR\" \/>\n<meta property=\"og:type\" content=\"article\" \/>\n<meta property=\"og:title\" content=\"Don de cong\u00e9s \u00e0 un coll\u00e8gue : principes et fonctionnement\" \/>\n<meta property=\"og:description\" content=\"Faire un don de cong\u00e9s ou de RTT \u00e0 un coll\u00e8gue consiste \u00e0 renoncer \u00e0 certains jours de repos dont il profitera dans des cas particuliers.\" \/>\n<meta property=\"og:url\" content=\"https:\/\/factorial.fr\/blog\/don-conges\/\" \/>\n<meta property=\"og:site_name\" content=\"Factorial\" \/>\n<meta property=\"article:publisher\" content=\"https:\/\/www.facebook.com\/people\/Factorial\/100064908455810\/\" \/>\n<meta property=\"article:published_time\" content=\"2022-02-04T10:32:22+00:00\" \/>\n<meta property=\"article:modified_time\" content=\"2024-11-29T16:52:39+00:00\" \/>\n<meta property=\"og:image\" content=\"https:\/\/factorial.fr\/wp-content\/uploads\/2022\/02\/04122834\/don-de-conges.jpg\" \/>\n\t<meta property=\"og:image:width\" content=\"830\" \/>\n\t<meta property=\"og:image:height\" content=\"400\" \/>\n\t<meta property=\"og:image:type\" content=\"image\/jpeg\" \/>\n<meta name=\"author\" content=\"Beatrice Roulleau\" \/>\n<meta name=\"twitter:card\" content=\"summary_large_image\" \/>\n<meta name=\"twitter:creator\" content=\"@factorialapp\" \/>\n<meta name=\"twitter:site\" content=\"@factorialapp\" \/>\n<meta name=\"twitter:label1\" content=\"Written by\" \/>\n\t<meta name=\"twitter:data1\" content=\"Beatrice Roulleau\" \/>\n\t<meta name=\"twitter:label2\" content=\"Est. reading time\" \/>\n\t<meta name=\"twitter:data2\" content=\"8 minutes\" \/>\n<script type=\"application\/ld+json\" class=\"yoast-schema-graph\">{\"@context\":\"https:\/\/schema.org\",\"@graph\":[{\"@type\":\"Article\",\"@id\":\"https:\/\/factorial.fr\/blog\/don-conges\/#article\",\"isPartOf\":{\"@id\":\"https:\/\/factorial.fr\/blog\/don-conges\/\"},\"author\":{\"name\":\"Beatrice Roulleau\",\"@id\":\"https:\/\/factorial.fr\/blog\/#\/schema\/person\/938d2017403eaa74f191e510d89dce25\"},\"headline\":\"Don de cong\u00e9s \u00e0 un coll\u00e8gue : principes et fonctionnement\",\"datePublished\":\"2022-02-04T10:32:22+00:00\",\"dateModified\":\"2024-11-29T16:52:39+00:00\",\"mainEntityOfPage\":{\"@id\":\"https:\/\/factorial.fr\/blog\/don-conges\/\"},\"wordCount\":1932,\"publisher\":{\"@id\":\"https:\/\/factorial.fr\/blog\/#organization\"},\"articleSection\":[\"Cong\u00e9s et absences\",\"Gestion du temps\"],\"inLanguage\":\"fr-FR\"},{\"@type\":\"WebPage\",\"@id\":\"https:\/\/factorial.fr\/blog\/don-conges\/\",\"url\":\"https:\/\/factorial.fr\/blog\/don-conges\/\",\"name\":\"Don de cong\u00e9s \u00e0 un coll\u00e8gue : fonctionnement | Factorial\",\"isPartOf\":{\"@id\":\"https:\/\/factorial.fr\/blog\/#website\"},\"datePublished\":\"2022-02-04T10:32:22+00:00\",\"dateModified\":\"2024-11-29T16:52:39+00:00\",\"description\":\"Faire un don de cong\u00e9s ou de RTT \u00e0 un coll\u00e8gue consiste \u00e0 renoncer \u00e0 certains jours de repos dont il profitera dans des cas particuliers.\",\"inLanguage\":\"fr-FR\",\"potentialAction\":[{\"@type\":\"ReadAction\",\"target\":[\"https:\/\/factorial.fr\/blog\/don-conges\/\"]}]},{\"@type\":\"WebSite\",\"@id\":\"https:\/\/factorial.fr\/blog\/#website\",\"url\":\"https:\/\/factorial.fr\/blog\/\",\"name\":\"Factorial\",\"description\":\"\",\"publisher\":{\"@id\":\"https:\/\/factorial.fr\/blog\/#organization\"},\"potentialAction\":[{\"@type\":\"SearchAction\",\"target\":{\"@type\":\"EntryPoint\",\"urlTemplate\":\"https:\/\/factorial.fr\/blog\/?s={search_term_string}\"},\"query-input\":\"required name=search_term_string\"}],\"inLanguage\":\"fr-FR\"},{\"@type\":\"Organization\",\"@id\":\"https:\/\/factorial.fr\/blog\/#organization\",\"name\":\"All-in-one business management software - Factorial\",\"url\":\"https:\/\/factorial.fr\/blog\/\",\"logo\":{\"@type\":\"ImageObject\",\"inLanguage\":\"fr-FR\",\"@id\":\"https:\/\/factorial.fr\/blog\/#\/schema\/logo\/image\/\",\"url\":\"https:\/\/factorial.fr\/wp-content\/uploads\/2023\/07\/18155144\/factorial-logo.png\",\"contentUrl\":\"https:\/\/factorial.fr\/wp-content\/uploads\/2023\/07\/18155144\/factorial-logo.png\",\"width\":946,\"height\":880,\"caption\":\"All-in-one business management software - Factorial\"},\"image\":{\"@id\":\"https:\/\/factorial.fr\/blog\/#\/schema\/logo\/image\/\"},\"sameAs\":[\"https:\/\/www.facebook.com\/people\/Factorial\/100064908455810\/\",\"https:\/\/twitter.com\/factorialapp\",\"https:\/\/www.linkedin.com\/company\/factorialhr\",\"https:\/\/www.youtube.com\/@factorialmedia\",\"https:\/\/www.instagram.com\/factorial\/#\"]},{\"@type\":\"Person\",\"@id\":\"https:\/\/factorial.fr\/blog\/#\/schema\/person\/938d2017403eaa74f191e510d89dce25\",\"name\":\"Beatrice Roulleau\",\"image\":{\"@type\":\"ImageObject\",\"inLanguage\":\"fr-FR\",\"@id\":\"https:\/\/factorial.fr\/blog\/#\/schema\/person\/image\/\",\"url\":\"https:\/\/secure.gravatar.com\/avatar\/bddf703f0ce7cde7557f1dd2cd50065d?s=96&d=identicon&r=g\",\"contentUrl\":\"https:\/\/secure.gravatar.com\/avatar\/bddf703f0ce7cde7557f1dd2cd50065d?s=96&d=identicon&r=g\",\"caption\":\"Beatrice Roulleau\"},\"description\":\"B\u00e9atrice est senior content manager chez Factorial. Sa principale mission : vous inviter \u00e0 venir, vous donner envie de rester et vous inciter \u00e0 revenir. Elle a commenc\u00e9 son aventure dans les ressources humaines il y a environ 6 ans et \u00e7a continue ! Comme une voiture tout-terrain, elle raffole du hors-piste et n'h\u00e9site pas \u00e0 se frotter \u00e0 d'autres univers (elle \u00e9tait \u00e0 une \u00e9poque une commerciale acharn\u00e9e qui n\u00e9gociait la vente de formations professionnelles).\",\"sameAs\":[\"https:\/\/fr.linkedin.com\/in\/beatriceroulleau\/\"],\"url\":\"https:\/\/factorial.fr\/blog\/author\/beatrice-roulleau\/\"}]}<\/script>\n<!-- \/ Yoast SEO Premium plugin. -->","yoast_head_json":{"title":"Don de cong\u00e9s \u00e0 un coll\u00e8gue : fonctionnement | Factorial","description":"Faire un don de cong\u00e9s ou de RTT \u00e0 un coll\u00e8gue consiste \u00e0 renoncer \u00e0 certains jours de repos dont il profitera dans des cas particuliers.","robots":{"index":"index","follow":"follow","max-snippet":"max-snippet:-1","max-image-preview":"max-image-preview:large","max-video-preview":"max-video-preview:-1"},"canonical":"https:\/\/factorial.fr\/blog\/don-conges\/","og_locale":"fr_FR","og_type":"article","og_title":"Don de cong\u00e9s \u00e0 un coll\u00e8gue : principes et fonctionnement","og_description":"Faire un don de cong\u00e9s ou de RTT \u00e0 un coll\u00e8gue consiste \u00e0 renoncer \u00e0 certains jours de repos dont il profitera dans des cas particuliers.","og_url":"https:\/\/factorial.fr\/blog\/don-conges\/","og_site_name":"Factorial","article_publisher":"https:\/\/www.facebook.com\/people\/Factorial\/100064908455810\/","article_published_time":"2022-02-04T10:32:22+00:00","article_modified_time":"2024-11-29T16:52:39+00:00","og_image":[{"width":830,"height":400,"url":"https:\/\/factorial.fr\/wp-content\/uploads\/2022\/02\/04122834\/don-de-conges.jpg","type":"image\/jpeg"}],"author":"Beatrice Roulleau","twitter_card":"summary_large_image","twitter_creator":"@factorialapp","twitter_site":"@factorialapp","twitter_misc":{"Written by":"Beatrice Roulleau","Est. reading time":"8 minutes"},"schema":{"@context":"https:\/\/schema.org","@graph":[{"@type":"Article","@id":"https:\/\/factorial.fr\/blog\/don-conges\/#article","isPartOf":{"@id":"https:\/\/factorial.fr\/blog\/don-conges\/"},"author":{"name":"Beatrice Roulleau","@id":"https:\/\/factorial.fr\/blog\/#\/schema\/person\/938d2017403eaa74f191e510d89dce25"},"headline":"Don de cong\u00e9s \u00e0 un coll\u00e8gue : principes et fonctionnement","datePublished":"2022-02-04T10:32:22+00:00","dateModified":"2024-11-29T16:52:39+00:00","mainEntityOfPage":{"@id":"https:\/\/factorial.fr\/blog\/don-conges\/"},"wordCount":1932,"publisher":{"@id":"https:\/\/factorial.fr\/blog\/#organization"},"articleSection":["Cong\u00e9s et absences","Gestion du temps"],"inLanguage":"fr-FR"},{"@type":"WebPage","@id":"https:\/\/factorial.fr\/blog\/don-conges\/","url":"https:\/\/factorial.fr\/blog\/don-conges\/","name":"Don de cong\u00e9s \u00e0 un coll\u00e8gue : fonctionnement | Factorial","isPartOf":{"@id":"https:\/\/factorial.fr\/blog\/#website"},"datePublished":"2022-02-04T10:32:22+00:00","dateModified":"2024-11-29T16:52:39+00:00","description":"Faire un don de cong\u00e9s ou de RTT \u00e0 un coll\u00e8gue consiste \u00e0 renoncer \u00e0 certains jours de repos dont il profitera dans des cas particuliers.","inLanguage":"fr-FR","potentialAction":[{"@type":"ReadAction","target":["https:\/\/factorial.fr\/blog\/don-conges\/"]}]},{"@type":"WebSite","@id":"https:\/\/factorial.fr\/blog\/#website","url":"https:\/\/factorial.fr\/blog\/","name":"Factorial","description":"","publisher":{"@id":"https:\/\/factorial.fr\/blog\/#organization"},"potentialAction":[{"@type":"SearchAction","target":{"@type":"EntryPoint","urlTemplate":"https:\/\/factorial.fr\/blog\/?s={search_term_string}"},"query-input":"required name=search_term_string"}],"inLanguage":"fr-FR"},{"@type":"Organization","@id":"https:\/\/factorial.fr\/blog\/#organization","name":"All-in-one business management software - Factorial","url":"https:\/\/factorial.fr\/blog\/","logo":{"@type":"ImageObject","inLanguage":"fr-FR","@id":"https:\/\/factorial.fr\/blog\/#\/schema\/logo\/image\/","url":"https:\/\/factorial.fr\/wp-content\/uploads\/2023\/07\/18155144\/factorial-logo.png","contentUrl":"https:\/\/factorial.fr\/wp-content\/uploads\/2023\/07\/18155144\/factorial-logo.png","width":946,"height":880,"caption":"All-in-one business management software - Factorial"},"image":{"@id":"https:\/\/factorial.fr\/blog\/#\/schema\/logo\/image\/"},"sameAs":["https:\/\/www.facebook.com\/people\/Factorial\/100064908455810\/","https:\/\/twitter.com\/factorialapp","https:\/\/www.linkedin.com\/company\/factorialhr","https:\/\/www.youtube.com\/@factorialmedia","https:\/\/www.instagram.com\/factorial\/#"]},{"@type":"Person","@id":"https:\/\/factorial.fr\/blog\/#\/schema\/person\/938d2017403eaa74f191e510d89dce25","name":"Beatrice Roulleau","image":{"@type":"ImageObject","inLanguage":"fr-FR","@id":"https:\/\/factorial.fr\/blog\/#\/schema\/person\/image\/","url":"https:\/\/secure.gravatar.com\/avatar\/bddf703f0ce7cde7557f1dd2cd50065d?s=96&d=identicon&r=g","contentUrl":"https:\/\/secure.gravatar.com\/avatar\/bddf703f0ce7cde7557f1dd2cd50065d?s=96&d=identicon&r=g","caption":"Beatrice Roulleau"},"description":"B\u00e9atrice est senior content manager chez Factorial. Sa principale mission : vous inviter \u00e0 venir, vous donner envie de rester et vous inciter \u00e0 revenir. Elle a commenc\u00e9 son aventure dans les ressources humaines il y a environ 6 ans et \u00e7a continue ! Comme une voiture tout-terrain, elle raffole du hors-piste et n'h\u00e9site pas \u00e0 se frotter \u00e0 d'autres univers (elle \u00e9tait \u00e0 une \u00e9poque une commerciale acharn\u00e9e qui n\u00e9gociait la vente de formations professionnelles).","sameAs":["https:\/\/fr.linkedin.com\/in\/beatriceroulleau\/"],"url":"https:\/\/factorial.fr\/blog\/author\/beatrice-roulleau\/"}]}},"_links":{"self":[{"href":"https:\/\/factorial.fr\/blog\/wp-json\/wp\/v2\/posts\/66618"}],"collection":[{"href":"https:\/\/factorial.fr\/blog\/wp-json\/wp\/v2\/posts"}],"about":[{"href":"https:\/\/factorial.fr\/blog\/wp-json\/wp\/v2\/types\/post"}],"author":[{"embeddable":true,"href":"https:\/\/factorial.fr\/blog\/wp-json\/wp\/v2\/users\/73"}],"replies":[{"embeddable":true,"href":"https:\/\/factorial.fr\/blog\/wp-json\/wp\/v2\/comments?post=66618"}],"version-history":[{"count":18,"href":"https:\/\/factorial.fr\/blog\/wp-json\/wp\/v2\/posts\/66618\/revisions"}],"predecessor-version":[{"id":146039,"href":"https:\/\/factorial.fr\/blog\/wp-json\/wp\/v2\/posts\/66618\/revisions\/146039"}],"wp:featuredmedia":[{"embeddable":true,"href":"https:\/\/factorial.fr\/blog\/wp-json\/wp\/v2\/media\/66619"}],"wp:attachment":[{"href":"https:\/\/factorial.fr\/blog\/wp-json\/wp\/v2\/media?parent=66618"}],"wp:term":[{"taxonomy":"category","embeddable":true,"href":"https:\/\/factorial.fr\/blog\/wp-json\/wp\/v2\/categories?post=66618"},{"taxonomy":"post_tag","embeddable":true,"href":"https:\/\/factorial.fr\/blog\/wp-json\/wp\/v2\/tags?post=66618"}],"curies":[{"name":"wp","href":"https:\/\/api.w.org\/{rel}","templated":true}]}}