{"id":39935,"date":"2021-03-07T14:42:23","date_gmt":"2021-03-07T12:42:23","guid":{"rendered":"https:\/\/factorialhr.com\/blog\/?p=39935"},"modified":"2026-03-26T12:31:31","modified_gmt":"2026-03-26T10:31:31","slug":"samedi-jour-ouvre","status":"publish","type":"post","link":"https:\/\/factorial.fr\/blog\/samedi-jour-ouvre\/","title":{"rendered":"Le samedi est-il compt\u00e9 dans les jours de cong\u00e9s ?"},"content":{"rendered":"<p>Lors de la planification des vacances, la grande question est de savoir si le samedi est inclus dans les cong\u00e9s pay\u00e9s. Comprendre comment les jours ouvrables sont compt\u00e9s peut \u00e9viter des surprises d\u00e9sagr\u00e9ables.<\/p>\n<p>Dans cet article, nous examinerons en d\u00e9tail si le samedi est consid\u00e9r\u00e9 comme un jour de <a href=\"https:\/\/factorial.fr\/blog\/conges-payes\/\">cong\u00e9 pay\u00e9<\/a> et comment cela peut affecter les vacances des salari\u00e9s.<\/p>\n<div class=\"factorial-banner inline-banner banner-demo category-conges-et-absences\"\n    data-banner-id=\"173764\"\n    data-banner-type=\"demo\"\n    data-category=\"Cong\u00e9s et absences\">\n    <div class=\"banner-content\">\n        <div class=\"banner-text\">\n                            <h4>Demandez et approuvez les absences en toute simplicit\u00e9 avec Factorial.<\/h4>\n            \n            \n                            <a href=\"https:\/\/factorial.fr\/demander-demo\"\n                    class=\"factorial-cta-button not-prose demo btn-brand\" data-cta=\"demo\" data-cta-position=\"inline-banner\">\n                    Demander une d\u00e9mo                <\/a>\n                    <\/div>\n\n        <div class=\"banner-image has-image\">\n            <img decoding=\"async\" src=\"https:\/\/factorialhr.com\/wp-content\/uploads\/2025\/11\/26115816\/time-off.png\" class=\"not-prose\" \/>\n        <\/div>\n    <\/div>\n<\/div>\n<div class=\"js-toc toc\">\n<p class=\"js-toc-title toc__title\">Table des mati\u00e8res<\/p>\n<nav id=\"fac_toc_nav\" class=\"js-toc-nav toc__nav\" aria-label=\"Table des mati\u00e8res\"><ol class=\"toc__list toc__list--level-1\"><li class=\"toc-heading-level-2\"><a class=\"toc__link toc-link-heading-1\" href=\"https:\/\/factorial.fr\/blog\/samedi-jour-ouvre\/#comment-decompter-les-conges-payes\" title=\"Comment d\u00e9compter les cong\u00e9s pay\u00e9s ?\" data-target-id=\"comment-decompter-les-conges-payes\">Comment d\u00e9compter les cong\u00e9s pay\u00e9s ?<\/a><\/li><li class=\"toc-heading-level-2\"><a class=\"toc__link toc-link-heading-2\" href=\"https:\/\/factorial.fr\/blog\/samedi-jour-ouvre\/#pourquoi-25-jours-de-conges-payes\" title=\"Pourquoi 25 jours de cong\u00e9s pay\u00e9s ?\" data-target-id=\"pourquoi-25-jours-de-conges-payes\">Pourquoi 25 jours de cong\u00e9s pay\u00e9s ?<\/a><\/li><li class=\"toc-heading-level-2\"><a class=\"toc__link toc-link-heading-3\" href=\"https:\/\/factorial.fr\/blog\/samedi-jour-ouvre\/#la-regle-des-5-samedis\" title=\"La r\u00e8gle des 5 samedis\" data-target-id=\"la-regle-des-5-samedis\">La r\u00e8gle des 5 samedis<\/a><\/li><li class=\"toc-heading-level-2\"><a class=\"toc__link toc-link-heading-4\" href=\"https:\/\/factorial.fr\/blog\/samedi-jour-ouvre\/#le-samedi-est-il-un-jour-ouvre-ou-ouvrable\" title=\"Le samedi est-il un jour ouvr\u00e9 ou ouvrable ?\" data-target-id=\"le-samedi-est-il-un-jour-ouvre-ou-ouvrable\">Le samedi est-il un jour ouvr\u00e9 ou ouvrable ?<\/a><\/li><li class=\"toc-heading-level-2\"><a class=\"toc__link toc-link-heading-5\" href=\"https:\/\/factorial.fr\/blog\/samedi-jour-ouvre\/#quand-le-15-aout-tombe-un-samedi\" title=\"Quand le 15 ao\u00fbt tombe un samedi ?\" data-target-id=\"quand-le-15-aout-tombe-un-samedi\">Quand le 15 ao\u00fbt tombe un samedi ?<\/a><\/li><\/ol><\/nav><\/div>\n<h2>Comment d\u00e9compter les cong\u00e9s pay\u00e9s ?<\/h2>\n<p>Le <a href=\"https:\/\/factorial.fr\/blog\/decompte-conges-payes\/\">d\u00e9compte des cong\u00e9s pay\u00e9s<\/a>, m\u00eame dans le cadre de <a href=\"https:\/\/factorial.fr\/blog\/jours-fractionnement\/\">jours de fractionnement,<\/a> se fait g\u00e9n\u00e9ralement en jours ouvrables. Cela d\u00e9pend des entreprises. Certaines font un <strong>d\u00e9compte des cong\u00e9s en jours ouvr\u00e9s<\/strong>.<\/p>\n<p>On entend par jours ouvrables les jours qui sont habituellement travaill\u00e9s, \u00e0 savoir 6 jours par semaine (g\u00e9n\u00e9ralement du lundi au samedi). Il existe d\u2019ailleurs une diff\u00e9rence entre <a href=\"https:\/\/factorial.fr\/blog\/jours-ouvres-jours-ouvrables\/\">jours ouvrables et jours ouvr\u00e9s<\/a>.<\/p>\n<h3>D\u00e9compte en jours ouvr\u00e9s<\/h3>\n<p>Comment se passe le d\u00e9compte des cong\u00e9s pay\u00e9s en jours ouvr\u00e9s ? Pour y r\u00e9pondre, on doit d\u2019abord d\u00e9limiter ce qu\u2019est un jour ouvr\u00e9.<\/p>\n<p>Il s\u2019agit d\u2019un jour qui est travaill\u00e9 dans l\u2019entreprise. Ainsi, si on a 6 jours ouvrables (du lundi au samedi) dans une semaine, cela correspond en g\u00e9n\u00e9ral \u00e0 5 jours ouvr\u00e9s (du lundi au vendredi) m\u00eame si parfois le samedi peut \u00eatre un jour ouvr\u00e9.<\/p>\n<p>Si ce mode de <strong>d\u00e9compte de cong\u00e9s pay\u00e9s<\/strong> est choisi par l\u2019employeur, il faudra que les ressources humaines s\u2019assurent qu\u2019il offre bien un nombre de jours de cong\u00e9 qui est au moins \u00e9quivalent au mode de calcul qui prend les jours ouvrables en compte.<\/p>\n<p>Si jamais un litige venait \u00e0 se pr\u00e9senter, l\u2019entreprise devra apporter des preuves que les salari\u00e9s ont re\u00e7u <strong>30 jours de cong\u00e9s pay\u00e9s<\/strong> en jours ouvrables, m\u00eame dans le cas o\u00f9 elle utiliserait une m\u00e9thode de d\u00e9compte par <strong>jours ouvr\u00e9s<\/strong> au quotidien.<\/p>\n<p><strong>Combien de jours ouvr\u00e9s en 2026 ?<\/strong><\/p>\n<p>En 2026, on compte 252 jours ouvr\u00e9s et 113 <a href=\"https:\/\/factorial.fr\/blog\/jours-non-travailles\/\">jours non ouvr\u00e9s<\/a> entre le jeudi 1er janvier 2026 inclus et le jeudi 31 d\u00e9cembre 2026 inclus.<\/p>\n<h3>D\u00e9compte en jours ouvrables<\/h3>\n<p>Pour le <strong>d\u00e9compte de jours de cong\u00e9s pay\u00e9s<\/strong> en jours ouvrables, il faudra prendre en compte les 6 jours ouvrables de la semaine (du lundi au samedi) ainsi que les jours de <a href=\"https:\/\/factorial.fr\/blog\/repos-hebdomadaire\/\">repos hebdomadaire<\/a> suppl\u00e9mentaires.<\/p>\n<p>\u00c0 titre de rappel, les jours ouvrables sont les jours qui ne sont pas d\u00e9di\u00e9s au repos hebdomadaire l\u00e9gal (le dimanche), ch\u00f4m\u00e9s habituellement dans l\u2019entreprise ou reconnus f\u00e9ri\u00e9s par la loi.<\/p>\n<p>M\u00eame si le salari\u00e9 a deux jours de repos hebdomadaire par semaine, il lui sera toujours d\u00e9compt\u00e9 6 jours ouvrables de cong\u00e9 pay\u00e9. Techniquement, si le <strong>d\u00e9compte de cong\u00e9s pay\u00e9s en jours ouvrables commence un samedi<\/strong>, ce jour n\u2019est pas comptabilis\u00e9.<\/p>\n<p>Le point de d\u00e9part du cong\u00e9 sera forc\u00e9ment un jour travaill\u00e9 au sein de l\u2019entreprise. Cependant, si le dernier jour de cong\u00e9 tombe un jour ouvrable, mais qui n\u2019est pas travaill\u00e9 dans l\u2019entreprise, le cong\u00e9 du salari\u00e9 ne sera pas prolong\u00e9 d\u2019une journ\u00e9e.<\/p>\n<p>En suivant cette logique, mis \u00e0 part si le premier jour de cong\u00e9 est un jour ouvrable qui est non travaill\u00e9, tous les samedis ou lundis de cong\u00e9s (les derniers de la p\u00e9riode du cong\u00e9 y compris) doivent \u00eatre compt\u00e9s.<\/p>\n<p>Vous pourrez voir plus de d\u00e9tails sur les textes de loi concernant le sujet sur <a href=\"https:\/\/www.legifrance.gouv.fr\/conv_coll\/id\/KALISCTA000035318516\/?idConteneur=KALICONT000035385554#:~:text=Lorsque%20le%20cong%C3%A9%20principal%20est,avec%20l%E2%80%99accord%20du%20salari%C3%A9.&amp;text=Ce%20cong%C3%A9%20est%20r%C3%A9duit%20%C3%A0,n%E2%80%99exc%C3%A8de%20pas%206%20jours.\" target=\"_blank\" rel=\"noopener\">le site officiel du gouvernement fran\u00e7ais<\/a>. Pour aller plus loin sur les modalit\u00e9s de calcul selon le type de contrat, consultez notre guide sur le <a href=\"https:\/\/factorial.fr\/blog\/calcul-decompte-conges-payes-temps-partiel-guide\/\">d\u00e9compte des cong\u00e9s pay\u00e9s \u00e0 temps partiel<\/a>.<\/p>\n<h3>Exemple de d\u00e9compte<\/h3>\n<p>Prenons un exemple d\u2019une entreprise qui travaille g\u00e9n\u00e9ralement 5 jours par semaine, avec le samedi et le dimanche comme jour de repos.<\/p>\n<p>Si le salari\u00e9 demande un cong\u00e9 le vendredi, on devra d\u00e9compter 2 jours ouvrables de cong\u00e9 pay\u00e9.<\/p>\n<p>Dans ce cas pr\u00e9cis, le samedi devra \u00eatre pris en compte, car il suit directement un jour de cong\u00e9.<\/p>\n<p>Dans un autre cas, si le salari\u00e9 d\u00e9cide de prendre un cong\u00e9 le lundi afin d\u2019obtenir un week-end de 3 jours, seul un <strong>jour ouvrable de cong\u00e9s pay\u00e9s<\/strong> lui sera d\u00e9compt\u00e9, \u00e9tant donn\u00e9 que le dimanche n\u2019est pas un jour ouvrable.<\/p>\n<p>\ud83d\ude80 Avec Factorial, <a href=\"https:\/\/help.factorialhr.com\/fr_FR\/parametres-des-conges-et-absences\/comment-configurer-les-jours-ouvrables-et-les-jours-ouvres\">vous pouvez configurer vos plannings en jours ouvrables ou jours ouvr\u00e9s<\/a> selon vos besoins !<\/p>\n<p>Gardez le contr\u00f4le avec un <a href=\"https:\/\/factorial.fr\/\">logiciel gestion entreprise<\/a> intuitif.<\/p>\n<h2>Pourquoi 25 jours de cong\u00e9s pay\u00e9s ?<\/h2>\n<p>Le Code du travail pr\u00e9voit le <strong>d\u00e9compte des cong\u00e9s pay\u00e9s en <\/strong>jours ouvrables et jours ouvr\u00e9s.<\/p>\n<p>De ce fait, un salari\u00e9 a donc le droit \u00e0 un cong\u00e9 de 2,5 jours ouvrables chaque mois de travail effectif au sein d\u2019une m\u00eame entreprise, ce qui donne <strong>30 jours ouvrables<\/strong> sur une ann\u00e9e.<\/p>\n<p>Ceci dit, l\u2019employeur peut d\u00e9cider de <strong>d\u00e9compter les cong\u00e9s pay\u00e9s en jours ouvr\u00e9s<\/strong>, ce qui signifie que le salari\u00e9 aura droit \u00e0 25 jours ouvr\u00e9s de cong\u00e9 pay\u00e9.<\/p>\n<p>Si le salari\u00e9 n\u2019a pas sold\u00e9 tous ses cong\u00e9s, vous pouvez lui accorder des <a href=\"https:\/\/factorial.fr\/blog\/jours-fractionnement\/\">jours de fractionnement<\/a>.<\/p>\n<h2>La r\u00e8gle des 5 samedis<\/h2>\n<p>Le Code du travail ne fixe aucune limite explicite quant au nombre de samedis pouvant \u00eatre d\u00e9compt\u00e9s sur la p\u00e9riode de r\u00e9f\u00e9rence. Ce que l&rsquo;on appelle couramment \u00ab la r\u00e8gle des 5 samedis \u00bb ne figure dans aucun texte l\u00e9gal : elle d\u00e9coule d&rsquo;une logique arithm\u00e9tique, et ne s&rsquo;applique comme contrainte que si une convention collective ou un accord d&rsquo;entreprise la pr\u00e9voit express\u00e9ment.<\/p>\n<p>En l&rsquo;absence d&rsquo;accord collectif contraire, si un salari\u00e9 prend des cong\u00e9s par semaines incompl\u00e8tes, le d\u00e9compte du samedi reste soumis aux r\u00e8gles habituelles des jours ouvrables, sans plafond automatique \u00e0 5.<\/p>\n<p>Ces derniers sont consid\u00e9r\u00e9s comme des cong\u00e9s, m\u00eame si un salari\u00e9 ne travaille pas le samedi.<\/p>\n<div class=\"factorial-banner inline-banner banner-demo category-conges-et-absences\"\n    data-banner-id=\"173764\"\n    data-banner-type=\"demo\"\n    data-category=\"Cong\u00e9s et absences\">\n    <div class=\"banner-content\">\n        <div class=\"banner-text\">\n                            <h4>Demandez et approuvez les absences en toute simplicit\u00e9 avec Factorial.<\/h4>\n            \n            \n                            <a href=\"https:\/\/factorial.fr\/demander-demo\"\n                    class=\"factorial-cta-button not-prose demo btn-brand\" data-cta=\"demo\" data-cta-position=\"inline-banner\">\n                    Demander une d\u00e9mo                <\/a>\n                    <\/div>\n\n        <div class=\"banner-image has-image\">\n            <img decoding=\"async\" src=\"https:\/\/factorialhr.com\/wp-content\/uploads\/2025\/11\/26115816\/time-off.png\" class=\"not-prose\" \/>\n        <\/div>\n    <\/div>\n<\/div>\n<h2>Le samedi est-il un jour ouvr\u00e9 ou ouvrable ?<\/h2>\n<p>Pour savoir si le samedi est un jour ouvr\u00e9 et donc d\u00e9compt\u00e9 comme un jour de cong\u00e9s pay\u00e9s, il faudra se tourner vers les fondamentaux de l\u2019organisation du travail et du temps au sein de l\u2019entreprise ainsi que vers la date du d\u00e9but des cong\u00e9s.<\/p>\n<p>Un jour ouvr\u00e9 est un jour travaill\u00e9 dans l\u2019entreprise, soit du lundi au vendredi inclus. Un jour f\u00e9ri\u00e9 d\u2019ordinaire non travaill\u00e9 ne rentre pas en compte. Dans certains secteurs, comme le commerce , ou le BTP (qui\u00a0 peuvent travailler du mardi au samedi ), le samedi est un jour ouvr\u00e9. C&rsquo;est notamment le cas dans certaines entreprises assujetties \u00e0 des <a href=\"https:\/\/factorial.fr\/blog\/travail-horaires-decales\/\">horaires d\u00e9cal\u00e9s<\/a> ou \u00e0 des conventions sp\u00e9cifiques, comme les<a href=\"https:\/\/factorial.fr\/blog\/conges-payes-btp-2026-droits-calcul-obligations\/\"> cong\u00e9s pay\u00e9s BTP<\/a>.<\/p>\n<p>L\u00e9galement, comme on l\u2019a pr\u00e9cis\u00e9 un peu plus t\u00f4t dans cet article, la d\u00e9finition de jour ouvrable ne correspond pas forc\u00e9ment \u00e0 un jour travaill\u00e9.<\/p>\n<p>Pour autant, <strong>le samedi est g\u00e9n\u00e9ralement un jour ouvrable<\/strong>. En effet, il n\u2019est pas qualifi\u00e9 de jour de repos dans le Code du travail. Si la p\u00e9riode de cong\u00e9s se d\u00e9compte en jours ouvrables, le samedi sera d\u00e9compt\u00e9.<\/p>\n<p>Les samedis doivent donc \u00eatre consid\u00e9r\u00e9s au m\u00eame titre que les autres jours de la semaine dans le calcul des cong\u00e9s pay\u00e9s, qu\u2019ils soient ch\u00f4m\u00e9s ou non dans l\u2019entreprise. Quand un employ\u00e9 travaille habituellement le samedi et que c\u2019est un <a href=\"https:\/\/factorial.fr\/blog\/travail-jour-ferie\/\">jour f\u00e9ri\u00e9 travaill\u00e9<\/a>,\u00a0 il per\u00e7oit son salaire sans majoration.<\/p>\n<p>Par contre, si le 1er mai tombe un samedi et qu\u2019il est travaill\u00e9, il devient un <a href=\"https:\/\/factorial.fr\/blog\/remuneration-jour-ferie\/\">jour f\u00e9ri\u00e9 pay\u00e9<\/a>. Sachant que dans son contrat de travail, des dispositions particuli\u00e8res peuvent mentionner des conditions plus favorables.<\/p>\n<h2>Quand le 15 ao\u00fbt tombe un samedi ?<\/h2>\n<p>C\u2019est un cas assez sp\u00e9cifique, mais la question est assez l\u00e9gitime. Le 15 ao\u00fbt est habituellement ch\u00f4m\u00e9, mais le jour f\u00e9ri\u00e9 ne devra pas \u00eatre d\u00e9compt\u00e9 des cong\u00e9s pay\u00e9s.<\/p>\n<p>L\u2019entreprise va donc \u00eatre oblig\u00e9e de compter 5 jours ouvrables pour ce genre cas, au lieu de 6 jours.<\/p>\n<h3>Jour f\u00e9ri\u00e9 tombant un samedi pendant les cong\u00e9s pay\u00e9s<\/h3>\n<p>Le <strong>calcul en jours ouvr\u00e9s<\/strong> peut \u00eatre pris en compte s\u2019il est plus favorable pour le salari\u00e9. Si un jour f\u00e9ri\u00e9 tombe un samedi, on aura malheureusement un jour f\u00e9ri\u00e9 perdu.<\/p>\n<p>Mais si l\u2019on compte en jours ouvrables (le jour f\u00e9ri\u00e9 n\u2019\u00e9tant pas un jour ouvrable), et que le <strong>jour f\u00e9ri\u00e9 tombe un samedi pendant la p\u00e9riode de cong\u00e9s<\/strong>, il ne sera pas pris en compte dans le calcul des cong\u00e9s pay\u00e9s. Le salari\u00e9 b\u00e9n\u00e9ficiera donc d\u2019un jour de cong\u00e9 en plus.<\/p>\n<h3>Si le vendredi est f\u00e9ri\u00e9, le samedi est d\u00e9compt\u00e9 ?<\/h3>\n<p>Lorsqu\u2019un salari\u00e9 prend un cong\u00e9, le premier jour comptabilis\u00e9 est le premier jour ouvrable pendant lequel il aurait d\u00fb travailler.<\/p>\n<p>S\u2019il ne travaille pas le samedi, et qu\u2019il prend un cong\u00e9 d\u2019une dur\u00e9e d\u2019une semaine \u00e0 partir de vendredi soir, on ne pourra pas comptabiliser son cong\u00e9 avant le lundi suivant.<\/p>\n<h3>D\u00e9compte cong\u00e9s pay\u00e9s et jour de repos<\/h3>\n<p>Le dimanche est consid\u00e9r\u00e9 comme le jour de repos, il n\u2019est donc pas consid\u00e9r\u00e9 comme un jour ouvrable. Il ne pourra pas \u00eatre <strong>d\u00e9compt\u00e9 dans les cong\u00e9s pay\u00e9s<\/strong> d\u2019un salari\u00e9.<\/p>\n<h3>Cong\u00e9s pay\u00e9s travail week-end<\/h3>\n<p>La r\u00e8gle concernant les jours ouvrables et les jours ouvr\u00e9s s\u2019applique \u00e9galement pour les salari\u00e9s qui travaillent le week-end.<\/p>\n<p>Le d\u00e9compte des cong\u00e9s pay\u00e9s se fera en fonction de la m\u00e9thode adopt\u00e9e par l\u2019entreprise. En comptant en jours ouvrables, il faudra compter tous les jours qui ne sont pas consacr\u00e9s au repos.<\/p>\n<p>Dans ce cas-ci, le jour de repos peut \u00eatre transpos\u00e9 vers un autre jour de la semaine. Mais il est \u00e0 rappeler qu\u2019on d\u00e9comptera toujours 6 jours ouvrables de cong\u00e9 pay\u00e9.<\/p>\n<h3>Travail le dimanche et cong\u00e9s pay\u00e9s<\/h3>\n<p>Si un salari\u00e9 travaille r\u00e9guli\u00e8rement le dimanche, il sera obligatoirement <strong>d\u00e9compt\u00e9 dans ses cong\u00e9s pay\u00e9s<\/strong>. Il aura un autre jour de repos qui ne sera pas d\u00e9compt\u00e9 des cong\u00e9s, m\u00eame s\u2019il tombe en semaine (un mardi, par exemple).<\/p>\n<h3><strong>Arr\u00eat maladie et cong\u00e9s pay\u00e9s : ce que change la loi DDADUE<\/strong><\/h3>\n<p>Depuis la loi DDADUE du 22 avril 2024, transposant le droit europ\u00e9en, les r\u00e8gles sur l&rsquo;acquisition de cong\u00e9s pay\u00e9s pendant un arr\u00eat maladie ont profond\u00e9ment \u00e9volu\u00e9. Un salari\u00e9 en arr\u00eat pour maladie non professionnelle acquiert d\u00e9sormais 2 jours ouvrables de cong\u00e9s par mois, contre 2,5 jours en cas d&rsquo;accident du travail ou maladie professionnelle.<\/p>\n<p>Par ailleurs, l&rsquo;arr\u00eat de la Cour de cassation du 10 septembre 2025 est venu confirmer et pr\u00e9ciser les modalit\u00e9s de report : lorsqu&rsquo;un salari\u00e9 n&rsquo;a pas pu prendre ses cong\u00e9s en raison d&rsquo;un arr\u00eat maladie, ceux-ci doivent \u00eatre report\u00e9s \u00e0 l&rsquo;issue de l&rsquo;arr\u00eat, dans la limite d&rsquo;une p\u00e9riode de report de 15 mois.<\/p>\n<p>Point d&rsquo;attention pour les employeurs : la loi DDADUE pr\u00e9voit une r\u00e9troactivit\u00e9 des droits \u00e0 cong\u00e9s, dont l&rsquo;\u00e9ch\u00e9ance pour la r\u00e9gularisation des situations pass\u00e9es \u00e9tait fix\u00e9e au 24 avril 2026. Les services RH doivent s&rsquo;assurer que les compteurs de cong\u00e9s ont \u00e9t\u00e9 correctement mis \u00e0 jour pour les salari\u00e9s concern\u00e9s.<\/p>\n<h3>Pour g\u00e9rer automatiquement ces nouvelles r\u00e8gles d&rsquo;acquisition et de report,<a href=\"https:\/\/factorial.fr\/blog\/conges-payes\/\"> d\u00e9couvrez comment Factorial simplifie le suivi des cong\u00e9s et des absences<\/a>.<\/h3>\n","protected":false},"excerpt":{"rendered":"<p>Lors de la planification des vacances, la grande question est de savoir si le samedi est inclus dans les cong\u00e9s pay\u00e9s. Comprendre comment les jours ouvrables sont compt\u00e9s peut \u00e9viter des surprises d\u00e9sagr\u00e9ables. Dans cet article, nous examinerons en d\u00e9tail si le samedi est consid\u00e9r\u00e9 comme un jour de cong\u00e9 pay\u00e9 et comment cela peut<a href=\"https:\/\/factorial.fr\/blog\/samedi-jour-ouvre\/\" class=\"read-more\"> [&#8230;]<\/a><\/p>\n","protected":false},"author":288,"featured_media":184769,"comment_status":"open","ping_status":"closed","sticky":false,"template":"","format":"standard","meta":{"_acf_changed":false,"footnotes":""},"categories":[450,863],"tags":[],"class_list":["post-39935","post","type-post","status-publish","format-standard","has-post-thumbnail","hentry","category-conges-absences","category-temps"],"acf":{"topics":"time-time-tracking"},"yoast_head":"<!-- This site is optimized with the Yoast SEO Premium plugin v21.5 (Yoast SEO v21.9.1) - https:\/\/yoast.com\/wordpress\/plugins\/seo\/ -->\n<title>Samedi d\u00e9compt\u00e9 des cong\u00e9s pay\u00e9s | Factorial<\/title>\n<meta name=\"description\" content=\"Le samedi est consid\u00e9r\u00e9 comme un jour ouvrable mais comment il impacte les cong\u00e9s pay\u00e9s et quand le consid\u00e9rer comme jour ouvr\u00e9 ?\" \/>\n<meta name=\"robots\" content=\"index, follow, max-snippet:-1, max-image-preview:large, max-video-preview:-1\" \/>\n<link rel=\"canonical\" href=\"https:\/\/factorial.fr\/blog\/samedi-jour-ouvre\/\" \/>\n<meta property=\"og:locale\" content=\"fr_FR\" \/>\n<meta property=\"og:type\" content=\"article\" \/>\n<meta property=\"og:title\" content=\"Le samedi est-il compt\u00e9 dans les jours de cong\u00e9s ?\" \/>\n<meta property=\"og:description\" content=\"Le samedi est consid\u00e9r\u00e9 comme un jour ouvrable mais comment il impacte les cong\u00e9s pay\u00e9s et quand le consid\u00e9rer comme jour ouvr\u00e9 ?\" \/>\n<meta property=\"og:url\" content=\"https:\/\/factorial.fr\/blog\/samedi-jour-ouvre\/\" \/>\n<meta property=\"og:site_name\" content=\"Factorial\" \/>\n<meta property=\"article:publisher\" content=\"https:\/\/www.facebook.com\/people\/Factorial\/100064908455810\/\" \/>\n<meta property=\"article:published_time\" content=\"2021-03-07T12:42:23+00:00\" \/>\n<meta property=\"article:modified_time\" content=\"2026-03-26T10:31:31+00:00\" \/>\n<meta property=\"og:image\" content=\"https:\/\/factorial.fr\/wp-content\/uploads\/2021\/03\/26122917\/samedi-jour-ouvre.webp\" \/>\n\t<meta property=\"og:image:width\" content=\"1920\" \/>\n\t<meta property=\"og:image:height\" content=\"1080\" \/>\n\t<meta property=\"og:image:type\" content=\"image\/webp\" \/>\n<meta name=\"author\" content=\"Maya Champion\" \/>\n<meta name=\"twitter:card\" content=\"summary_large_image\" \/>\n<meta name=\"twitter:creator\" content=\"@factorialapp\" \/>\n<meta name=\"twitter:site\" content=\"@factorialapp\" \/>\n<meta name=\"twitter:label1\" content=\"Written by\" \/>\n\t<meta name=\"twitter:data1\" content=\"Maya Champion\" \/>\n\t<meta name=\"twitter:label2\" content=\"Est. reading time\" \/>\n\t<meta name=\"twitter:data2\" content=\"8 minutes\" \/>\n<script type=\"application\/ld+json\" class=\"yoast-schema-graph\">{\"@context\":\"https:\/\/schema.org\",\"@graph\":[{\"@type\":\"Article\",\"@id\":\"https:\/\/factorial.fr\/blog\/samedi-jour-ouvre\/#article\",\"isPartOf\":{\"@id\":\"https:\/\/factorial.fr\/blog\/samedi-jour-ouvre\/\"},\"author\":{\"name\":\"Maya Champion\",\"@id\":\"https:\/\/factorial.fr\/blog\/#\/schema\/person\/3c3cb1ddbdd68c75f19a719fd4b26bec\"},\"headline\":\"Le samedi est-il compt\u00e9 dans les jours de cong\u00e9s ?\",\"datePublished\":\"2021-03-07T12:42:23+00:00\",\"dateModified\":\"2026-03-26T10:31:31+00:00\",\"mainEntityOfPage\":{\"@id\":\"https:\/\/factorial.fr\/blog\/samedi-jour-ouvre\/\"},\"wordCount\":2022,\"commentCount\":0,\"publisher\":{\"@id\":\"https:\/\/factorial.fr\/blog\/#organization\"},\"articleSection\":[\"Cong\u00e9s et absences\",\"Gestion du temps\"],\"inLanguage\":\"fr-FR\",\"potentialAction\":[{\"@type\":\"CommentAction\",\"name\":\"Comment\",\"target\":[\"https:\/\/factorial.fr\/blog\/samedi-jour-ouvre\/#respond\"]}]},{\"@type\":\"WebPage\",\"@id\":\"https:\/\/factorial.fr\/blog\/samedi-jour-ouvre\/\",\"url\":\"https:\/\/factorial.fr\/blog\/samedi-jour-ouvre\/\",\"name\":\"Samedi d\u00e9compt\u00e9 des cong\u00e9s pay\u00e9s | Factorial\",\"isPartOf\":{\"@id\":\"https:\/\/factorial.fr\/blog\/#website\"},\"datePublished\":\"2021-03-07T12:42:23+00:00\",\"dateModified\":\"2026-03-26T10:31:31+00:00\",\"description\":\"Le samedi est consid\u00e9r\u00e9 comme un jour ouvrable mais comment il impacte les cong\u00e9s pay\u00e9s et quand le consid\u00e9rer comme jour ouvr\u00e9 ?\",\"inLanguage\":\"fr-FR\",\"potentialAction\":[{\"@type\":\"ReadAction\",\"target\":[\"https:\/\/factorial.fr\/blog\/samedi-jour-ouvre\/\"]}]},{\"@type\":\"WebSite\",\"@id\":\"https:\/\/factorial.fr\/blog\/#website\",\"url\":\"https:\/\/factorial.fr\/blog\/\",\"name\":\"Factorial\",\"description\":\"\",\"publisher\":{\"@id\":\"https:\/\/factorial.fr\/blog\/#organization\"},\"potentialAction\":[{\"@type\":\"SearchAction\",\"target\":{\"@type\":\"EntryPoint\",\"urlTemplate\":\"https:\/\/factorial.fr\/blog\/?s={search_term_string}\"},\"query-input\":\"required name=search_term_string\"}],\"inLanguage\":\"fr-FR\"},{\"@type\":\"Organization\",\"@id\":\"https:\/\/factorial.fr\/blog\/#organization\",\"name\":\"All-in-one business management software - Factorial\",\"url\":\"https:\/\/factorial.fr\/blog\/\",\"logo\":{\"@type\":\"ImageObject\",\"inLanguage\":\"fr-FR\",\"@id\":\"https:\/\/factorial.fr\/blog\/#\/schema\/logo\/image\/\",\"url\":\"https:\/\/factorial.fr\/wp-content\/uploads\/2023\/07\/18155144\/factorial-logo.png\",\"contentUrl\":\"https:\/\/factorial.fr\/wp-content\/uploads\/2023\/07\/18155144\/factorial-logo.png\",\"width\":946,\"height\":880,\"caption\":\"All-in-one business management software - Factorial\"},\"image\":{\"@id\":\"https:\/\/factorial.fr\/blog\/#\/schema\/logo\/image\/\"},\"sameAs\":[\"https:\/\/www.facebook.com\/people\/Factorial\/100064908455810\/\",\"https:\/\/twitter.com\/factorialapp\",\"https:\/\/www.linkedin.com\/company\/factorialhr\",\"https:\/\/www.youtube.com\/@factorialmedia\",\"https:\/\/www.instagram.com\/factorial\/#\"]},{\"@type\":\"Person\",\"@id\":\"https:\/\/factorial.fr\/blog\/#\/schema\/person\/3c3cb1ddbdd68c75f19a719fd4b26bec\",\"name\":\"Maya Champion\",\"image\":{\"@type\":\"ImageObject\",\"inLanguage\":\"fr-FR\",\"@id\":\"https:\/\/factorial.fr\/blog\/#\/schema\/person\/image\/\",\"url\":\"https:\/\/secure.gravatar.com\/avatar\/2339398737934938f1cd4ab7c5d543dc?s=96&d=identicon&r=g\",\"contentUrl\":\"https:\/\/secure.gravatar.com\/avatar\/2339398737934938f1cd4ab7c5d543dc?s=96&d=identicon&r=g\",\"caption\":\"Maya Champion\"},\"description\":\"Maya est Digital Content Specialist chez Factorial, o\u00f9 elle met sa plume digitale et son \u0153il aff\u00fbt\u00e9 pour les tendances RH au service d\u2019un objectif : cr\u00e9er du contenu \u00e0 forte valeur ajout\u00e9e pour aider les entreprises \u00e0 simplifier et digitaliser leur gestion des ressources humaines. Et quand elle ne r\u00e9dige pas sur l\u2019avenir des RH, retrouvez-la sur le sable d\u2019un terrain de beach volley.\",\"sameAs\":[\"https:\/\/www.linkedin.com\/in\/maya-champion-a891bb1a8\/\"],\"url\":\"https:\/\/factorial.fr\/blog\/author\/maya\/\"}]}<\/script>\n<!-- \/ Yoast SEO Premium plugin. -->","yoast_head_json":{"title":"Samedi d\u00e9compt\u00e9 des cong\u00e9s pay\u00e9s | Factorial","description":"Le samedi est consid\u00e9r\u00e9 comme un jour ouvrable mais comment il impacte les cong\u00e9s pay\u00e9s et quand le consid\u00e9rer comme jour ouvr\u00e9 ?","robots":{"index":"index","follow":"follow","max-snippet":"max-snippet:-1","max-image-preview":"max-image-preview:large","max-video-preview":"max-video-preview:-1"},"canonical":"https:\/\/factorial.fr\/blog\/samedi-jour-ouvre\/","og_locale":"fr_FR","og_type":"article","og_title":"Le samedi est-il compt\u00e9 dans les jours de cong\u00e9s ?","og_description":"Le samedi est consid\u00e9r\u00e9 comme un jour ouvrable mais comment il impacte les cong\u00e9s pay\u00e9s et quand le consid\u00e9rer comme jour ouvr\u00e9 ?","og_url":"https:\/\/factorial.fr\/blog\/samedi-jour-ouvre\/","og_site_name":"Factorial","article_publisher":"https:\/\/www.facebook.com\/people\/Factorial\/100064908455810\/","article_published_time":"2021-03-07T12:42:23+00:00","article_modified_time":"2026-03-26T10:31:31+00:00","og_image":[{"width":1920,"height":1080,"url":"https:\/\/factorial.fr\/wp-content\/uploads\/2021\/03\/26122917\/samedi-jour-ouvre.webp","type":"image\/webp"}],"author":"Maya Champion","twitter_card":"summary_large_image","twitter_creator":"@factorialapp","twitter_site":"@factorialapp","twitter_misc":{"Written by":"Maya Champion","Est. reading time":"8 minutes"},"schema":{"@context":"https:\/\/schema.org","@graph":[{"@type":"Article","@id":"https:\/\/factorial.fr\/blog\/samedi-jour-ouvre\/#article","isPartOf":{"@id":"https:\/\/factorial.fr\/blog\/samedi-jour-ouvre\/"},"author":{"name":"Maya Champion","@id":"https:\/\/factorial.fr\/blog\/#\/schema\/person\/3c3cb1ddbdd68c75f19a719fd4b26bec"},"headline":"Le samedi est-il compt\u00e9 dans les jours de cong\u00e9s ?","datePublished":"2021-03-07T12:42:23+00:00","dateModified":"2026-03-26T10:31:31+00:00","mainEntityOfPage":{"@id":"https:\/\/factorial.fr\/blog\/samedi-jour-ouvre\/"},"wordCount":2022,"commentCount":0,"publisher":{"@id":"https:\/\/factorial.fr\/blog\/#organization"},"articleSection":["Cong\u00e9s et absences","Gestion du temps"],"inLanguage":"fr-FR","potentialAction":[{"@type":"CommentAction","name":"Comment","target":["https:\/\/factorial.fr\/blog\/samedi-jour-ouvre\/#respond"]}]},{"@type":"WebPage","@id":"https:\/\/factorial.fr\/blog\/samedi-jour-ouvre\/","url":"https:\/\/factorial.fr\/blog\/samedi-jour-ouvre\/","name":"Samedi d\u00e9compt\u00e9 des cong\u00e9s pay\u00e9s | Factorial","isPartOf":{"@id":"https:\/\/factorial.fr\/blog\/#website"},"datePublished":"2021-03-07T12:42:23+00:00","dateModified":"2026-03-26T10:31:31+00:00","description":"Le samedi est consid\u00e9r\u00e9 comme un jour ouvrable mais comment il impacte les cong\u00e9s pay\u00e9s et quand le consid\u00e9rer comme jour ouvr\u00e9 ?","inLanguage":"fr-FR","potentialAction":[{"@type":"ReadAction","target":["https:\/\/factorial.fr\/blog\/samedi-jour-ouvre\/"]}]},{"@type":"WebSite","@id":"https:\/\/factorial.fr\/blog\/#website","url":"https:\/\/factorial.fr\/blog\/","name":"Factorial","description":"","publisher":{"@id":"https:\/\/factorial.fr\/blog\/#organization"},"potentialAction":[{"@type":"SearchAction","target":{"@type":"EntryPoint","urlTemplate":"https:\/\/factorial.fr\/blog\/?s={search_term_string}"},"query-input":"required name=search_term_string"}],"inLanguage":"fr-FR"},{"@type":"Organization","@id":"https:\/\/factorial.fr\/blog\/#organization","name":"All-in-one business management software - Factorial","url":"https:\/\/factorial.fr\/blog\/","logo":{"@type":"ImageObject","inLanguage":"fr-FR","@id":"https:\/\/factorial.fr\/blog\/#\/schema\/logo\/image\/","url":"https:\/\/factorial.fr\/wp-content\/uploads\/2023\/07\/18155144\/factorial-logo.png","contentUrl":"https:\/\/factorial.fr\/wp-content\/uploads\/2023\/07\/18155144\/factorial-logo.png","width":946,"height":880,"caption":"All-in-one business management software - Factorial"},"image":{"@id":"https:\/\/factorial.fr\/blog\/#\/schema\/logo\/image\/"},"sameAs":["https:\/\/www.facebook.com\/people\/Factorial\/100064908455810\/","https:\/\/twitter.com\/factorialapp","https:\/\/www.linkedin.com\/company\/factorialhr","https:\/\/www.youtube.com\/@factorialmedia","https:\/\/www.instagram.com\/factorial\/#"]},{"@type":"Person","@id":"https:\/\/factorial.fr\/blog\/#\/schema\/person\/3c3cb1ddbdd68c75f19a719fd4b26bec","name":"Maya Champion","image":{"@type":"ImageObject","inLanguage":"fr-FR","@id":"https:\/\/factorial.fr\/blog\/#\/schema\/person\/image\/","url":"https:\/\/secure.gravatar.com\/avatar\/2339398737934938f1cd4ab7c5d543dc?s=96&d=identicon&r=g","contentUrl":"https:\/\/secure.gravatar.com\/avatar\/2339398737934938f1cd4ab7c5d543dc?s=96&d=identicon&r=g","caption":"Maya Champion"},"description":"Maya est Digital Content Specialist chez Factorial, o\u00f9 elle met sa plume digitale et son \u0153il aff\u00fbt\u00e9 pour les tendances RH au service d\u2019un objectif : cr\u00e9er du contenu \u00e0 forte valeur ajout\u00e9e pour aider les entreprises \u00e0 simplifier et digitaliser leur gestion des ressources humaines. Et quand elle ne r\u00e9dige pas sur l\u2019avenir des RH, retrouvez-la sur le sable d\u2019un terrain de beach volley.","sameAs":["https:\/\/www.linkedin.com\/in\/maya-champion-a891bb1a8\/"],"url":"https:\/\/factorial.fr\/blog\/author\/maya\/"}]}},"_links":{"self":[{"href":"https:\/\/factorial.fr\/blog\/wp-json\/wp\/v2\/posts\/39935"}],"collection":[{"href":"https:\/\/factorial.fr\/blog\/wp-json\/wp\/v2\/posts"}],"about":[{"href":"https:\/\/factorial.fr\/blog\/wp-json\/wp\/v2\/types\/post"}],"author":[{"embeddable":true,"href":"https:\/\/factorial.fr\/blog\/wp-json\/wp\/v2\/users\/288"}],"replies":[{"embeddable":true,"href":"https:\/\/factorial.fr\/blog\/wp-json\/wp\/v2\/comments?post=39935"}],"version-history":[{"count":52,"href":"https:\/\/factorial.fr\/blog\/wp-json\/wp\/v2\/posts\/39935\/revisions"}],"predecessor-version":[{"id":184770,"href":"https:\/\/factorial.fr\/blog\/wp-json\/wp\/v2\/posts\/39935\/revisions\/184770"}],"wp:featuredmedia":[{"embeddable":true,"href":"https:\/\/factorial.fr\/blog\/wp-json\/wp\/v2\/media\/184769"}],"wp:attachment":[{"href":"https:\/\/factorial.fr\/blog\/wp-json\/wp\/v2\/media?parent=39935"}],"wp:term":[{"taxonomy":"category","embeddable":true,"href":"https:\/\/factorial.fr\/blog\/wp-json\/wp\/v2\/categories?post=39935"},{"taxonomy":"post_tag","embeddable":true,"href":"https:\/\/factorial.fr\/blog\/wp-json\/wp\/v2\/tags?post=39935"}],"curies":[{"name":"wp","href":"https:\/\/api.w.org\/{rel}","templated":true}]}}