{"id":39631,"date":"2021-03-01T12:46:58","date_gmt":"2021-03-01T10:46:58","guid":{"rendered":"https:\/\/factorialhr.com\/blog\/?p=39631"},"modified":"2026-04-14T11:42:05","modified_gmt":"2026-04-14T09:42:05","slug":"cartographie-des-competences","status":"publish","type":"post","link":"https:\/\/factorial.fr\/blog\/cartographie-des-competences\/","title":{"rendered":"Cartographie des comp\u00e9tences : outil dynamique de gestion RH"},"content":{"rendered":"<p><script type=\"application\/ld+json\"><span data-mce-type=\"bookmark\" style=\"display: inline-block; width: 0px; overflow: hidden; line-height: 0;\" class=\"mce_SELRES_start\">\ufeff<\/span>\n{\n  \"@context\": \"https:\/\/schema.org\",\n  \"@type\": \"FAQPage\",\n  \"mainEntity\": [{\n    \"@type\": \"Question\",\n    \"name\": \"Qu'est-ce qu'une cartographie des comp\u00e9tences?\",\n    \"acceptedAnswer\": {\n      \"@type\": \"Answer\",\n      \"text\": \"La cartographie des comp\u00e9tences est un outil RH qui identifie et \u00e9value les comp\u00e9tences, connaissances et savoir-\u00eatre des salari\u00e9s \u00e0 un instant T. Elle permet de visualiser les forces et les axes d'am\u00e9lioration au sein de l'entreprise pour optimiser la gestion des talents et la mobilit\u00e9 interne.\"\n    }\n  },{\n    \"@type\": \"Question\",\n    \"name\": \"Comment cr\u00e9er une cartographie des comp\u00e9tences?\",\n    \"acceptedAnswer\": {\n      \"@type\": \"Answer\",\n      \"text\": \"Pour cr\u00e9er une cartographie, d\u00e9finissez vos objectifs, identifiez les comp\u00e9tences cl\u00e9s par poste, puis \u00e9valuez le niveau de vos salari\u00e9s. La compilation des donn\u00e9es est simplifi\u00e9e avec un tableur ou un logiciel RH comme Factorial, qui centralise les informations de performance et de comp\u00e9tences.\"\n    }\n  },{\n    \"@type\": \"Question\",\n    \"name\": \"Quels sont les 4 types de comp\u00e9tences?\",\n    \"acceptedAnswer\": {\n      \"@type\": \"Answer\",\n      \"text\": \"On distingue g\u00e9n\u00e9ralement quatre grandes familles de comp\u00e9tences: les comp\u00e9tences op\u00e9rationnelles (savoir-faire technique), globales (strat\u00e9giques et manag\u00e9riales), comportementales (savoir-\u00eatre ou soft skills) et cognitives (savoirs th\u00e9oriques et capacit\u00e9 d'analyse).\"\n    }\n  },{\n    \"@type\": \"Question\",\n    \"name\": \"Comment construire un PDC?\",\n    \"acceptedAnswer\": {\n      \"@type\": \"Answer\",\n      \"text\": \"Un plan de d\u00e9veloppement des comp\u00e9tences (PDC) se construit en analysant les \u00e9carts r\u00e9v\u00e9l\u00e9s par la cartographie. Il faut ensuite d\u00e9finir des objectifs de formation pour chaque salari\u00e9 et choisir les actions adapt\u00e9es. Un logiciel RH comme Factorial facilite le suivi de ces plans et des progr\u00e8s.\"\n    }\n  }]\n}\n<\/script><br \/>\nQuelle que soit la taille de votre structure, cartographier les comp\u00e9tences essentielles des postes est crucial pour anticiper les besoins futurs : c&rsquo;est la cl\u00e9 d&rsquo;une gestion RH durable.<\/p>\n<p>Outil RH incontournable, il permet notamment de d\u00e9finir une strat\u00e9gie efficace pour mieux g\u00e9rer les comp\u00e9tences des salari\u00e9s ?<\/p>\n<p>Mais qu\u2019est-ce qu\u2019une cartographie des comp\u00e9tences ? Comment la mettre en place ? Quelles sont les \u00e9tapes \u00e0 suivre ? Comment conna\u00eetre les diff\u00e9rentes comp\u00e9tences des employ\u00e9s ? On fait le point !<\/p>\n<p><div class=\"factorial-banner inline-banner banner-demo category-formation\"\n    data-banner-id=\"174235\"\n    data-banner-type=\"demo\"\n    data-category=\"Formation\">\n    <div class=\"banner-content\">\n        <div class=\"banner-text\">\n                            <h4>Pilotez l&#039;alignement des \u00e9quipes et atteignez vos objectifs plus vite avec Factorial.<\/h4>\n            \n            \n                            <a href=\"https:\/\/factorial.fr\/demander-demo\"\n                    class=\"factorial-cta-button not-prose demo btn-brand\" data-cta=\"demo\" data-cta-position=\"inline-banner\">\n                    Demander une d\u00e9mo                <\/a>\n                    <\/div>\n\n        <div class=\"banner-image has-image\">\n            <img decoding=\"async\" src=\"https:\/\/factorialhr.com\/wp-content\/uploads\/2025\/11\/26173854\/objectifs.png\" class=\"not-prose\" \/>\n        <\/div>\n    <\/div>\n<\/div><br \/>\n<div class=\"js-toc toc\">\n<p class=\"js-toc-title toc__title\">Table des mati\u00e8res<\/p>\n<nav id=\"fac_toc_nav\" class=\"js-toc-nav toc__nav\" aria-label=\"Table des mati\u00e8res\"><ol class=\"toc__list toc__list--level-1\"><li class=\"toc-heading-level-2\"><a class=\"toc__link toc-link-heading-1\" href=\"https:\/\/factorial.fr\/blog\/cartographie-des-competences\/#qu\u2019est-ce-qu\u2019une-cartographie-des-competences\u2009\" title=\"Qu\u2019est-ce qu\u2019une cartographie des comp\u00e9tences\u2009?\" data-target-id=\"qu\u2019est-ce-qu\u2019une-cartographie-des-competences\u2009\">Qu\u2019est-ce qu\u2019une cartographie des comp\u00e9tences\u2009?<\/a><\/li><li class=\"toc-heading-level-2\"><a class=\"toc__link toc-link-heading-2\" href=\"https:\/\/factorial.fr\/blog\/cartographie-des-competences\/#pourquoi-faire-une-cartographie-des-competences\" title=\"Pourquoi faire une cartographie des comp\u00e9tences ?\" data-target-id=\"pourquoi-faire-une-cartographie-des-competences\">Pourquoi faire une cartographie des comp\u00e9tences ?<\/a><\/li><li class=\"toc-heading-level-2\"><a class=\"toc__link toc-link-heading-3\" href=\"https:\/\/factorial.fr\/blog\/cartographie-des-competences\/#quel-est-le-lien-entre-cartographie-et-referentiel-de-competences\" title=\"Quel est le lien entre cartographie et r\u00e9f\u00e9rentiel de comp\u00e9tences?\" data-target-id=\"quel-est-le-lien-entre-cartographie-et-referentiel-de-competences\">Quel est le lien entre cartographie et r\u00e9f\u00e9rentiel de comp\u00e9tences?<\/a><\/li><li class=\"toc-heading-level-2\"><a class=\"toc__link toc-link-heading-4\" href=\"https:\/\/factorial.fr\/blog\/cartographie-des-competences\/#quelles-sont-les-5-etapes-pour-realiser-une-cartographie-de-competences\" title=\"Quelles sont les 5 \u00e9tapes pour r\u00e9aliser une cartographie de comp\u00e9tences ?\" data-target-id=\"quelles-sont-les-5-etapes-pour-realiser-une-cartographie-de-competences\">Quelles sont les 5 \u00e9tapes pour r\u00e9aliser une cartographie de comp\u00e9tences ?<\/a><\/li><li class=\"toc-heading-level-2\"><a class=\"toc__link toc-link-heading-5\" href=\"https:\/\/factorial.fr\/blog\/cartographie-des-competences\/#comment-recenser-les-competences\" title=\"Comment recenser les comp\u00e9tences ?\" data-target-id=\"comment-recenser-les-competences\">Comment recenser les comp\u00e9tences ?<\/a><\/li><li class=\"toc-heading-level-2\"><a class=\"toc__link toc-link-heading-6\" href=\"https:\/\/factorial.fr\/blog\/cartographie-des-competences\/#comment-la-cartographie-sert-elle-les-collaborateurs,-les-managers-et-les-rh\" title=\"Comment la cartographie sert-elle les collaborateurs, les managers et les RH?\" data-target-id=\"comment-la-cartographie-sert-elle-les-collaborateurs,-les-managers-et-les-rh\">Comment la cartographie sert-elle les collaborateurs, les managers et les RH?<\/a><\/li><li class=\"toc-heading-level-2\"><a class=\"toc__link toc-link-heading-7\" href=\"https:\/\/factorial.fr\/blog\/cartographie-des-competences\/#optimisez-la-realisation-d\u2019une-cartographie-des-competences-avec-un-logiciel-rh\" title=\"Optimisez la r\u00e9alisation d\u2019une cartographie des comp\u00e9tences avec un logiciel RH\" data-target-id=\"optimisez-la-realisation-d\u2019une-cartographie-des-competences-avec-un-logiciel-rh\">Optimisez la r\u00e9alisation d\u2019une cartographie des comp\u00e9tences avec un logiciel RH<\/a><\/li><li class=\"toc-heading-level-2\"><a class=\"toc__link toc-link-heading-8\" href=\"https:\/\/factorial.fr\/blog\/cartographie-des-competences\/#faq\" title=\"FAQ\" data-target-id=\"faq\">FAQ<\/a><\/li><\/ol><\/nav><\/div><\/p>\n<h2>Qu\u2019est-ce qu\u2019une cartographie des comp\u00e9tences\u2009?<\/h2>\n<p>La cartographie des comp\u00e9tences <strong>permet d\u2019identifier et d\u2019\u00e9valuer les comp\u00e9tences, les connaissances et les comportements n\u00e9cessaires des employ\u00e9s pour \u00eatre efficaces \u00e0 leur poste.<\/strong><\/p>\n<p>L\u2019objectif est de conna\u00eetre les forces et faiblesses de chaque employ\u00e9. En connaissant mieux ses comp\u00e9tences cl\u00e9s, un collaborateur sera plus \u00e0 m\u00eame d\u2019atteindre ses objectifs efficacement.<\/p>\n<p>La cartographie des comp\u00e9tences fait partie des diff\u00e9rents outils RH qui permettent d\u2019optimiser la <a href=\"https:\/\/factorial.fr\/blog\/gpec\/\">GPEC ou Gestion Pr\u00e9visionnelle des Emplois et des Comp\u00e9tences<\/a> de tout type d\u2019organisation professionnelle.<\/p>\n<p>Ainsi, pour une entreprise, cet outil repr\u00e9sente une sorte de rep\u00e8re regroupant l\u2019ensemble des comp\u00e9tences disponibles \u00e0 un instant T.<\/p>\n<h2>Pourquoi faire une cartographie des comp\u00e9tences ?<\/h2>\n<p>Pour chacun des postes au sein de votre entreprise, savez-vous identifier les comp\u00e9tences requises\u2009\u2009? Est-ce que les salari\u00e9s qui occupent les fonctions en ont conscience\u2009?<\/p>\n<p>Disposent-ils des connaissances n\u00e9cessaires pour r\u00e9aliser les t\u00e2ches qui leur sont confi\u00e9es, mais aussi de la bonne attitude pour r\u00e9ussir\u2009?<\/p>\n<p>mobilit\u00e9 interne d\u2019une entreprise. Pour chaque salari\u00e9, de la cartographie d\u00e9coule une analyse des comp\u00e9tences personnelles.<\/p>\n<p>Cet outil d\u2019\u00e9valuation met donc en lumi\u00e8re les \u00e9ventuels \u00e9carts qui existent et un potentiel manque de comp\u00e9tences. Il peut s\u2019agir des comp\u00e9tences m\u00e9tiers, des comp\u00e9tences transversales ou encore des points forts qu\u2019il faudra d\u00e9velopper.<\/p>\n<p>Les managers et leurs collaborateurs pourront ainsi prendre conscience de leurs atouts et de leurs faiblesses. La cartographie des comp\u00e9tences peut servir de guide pour prendre les d\u00e9cisions RH ad\u00e9quates.<\/p>\n<p>On peut citer entre autres : accorder ou refuser une augmentation de r\u00e9mun\u00e9ration, valider ou refuser une formation\u2026 Tout cela \u00e0 partir de crit\u00e8res pr\u00e9cis.<\/p>\n<h2>Quel est le lien entre cartographie et r\u00e9f\u00e9rentiel de comp\u00e9tences?<\/h2>\n<p>Un <a href=\"https:\/\/factorial.fr\/blog\/referentiel-competences\/\">r\u00e9f\u00e9rentiel de comp\u00e9tences<\/a> liste l&rsquo;ensemble des comp\u00e9tences, expertises et savoir-faire associ\u00e9s \u00e0 chaque m\u00e9tier d&rsquo;une entreprise.<\/p>\n<p>Cet <strong>outil de pilotage des ressources humaines<\/strong> va servir \u00e0 cartographier les comp\u00e9tences d\u2019un salari\u00e9. . Il s&rsquo;agit d&rsquo;un v\u00e9ritable r\u00e9f\u00e9rentiel m\u00e9tiers sur lequel s&rsquo;appuient la GPEC et la cartographie.<\/p>\n<p class=\"in-view\">Le r\u00e9f\u00e9rentiel et la cartographie sont des termes proches. Le r\u00e9f\u00e9rentiel permet de construire la cartographie des comp\u00e9tences.<\/p>\n<p class=\"in-view\">La cartographie, quant \u00e0 elle permet de visualiser les donn\u00e9es pour mieux mesurer l&rsquo;impact des m\u00e9tiers et comp\u00e9tences au sein d\u2019une entreprise.<\/p>\n<h2>Quelles sont les 5 \u00e9tapes pour r\u00e9aliser une cartographie de comp\u00e9tences ?<\/h2>\n<h4>1. D\u00e9terminer des objectifs<\/h4>\n<p>La premi\u00e8re \u00e9tape d\u2019une mise en place de cartographie des comp\u00e9tences consiste donc \u00e0 <strong>d\u00e9finir les objectifs derri\u00e8re la r\u00e9alisation de l\u2019outil<\/strong>, et ce, en fonction du contexte propre de l\u2019entreprise.<\/p>\n<p>Les objectifs peuvent \u00eatre :<\/p>\n<ul>\n<li>Planifier les besoins de recrutement.<\/li>\n<li>Pr\u00e9voir les besoins en termes de mobilit\u00e9 interne.<\/li>\n<li>Fixer les besoins en formation.<\/li>\n<li>Anticiper des pertes de comp\u00e9tences relatives \u00e0 des d\u00e9parts (retraites, indisponibilit\u00e9, turnover\u2026).<\/li>\n<li>Rep\u00e9rer les profils ad\u00e9quats pour pourvoir un poste.<\/li>\n<li>Pr\u00e9parer l&rsquo;<a href=\"https:\/\/factorial.fr\/blog\/entretien-annuel-evaluation\/\">entretien annuel d&rsquo;\u00e9valuation<\/a>\u2026<\/li>\n<\/ul>\n<h4>2. \u00c9valuer le p\u00e9rim\u00e8tre d\u2019action<\/h4>\n<p>Est-ce que vous souhaitez cr\u00e9er une cartographie des comp\u00e9tences pour un d\u00e9partement ou un service donn\u00e9, ou pour l\u2019ensemble de votre entreprise\u2009?<\/p>\n<p>\u00c0 vous de d\u00e9terminer en amont et de mani\u00e8re claire le champ d\u2019action, en fonction du contexte, de vos ressources, mais aussi de la taille de votre entreprise.<\/p>\n<h4>3. Mettre en place un groupe de travail<\/h4>\n<p>Pour les petites structures, compos\u00e9es de moins de 50 collaborateurs, <strong>une seule personne pourra \u00eatre charg\u00e9e de la mise en place du projet de la cartographie des comp\u00e9tences.<\/strong><\/p>\n<p>Pour les grandes entreprises, il est recommand\u00e9 d\u2019organiser un groupe ou une \u00e9quipe compos\u00e9e de quelques personnes qui travailleront sur le projet afin de faciliter son \u00e9laboration.<\/p>\n<p>Le groupe peut \u00eatre compos\u00e9 d\u2019un responsable RH, d\u2019un manager op\u00e9rationnel, d\u2019un responsable en formation, d&rsquo;un collaborateur dans le champ d\u2019action \u00e0 analyser\u2026<\/p>\n<h4>4. \u00c9tablir un syst\u00e8me de notation<\/h4>\n<p>Pour d\u00e9terminer les niveaux de comp\u00e9tences de vos collaborateurs, vous pouvez attribuer des notes \u00e0 chacune d&rsquo;entre elles comme :<\/p>\n<ul>\n<li>Ma\u00eetrise insuffisante.<\/li>\n<li>Bonne ma\u00eetrise.<\/li>\n<li>Ma\u00eetrise satisfaisante.<\/li>\n<li>Parfaite ma\u00eetrise.<\/li>\n<\/ul>\n<p>Avec un r\u00e9f\u00e9rentiel de comp\u00e9tences bien d\u00e9fini, vous serez capable d&rsquo;\u00e9valuer chaque comp\u00e9tence en fonction de crit\u00e8res objectifs et quantitatifs.<\/p>\n<p>De cette fa\u00e7on, il y a moins de risques pour les collaborateurs de se sous-\u00e9valuer ou au contraire de se sur\u00e9valuer.<\/p>\n<h4>5. R\u00e9aliser la cartographie<\/h4>\n<p>Une fois les quatre premi\u00e8res \u00e9tapes franchies, vous pouvez passer \u00e0 la construction de votre cartographie des comp\u00e9tences.<\/p>\n<p>Rester tr\u00e8s coh\u00e9rent avec l\u2019organisation interne de l\u2019entreprise, c\u2019est le point le plus important \u00e0 garder en t\u00eate.<\/p>\n<p>R\u00e9alisez un document qui vous permettra de compiler les comp\u00e9tences de vos \u00e9quipes \u00e0 l\u2019aide d\u2019un outil classique comme Excel ou un logiciel sp\u00e9cialis\u00e9.<\/p>\n<h2>Comment recenser les comp\u00e9tences ?<\/h2>\n<p>Pour recenser les comp\u00e9tences dans une entreprise, il faudra passer par les quelques \u00e9tapes cl\u00e9s que nous avons d\u00e9j\u00e0 cit\u00e9es un peu plus t\u00f4t dans cet article.<\/p>\n<p>Cependant, il faut comprendre que les comp\u00e9tences collectives et individuelles ne sont pas suffisantes pour une description de tous les processus dans une entreprise.<\/p>\n<p>Diverses segmentations peuvent intervenir dans certains cas et \u00eatre int\u00e9gr\u00e9es \u00e0 la cartographie des comp\u00e9tences.<\/p>\n<h3>Les comp\u00e9tences op\u00e9rationnelles<\/h3>\n<p>Celles-ci correspondent au premier niveau d\u2019analyse qui permet de d\u00e9crire les moyens qui sont mis en \u0153uvre dans la r\u00e9alisation de l\u2019activit\u00e9 professionnelle.<\/p>\n<p>Souvent, elles se d\u00e9clinent sous les formes suivantes : \u00ab\u2009ma\u00eetriser\u2026\u2009\u00bb, \u00ab\u2009\u00eatre capable de\u2026\u2009\u00bb\u2026 Concr\u00e8tement, ces comp\u00e9tences op\u00e9rationnelles d\u00e9crivent pr\u00e9cis\u00e9ment les comp\u00e9tences qui sont utilis\u00e9es pour mener \u00e0 bien les activit\u00e9s.<\/p>\n<p>G\u00e9n\u00e9ralement, elles sont facilement identifiables et \u00e9valuables.<\/p>\n<p>On utilise souvent cette approche pour r\u00e9soudre des probl\u00e9matiques comme la mise en place des objectifs p\u00e9dagogiques d\u2019une formation ou le recrutement.<\/p>\n<h3>Les comp\u00e9tences globales<\/h3>\n<p>Elles d\u00e9finissent l\u2019identit\u00e9 des organisations et des entreprises tout en conditionnant leur strat\u00e9gie : les comp\u00e9tences manag\u00e9riales, technologiques ou macro-comp\u00e9tences.<\/p>\n<p>Elles sont encadr\u00e9es principalement par les managers ou, dans certains cas isol\u00e9s, par tous les salari\u00e9s.<\/p>\n<h3>Les comp\u00e9tences transversales<\/h3>\n<p>Ce sont avant tout des comp\u00e9tences g\u00e9n\u00e9riques qui caract\u00e9risent de mani\u00e8re similaire l\u2019ensemble des activit\u00e9s.<\/p>\n<p>Selon les cas, elles peuvent \u00eatre \u00e0 dimension mentale ou \u00e0 dimension relationnelle.<\/p>\n<p>On peut donc trouver deux sortes de comp\u00e9tences transversales :<\/p>\n<ul>\n<li>Les comp\u00e9tences comportementales (soft skills).<\/li>\n<li>et les comp\u00e9tences cognitives.<\/li>\n<\/ul>\n<p>En parall\u00e8le, France comp\u00e9tences publie une fois par an la liste des m\u00e9tiers en forte \u00e9volution ou \u00e9mergence: en <a href=\"https:\/\/www.francecompetences.fr\/fiche\/france-competences-actualise-la-liste-2026-des-metiers-en-particuliere-evolution-ou-emergence\/\" target=\"_blank\" rel=\"noopener\">2026<\/a>, elle inclut par exemple les experts en d\u00e9carbonation, en cybermenaces ou en performance \u00e9nerg\u00e9tique, selon France comp\u00e9tences.<\/p>\n<div class=\"factorial-banner inline-banner banner-demo category-formation\"\n    data-banner-id=\"174235\"\n    data-banner-type=\"demo\"\n    data-category=\"Formation\">\n    <div class=\"banner-content\">\n        <div class=\"banner-text\">\n                            <h4>Pilotez l&#039;alignement des \u00e9quipes et atteignez vos objectifs plus vite avec Factorial.<\/h4>\n            \n            \n                            <a href=\"https:\/\/factorial.fr\/demander-demo\"\n                    class=\"factorial-cta-button not-prose demo btn-brand\" data-cta=\"demo\" data-cta-position=\"inline-banner\">\n                    Demander une d\u00e9mo                <\/a>\n                    <\/div>\n\n        <div class=\"banner-image has-image\">\n            <img decoding=\"async\" src=\"https:\/\/factorialhr.com\/wp-content\/uploads\/2025\/11\/26173854\/objectifs.png\" class=\"not-prose\" \/>\n        <\/div>\n    <\/div>\n<\/div>\n<h2 class=\"in-view\">Comment la cartographie sert-elle les collaborateurs, les managers et les RH?<\/h2>\n<p>Elle illustre le capital humain de l\u2019entreprise en fonction de ses comp\u00e9tences. Quel r\u00f4le a-t-elle ?<\/p>\n<h3 class=\"in-view\">Pour le collaborateur<\/h3>\n<p class=\"in-view\">Elle lui permet de mieux percevoir les similitudes et les discordances entre ses comp\u00e9tences actuelles et les capacit\u00e9s requises pour son poste ou celui qu&rsquo;il envisage.<\/p>\n<p class=\"in-view\">C&rsquo;est une bonne fa\u00e7on de mieux dessiner son parcours de carri\u00e8re. Il pourrait entre autres envisager une formation ou une mobilit\u00e9 internationale.<\/p>\n<h3 class=\"\">Pour le manager et les ressources humaines<\/h3>\n<p class=\"\">Le manager et les ressources humaines vont pouvoir mettre en place un plan de formation ad\u00e9quat,\u00a0 rationnel et personnalis\u00e9 pour chaque employ\u00e9 en fonction de ses atouts et points faibles.<\/p>\n<p class=\"in-view\">Elle participe \u00e0 l&rsquo;am\u00e9lioration de la mobilit\u00e9 interne, par la m\u00eame occasion, \u00e0 la productivit\u00e9 de l&rsquo;entreprise. Elle est aussi favorable au bonheur au travail des salari\u00e9s. S&rsquo;ils vont bien et se sentent bien, ils seront alors plus engag\u00e9s.<\/p>\n<p class=\"in-view\">En effet, des collaborateurs \u00e9panouis dans leur travail s\u2019engagent davantage dans l\u2019entreprise. Les RH peuvent s&rsquo;en servir pour optimiser leur processus de recrutement. Il seront plus \u00e0 m\u00eame d&rsquo;\u00e9valuer de fa\u00e7on objective les comp\u00e9tences d&rsquo;un candidat pour un poste donn\u00e9.<\/p>\n<h2><b>Optimisez la r\u00e9alisation d\u2019une cartographie des comp\u00e9tences avec un logiciel RH<\/b><\/h2>\n<p>La <a href=\"https:\/\/factorial.fr\/blog\/digitalisation-rh-guide\/\">digitalisation RH<\/a> est tr\u00e8s importante dans l\u2019optimisation de votre cartographie des comp\u00e9tences. Avec un syst\u00e8me d\u2019automatisation des t\u00e2ches et des actions, un bon logiciel de gestion de comp\u00e9tences simplifie la mise en place de votre cartographie.<\/p>\n<p>Vous trouverez rapidement toutes les informations utiles, en quelques clics. Vous saurez les comp\u00e9tences de vos salari\u00e9s et vos besoins sur le court\/moyen terme.<\/p>\n<p>Un <a href=\"https:\/\/factorial.fr\/hr-software\">logiciel RH<\/a> avec un module de gestion de comp\u00e9tences doit avoir une interface interactive et intuitive. Et il doit surtout avoir les fonctionnalit\u00e9s suivantes :<\/p>\n<ul>\n<li>Visualisation des tendances d\u2019\u00e9volution.<\/li>\n<li>Acc\u00e8s rapide vers les diff\u00e9rents profils et leurs comp\u00e9tences.<\/li>\n<li>Visualisation sous forme de graphique des comp\u00e9tences qui sont requises par poste ou par m\u00e9tier.<\/li>\n<li>\u00c9valuation de l\u2019ad\u00e9quation des comp\u00e9tences d\u2019une personne avec son poste.<\/li>\n<\/ul>\n<p>Les d\u00e9tails concernant l\u2019\u00e9cart qu\u2019il peut y avoir entre les comp\u00e9tences d\u2019un salari\u00e9 et un poste en particulier.<\/p>\n<p>Une solution comme Factorial, avec son module interactif de cartographie, permet d&rsquo;automatiser l&rsquo;analyse des comp\u00e9tences, de visualiser les \u00e9carts entre profils et postes, et de g\u00e9n\u00e9rer des graphiques d&rsquo;\u00e9volution en temps r\u00e9el, sans ressaisie manuelle.<\/p>\n<p>Une cartographie des m\u00e9tiers et des comp\u00e9tences vous est d\u00e9finitivement d&rsquo;une grande aide.<\/p>\n<p>Par ailleurs, selon CPFormation, le budget de France comp\u00e9tences pour la formation en 2026 est de <a href=\"https:\/\/cpformation.com\/formation-professionnelle-2026-lia-simpose-pendant-que-les-budgets-se-resserrent\/\">12,078 milliards \u20ac<\/a>, en baisse de 10,4 % par rapport \u00e0 2025, ce qui presse les entreprises \u00e0 prioriser des outils de pilotage efficaces.<\/p>\n<h2>FAQ<\/h2>\n<h3>Qu&rsquo;est-ce qu&rsquo;une cartographie des comp\u00e9tences ?<\/h3>\n<p>La cartographie des comp\u00e9tences est un outil RH qui identifie et \u00e9value les comp\u00e9tences, connaissances et savoir-\u00eatre des salari\u00e9s \u00e0 un instant T. Elle permet de visualiser les forces et les axes d&rsquo;am\u00e9lioration au sein de l&rsquo;entreprise pour optimiser la gestion des talents et la mobilit\u00e9 interne.<\/p>\n<h3>Comment cr\u00e9er une cartographie des comp\u00e9tences ?<\/h3>\n<p>Pour cr\u00e9er une cartographie, d\u00e9finissez vos objectifs, identifiez les comp\u00e9tences cl\u00e9s par poste, puis \u00e9valuez le niveau de vos salari\u00e9s. La compilation des donn\u00e9es est simplifi\u00e9e avec un tableur ou un logiciel RH comme Factorial, qui centralise les informations de performance et de comp\u00e9tences.<\/p>\n<h3>Quels sont les 4 types de comp\u00e9tences ?<\/h3>\n<p>On distingue g\u00e9n\u00e9ralement quatre grandes familles de comp\u00e9tences: les comp\u00e9tences op\u00e9rationnelles (savoir-faire technique), globales (strat\u00e9giques et manag\u00e9riales), comportementales (savoir-\u00eatre ou soft skills) et cognitives (savoirs th\u00e9oriques et capacit\u00e9 d&rsquo;analyse).<\/p>\n<h3>Comment construire un PDC ?<\/h3>\n<p>Un plan de d\u00e9veloppement des comp\u00e9tences (PDC) se construit en analysant les \u00e9carts r\u00e9v\u00e9l\u00e9s par la cartographie. Il faut ensuite d\u00e9finir des objectifs de formation pour chaque salari\u00e9 et choisir les actions adapt\u00e9es. Un logiciel RH comme Factorial facilite le suivi de ces plans et des progr\u00e8s.<\/p>\n","protected":false},"excerpt":{"rendered":"<p>Quelle que soit la taille de votre structure, cartographier les comp\u00e9tences essentielles des postes est crucial pour anticiper les besoins futurs : c&rsquo;est la cl\u00e9 d&rsquo;une gestion RH durable. Outil RH incontournable, il permet notamment de d\u00e9finir une strat\u00e9gie efficace pour mieux g\u00e9rer les comp\u00e9tences des salari\u00e9s ? Mais qu\u2019est-ce qu\u2019une cartographie des comp\u00e9tences ?<a href=\"https:\/\/factorial.fr\/blog\/cartographie-des-competences\/\" class=\"read-more\"> [&#8230;]<\/a><\/p>\n","protected":false},"author":288,"featured_media":186545,"comment_status":"open","ping_status":"closed","sticky":false,"template":"","format":"standard","meta":{"_acf_changed":false,"footnotes":""},"categories":[452,445],"tags":[],"class_list":["post-39631","post","type-post","status-publish","format-standard","has-post-thumbnail","hentry","category-formation","category-talents"],"acf":{"topics":"talent"},"yoast_head":"<!-- This site is optimized with the Yoast SEO Premium plugin v21.5 (Yoast SEO v21.9.1) - https:\/\/yoast.com\/wordpress\/plugins\/seo\/ -->\n<title>Cartographie des comp\u00e9tences 2026 : anticipez vos besoins<\/title>\n<meta name=\"description\" content=\"Cartographie des comp\u00e9tences : anticipez vos besoins RH, identifiez les lacunes et optimisez votre GPEC. Essentiel pour 2026 et vos talents.\" \/>\n<meta name=\"robots\" content=\"index, follow, max-snippet:-1, max-image-preview:large, max-video-preview:-1\" \/>\n<link rel=\"canonical\" href=\"https:\/\/factorial.fr\/blog\/cartographie-des-competences\/\" \/>\n<meta property=\"og:locale\" content=\"fr_FR\" \/>\n<meta property=\"og:type\" content=\"article\" \/>\n<meta property=\"og:title\" content=\"Cartographie des comp\u00e9tences : outil dynamique de gestion RH\" \/>\n<meta property=\"og:description\" content=\"Cartographie des comp\u00e9tences : anticipez vos besoins RH, identifiez les lacunes et optimisez votre GPEC. Essentiel pour 2026 et vos talents.\" \/>\n<meta property=\"og:url\" content=\"https:\/\/factorial.fr\/blog\/cartographie-des-competences\/\" \/>\n<meta property=\"og:site_name\" content=\"Factorial\" \/>\n<meta property=\"article:publisher\" content=\"https:\/\/www.facebook.com\/people\/Factorial\/100064908455810\/\" \/>\n<meta property=\"article:published_time\" content=\"2021-03-01T10:46:58+00:00\" \/>\n<meta property=\"article:modified_time\" content=\"2026-04-14T09:42:05+00:00\" \/>\n<meta property=\"og:image\" content=\"https:\/\/factorial.fr\/wp-content\/uploads\/2021\/03\/14112207\/cartographie-des-competences.webp\" \/>\n\t<meta property=\"og:image:width\" content=\"1280\" \/>\n\t<meta property=\"og:image:height\" content=\"720\" \/>\n\t<meta property=\"og:image:type\" content=\"image\/webp\" \/>\n<meta name=\"author\" content=\"Maya Champion\" \/>\n<meta name=\"twitter:card\" content=\"summary_large_image\" \/>\n<meta name=\"twitter:creator\" content=\"@factorialapp\" \/>\n<meta name=\"twitter:site\" content=\"@factorialapp\" \/>\n<meta name=\"twitter:label1\" content=\"Written by\" \/>\n\t<meta name=\"twitter:data1\" content=\"Maya Champion\" \/>\n\t<meta name=\"twitter:label2\" content=\"Est. reading time\" \/>\n\t<meta name=\"twitter:data2\" content=\"8 minutes\" \/>\n<script type=\"application\/ld+json\" class=\"yoast-schema-graph\">{\"@context\":\"https:\/\/schema.org\",\"@graph\":[{\"@type\":\"Article\",\"@id\":\"https:\/\/factorial.fr\/blog\/cartographie-des-competences\/#article\",\"isPartOf\":{\"@id\":\"https:\/\/factorial.fr\/blog\/cartographie-des-competences\/\"},\"author\":{\"name\":\"Maya Champion\",\"@id\":\"https:\/\/factorial.fr\/blog\/#\/schema\/person\/3c3cb1ddbdd68c75f19a719fd4b26bec\"},\"headline\":\"Cartographie des comp\u00e9tences : outil dynamique de gestion RH\",\"datePublished\":\"2021-03-01T10:46:58+00:00\",\"dateModified\":\"2026-04-14T09:42:05+00:00\",\"mainEntityOfPage\":{\"@id\":\"https:\/\/factorial.fr\/blog\/cartographie-des-competences\/\"},\"wordCount\":2016,\"commentCount\":0,\"publisher\":{\"@id\":\"https:\/\/factorial.fr\/blog\/#organization\"},\"articleSection\":[\"Formation\",\"Gestion des talents\"],\"inLanguage\":\"fr-FR\",\"potentialAction\":[{\"@type\":\"CommentAction\",\"name\":\"Comment\",\"target\":[\"https:\/\/factorial.fr\/blog\/cartographie-des-competences\/#respond\"]}]},{\"@type\":\"WebPage\",\"@id\":\"https:\/\/factorial.fr\/blog\/cartographie-des-competences\/\",\"url\":\"https:\/\/factorial.fr\/blog\/cartographie-des-competences\/\",\"name\":\"Cartographie des comp\u00e9tences 2026 : anticipez vos besoins\",\"isPartOf\":{\"@id\":\"https:\/\/factorial.fr\/blog\/#website\"},\"datePublished\":\"2021-03-01T10:46:58+00:00\",\"dateModified\":\"2026-04-14T09:42:05+00:00\",\"description\":\"Cartographie des comp\u00e9tences : anticipez vos besoins RH, identifiez les lacunes et optimisez votre GPEC. Essentiel pour 2026 et vos talents.\",\"inLanguage\":\"fr-FR\",\"potentialAction\":[{\"@type\":\"ReadAction\",\"target\":[\"https:\/\/factorial.fr\/blog\/cartographie-des-competences\/\"]}]},{\"@type\":\"WebSite\",\"@id\":\"https:\/\/factorial.fr\/blog\/#website\",\"url\":\"https:\/\/factorial.fr\/blog\/\",\"name\":\"Factorial\",\"description\":\"\",\"publisher\":{\"@id\":\"https:\/\/factorial.fr\/blog\/#organization\"},\"potentialAction\":[{\"@type\":\"SearchAction\",\"target\":{\"@type\":\"EntryPoint\",\"urlTemplate\":\"https:\/\/factorial.fr\/blog\/?s={search_term_string}\"},\"query-input\":\"required name=search_term_string\"}],\"inLanguage\":\"fr-FR\"},{\"@type\":\"Organization\",\"@id\":\"https:\/\/factorial.fr\/blog\/#organization\",\"name\":\"All-in-one business management software - Factorial\",\"url\":\"https:\/\/factorial.fr\/blog\/\",\"logo\":{\"@type\":\"ImageObject\",\"inLanguage\":\"fr-FR\",\"@id\":\"https:\/\/factorial.fr\/blog\/#\/schema\/logo\/image\/\",\"url\":\"https:\/\/factorial.fr\/wp-content\/uploads\/2023\/07\/18155144\/factorial-logo.png\",\"contentUrl\":\"https:\/\/factorial.fr\/wp-content\/uploads\/2023\/07\/18155144\/factorial-logo.png\",\"width\":946,\"height\":880,\"caption\":\"All-in-one business management software - Factorial\"},\"image\":{\"@id\":\"https:\/\/factorial.fr\/blog\/#\/schema\/logo\/image\/\"},\"sameAs\":[\"https:\/\/www.facebook.com\/people\/Factorial\/100064908455810\/\",\"https:\/\/twitter.com\/factorialapp\",\"https:\/\/www.linkedin.com\/company\/factorialhr\",\"https:\/\/www.youtube.com\/@factorialmedia\",\"https:\/\/www.instagram.com\/factorial\/#\"]},{\"@type\":\"Person\",\"@id\":\"https:\/\/factorial.fr\/blog\/#\/schema\/person\/3c3cb1ddbdd68c75f19a719fd4b26bec\",\"name\":\"Maya Champion\",\"image\":{\"@type\":\"ImageObject\",\"inLanguage\":\"fr-FR\",\"@id\":\"https:\/\/factorial.fr\/blog\/#\/schema\/person\/image\/\",\"url\":\"https:\/\/secure.gravatar.com\/avatar\/2339398737934938f1cd4ab7c5d543dc?s=96&d=identicon&r=g\",\"contentUrl\":\"https:\/\/secure.gravatar.com\/avatar\/2339398737934938f1cd4ab7c5d543dc?s=96&d=identicon&r=g\",\"caption\":\"Maya Champion\"},\"description\":\"Maya est Digital Content Specialist chez Factorial, o\u00f9 elle met sa plume digitale et son \u0153il aff\u00fbt\u00e9 pour les tendances RH au service d\u2019un objectif : cr\u00e9er du contenu \u00e0 forte valeur ajout\u00e9e pour aider les entreprises \u00e0 simplifier et digitaliser leur gestion des ressources humaines. Et quand elle ne r\u00e9dige pas sur l\u2019avenir des RH, retrouvez-la sur le sable d\u2019un terrain de beach volley.\",\"sameAs\":[\"https:\/\/www.linkedin.com\/in\/maya-champion-a891bb1a8\/\"],\"url\":\"https:\/\/factorial.fr\/blog\/author\/maya\/\"}]}<\/script>\n<!-- \/ Yoast SEO Premium plugin. -->","yoast_head_json":{"title":"Cartographie des comp\u00e9tences 2026 : anticipez vos besoins","description":"Cartographie des comp\u00e9tences : anticipez vos besoins RH, identifiez les lacunes et optimisez votre GPEC. Essentiel pour 2026 et vos talents.","robots":{"index":"index","follow":"follow","max-snippet":"max-snippet:-1","max-image-preview":"max-image-preview:large","max-video-preview":"max-video-preview:-1"},"canonical":"https:\/\/factorial.fr\/blog\/cartographie-des-competences\/","og_locale":"fr_FR","og_type":"article","og_title":"Cartographie des comp\u00e9tences : outil dynamique de gestion RH","og_description":"Cartographie des comp\u00e9tences : anticipez vos besoins RH, identifiez les lacunes et optimisez votre GPEC. Essentiel pour 2026 et vos talents.","og_url":"https:\/\/factorial.fr\/blog\/cartographie-des-competences\/","og_site_name":"Factorial","article_publisher":"https:\/\/www.facebook.com\/people\/Factorial\/100064908455810\/","article_published_time":"2021-03-01T10:46:58+00:00","article_modified_time":"2026-04-14T09:42:05+00:00","og_image":[{"width":1280,"height":720,"url":"https:\/\/factorial.fr\/wp-content\/uploads\/2021\/03\/14112207\/cartographie-des-competences.webp","type":"image\/webp"}],"author":"Maya Champion","twitter_card":"summary_large_image","twitter_creator":"@factorialapp","twitter_site":"@factorialapp","twitter_misc":{"Written by":"Maya Champion","Est. reading time":"8 minutes"},"schema":{"@context":"https:\/\/schema.org","@graph":[{"@type":"Article","@id":"https:\/\/factorial.fr\/blog\/cartographie-des-competences\/#article","isPartOf":{"@id":"https:\/\/factorial.fr\/blog\/cartographie-des-competences\/"},"author":{"name":"Maya Champion","@id":"https:\/\/factorial.fr\/blog\/#\/schema\/person\/3c3cb1ddbdd68c75f19a719fd4b26bec"},"headline":"Cartographie des comp\u00e9tences : outil dynamique de gestion RH","datePublished":"2021-03-01T10:46:58+00:00","dateModified":"2026-04-14T09:42:05+00:00","mainEntityOfPage":{"@id":"https:\/\/factorial.fr\/blog\/cartographie-des-competences\/"},"wordCount":2016,"commentCount":0,"publisher":{"@id":"https:\/\/factorial.fr\/blog\/#organization"},"articleSection":["Formation","Gestion des talents"],"inLanguage":"fr-FR","potentialAction":[{"@type":"CommentAction","name":"Comment","target":["https:\/\/factorial.fr\/blog\/cartographie-des-competences\/#respond"]}]},{"@type":"WebPage","@id":"https:\/\/factorial.fr\/blog\/cartographie-des-competences\/","url":"https:\/\/factorial.fr\/blog\/cartographie-des-competences\/","name":"Cartographie des comp\u00e9tences 2026 : anticipez vos besoins","isPartOf":{"@id":"https:\/\/factorial.fr\/blog\/#website"},"datePublished":"2021-03-01T10:46:58+00:00","dateModified":"2026-04-14T09:42:05+00:00","description":"Cartographie des comp\u00e9tences : anticipez vos besoins RH, identifiez les lacunes et optimisez votre GPEC. Essentiel pour 2026 et vos talents.","inLanguage":"fr-FR","potentialAction":[{"@type":"ReadAction","target":["https:\/\/factorial.fr\/blog\/cartographie-des-competences\/"]}]},{"@type":"WebSite","@id":"https:\/\/factorial.fr\/blog\/#website","url":"https:\/\/factorial.fr\/blog\/","name":"Factorial","description":"","publisher":{"@id":"https:\/\/factorial.fr\/blog\/#organization"},"potentialAction":[{"@type":"SearchAction","target":{"@type":"EntryPoint","urlTemplate":"https:\/\/factorial.fr\/blog\/?s={search_term_string}"},"query-input":"required name=search_term_string"}],"inLanguage":"fr-FR"},{"@type":"Organization","@id":"https:\/\/factorial.fr\/blog\/#organization","name":"All-in-one business management software - Factorial","url":"https:\/\/factorial.fr\/blog\/","logo":{"@type":"ImageObject","inLanguage":"fr-FR","@id":"https:\/\/factorial.fr\/blog\/#\/schema\/logo\/image\/","url":"https:\/\/factorial.fr\/wp-content\/uploads\/2023\/07\/18155144\/factorial-logo.png","contentUrl":"https:\/\/factorial.fr\/wp-content\/uploads\/2023\/07\/18155144\/factorial-logo.png","width":946,"height":880,"caption":"All-in-one business management software - Factorial"},"image":{"@id":"https:\/\/factorial.fr\/blog\/#\/schema\/logo\/image\/"},"sameAs":["https:\/\/www.facebook.com\/people\/Factorial\/100064908455810\/","https:\/\/twitter.com\/factorialapp","https:\/\/www.linkedin.com\/company\/factorialhr","https:\/\/www.youtube.com\/@factorialmedia","https:\/\/www.instagram.com\/factorial\/#"]},{"@type":"Person","@id":"https:\/\/factorial.fr\/blog\/#\/schema\/person\/3c3cb1ddbdd68c75f19a719fd4b26bec","name":"Maya Champion","image":{"@type":"ImageObject","inLanguage":"fr-FR","@id":"https:\/\/factorial.fr\/blog\/#\/schema\/person\/image\/","url":"https:\/\/secure.gravatar.com\/avatar\/2339398737934938f1cd4ab7c5d543dc?s=96&d=identicon&r=g","contentUrl":"https:\/\/secure.gravatar.com\/avatar\/2339398737934938f1cd4ab7c5d543dc?s=96&d=identicon&r=g","caption":"Maya Champion"},"description":"Maya est Digital Content Specialist chez Factorial, o\u00f9 elle met sa plume digitale et son \u0153il aff\u00fbt\u00e9 pour les tendances RH au service d\u2019un objectif : cr\u00e9er du contenu \u00e0 forte valeur ajout\u00e9e pour aider les entreprises \u00e0 simplifier et digitaliser leur gestion des ressources humaines. Et quand elle ne r\u00e9dige pas sur l\u2019avenir des RH, retrouvez-la sur le sable d\u2019un terrain de beach volley.","sameAs":["https:\/\/www.linkedin.com\/in\/maya-champion-a891bb1a8\/"],"url":"https:\/\/factorial.fr\/blog\/author\/maya\/"}]}},"_links":{"self":[{"href":"https:\/\/factorial.fr\/blog\/wp-json\/wp\/v2\/posts\/39631"}],"collection":[{"href":"https:\/\/factorial.fr\/blog\/wp-json\/wp\/v2\/posts"}],"about":[{"href":"https:\/\/factorial.fr\/blog\/wp-json\/wp\/v2\/types\/post"}],"author":[{"embeddable":true,"href":"https:\/\/factorial.fr\/blog\/wp-json\/wp\/v2\/users\/288"}],"replies":[{"embeddable":true,"href":"https:\/\/factorial.fr\/blog\/wp-json\/wp\/v2\/comments?post=39631"}],"version-history":[{"count":37,"href":"https:\/\/factorial.fr\/blog\/wp-json\/wp\/v2\/posts\/39631\/revisions"}],"predecessor-version":[{"id":186551,"href":"https:\/\/factorial.fr\/blog\/wp-json\/wp\/v2\/posts\/39631\/revisions\/186551"}],"wp:featuredmedia":[{"embeddable":true,"href":"https:\/\/factorial.fr\/blog\/wp-json\/wp\/v2\/media\/186545"}],"wp:attachment":[{"href":"https:\/\/factorial.fr\/blog\/wp-json\/wp\/v2\/media?parent=39631"}],"wp:term":[{"taxonomy":"category","embeddable":true,"href":"https:\/\/factorial.fr\/blog\/wp-json\/wp\/v2\/categories?post=39631"},{"taxonomy":"post_tag","embeddable":true,"href":"https:\/\/factorial.fr\/blog\/wp-json\/wp\/v2\/tags?post=39631"}],"curies":[{"name":"wp","href":"https:\/\/api.w.org\/{rel}","templated":true}]}}