{"id":18812,"date":"2020-05-27T18:58:47","date_gmt":"2020-05-27T16:58:47","guid":{"rendered":"https:\/\/factorialhr.com\/blog\/?p=18812"},"modified":"2025-11-19T12:59:56","modified_gmt":"2025-11-19T10:59:56","slug":"risques-psychosociaux-precautions","status":"publish","type":"post","link":"https:\/\/factorial.fr\/blog\/risques-psychosociaux-precautions\/","title":{"rendered":"Risques psychosociaux : quelles pr\u00e9cautions prendre lors du retour au travail ?"},"content":{"rendered":"<p>Au cours de cette p\u00e9riode de confinement et de travail \u00e0 distance, chefs d\u2019entreprise et partenaires salari\u00e9s ont d\u00fb faire preuve d\u2019adaptabilit\u00e9 pour surmonter les difficult\u00e9s. Cette crise sanitaire in\u00e9dite <strong>red\u00e9finit leurs interactions avec l\u2019entreprise et n\u00e9cessite accompagnement et pr\u00e9paration<\/strong>. Sans pr\u00e9cautions ad\u00e9quates, le d\u00e9confinement et le retour au travail amorc\u00e9 depuis le 11 mai 2020 pourrait en effet entra\u00eener un d\u00e9veloppement de risques psychosociaux ( RPS)<\/p>\n<p><strong>Table des mati\u00e8res :<\/strong><\/p>\n<p><a href=\"#definitionRPS\">D\u00e9finition des risques psychosociaux<\/a><br \/>\n<a href=\"#RisquesRPS\">Quels sont les potentiels risques psychosociaux \u00e0 prendre en compte ?<\/a><br \/>\n<a href=\"#ConsequenceRisquesPsychosociaux\">Quelles sont les cons\u00e9quences des risques psychosociaux pour les salari\u00e9s ?<\/a><br \/>\n<a href=\"#prevenirRPS\">Comment pr\u00e9venir les risques lors du retour au travail<\/a><br \/>\n<a href=\"#RetourAuTravail\">Un retour dans la bonne humeur<\/a><\/p>\n<p><a name=\"definitionRPS\"><\/a><\/p>\n<h2><span style=\"color: #cc99ff;\"><strong>Qu\u2019est-ce que les risques psychosociaux ou RPS ?<\/strong><\/span><\/h2>\n<p>RPS est litt\u00e9ralement l\u2019acronyme pour \u00ab risques psychosociaux \u00bb. Ils repr\u00e9sentent <strong>les risques professionnels en mesure de d\u00e9t\u00e9riorer la sant\u00e9 psychologique des employ\u00e9s comme leur sant\u00e9 physique<\/strong>. Les RPS se manifestent par un mal-\u00eatre mental ou une souffrance physique. retrouvez <a href=\"https:\/\/travail-emploi.gouv.fr\/la-prevention-des-risques-psychosociaux-rps\" target=\"_blank\" rel=\"noopener noreferrer\">ici<\/a> la d\u00e9finition du minist\u00e8re du travail.<\/p>\n<p><strong>En cette p\u00e9riode difficile, certains risques psychosociaux sont d\u2019ailleurs susceptibles d\u2019apparaitre ou d\u2019\u00eatre d\u00e9cupl\u00e9s.<\/strong><br \/>\n<a name=\"RisquesRPS\"><\/a><\/p>\n<h2><span style=\"color: #cc99ff;\"><strong>Quels sont les potentiels risques psychosociaux \u00e0 prendre en compte ?<\/strong><\/span><\/h2>\n<p>Pendant le confinement, l\u2019enjeu des entreprises a \u00e9t\u00e9 de maintenir au maximum l\u2019activit\u00e9 des salari\u00e9s. <strong>La restructuration de l\u2019organisation notamment par le travail \u00e0 distance, a tr\u00e8s souvent manqu\u00e9 d\u2019anticipation et les modifications ont pu engendrer des risques et des faiblesses psychologiques chez certains<\/strong> : augmentation du stress, fatigue accrue, isolement, ennui, rupture sociale, sentiment d\u2019anxi\u00e9t\u00e9 et pour les cas les plus s\u00e9v\u00e8res des d\u00e9pressions.<\/p>\n<div class=\"kp-blk cUnQKe Wnoohf OJXvsb\">\n<div class=\"xpdopen\">\n<div class=\"ifM9O\">\n<div id=\"_dhNTYKb3Ca2IwbkPsZO0gAc17\" class=\"feCgPc q1kEvb vsXRLb yf\" data-cs=\"OeMSLcosLixNLVYoKK5Mzsgvzk_OTCytEFILLE3NKVYozs8rUcgBymJVpWAvZIGmrqQovzQpB0NhTubhlcUKiaVA-cSyxMwcoE5d5_zc3FSgtpTDK0tSk0tSi_Ba5AuyCKQAblVyfl7x4ZVAxXnJQF4KTr0F-aUQo4sTcxKLwA6xV-LYq7Q_6032GyMDFg_GAIZEBiioYNnByAAA\" data-mqac=\"0\" data-jiis=\"up\" data-async-type=\"rq\" data-async-context-required=\"q,state\" data-async-rclass=\"search\" data-ved=\"2ahUKEwimitedurnvAhUtRDABHbEJDXAQqrkBKAB6BAgOEAE\">\n<div class=\"ygGdYd related-question-pair\" data-ved=\"2ahUKEwimitedurnvAhUtRDABHbEJDXAQq7kBKAN6BAgOEA4\">\n<div id=\"_dhNTYKb3Ca2IwbkPsZO0gAc34\" class=\"mWyH1d UgLoB\" tabindex=\"0\" role=\"button\" aria-controls=\"_dhNTYKb3Ca2IwbkPsZO0gAc33\" aria-expanded=\"false\">\n<h2 class=\"hide-focus-ring cbphWd\" data-kt=\"KjDVrOGCmtvuyMMB3fDFsu_m1bhYo5u1v96VvML3AaK-kbjApZ6jjgHJqpba1NakpWE\" data-hveid=\"CA4QDw\" data-ved=\"2ahUKEwimitedurnvAhUtRDABHbEJDXAQuk4oAHoECA4QDw\"><a id=\"ConsequenceRisquesPsychosociaux\"><\/a>Quelles sont les cons\u00e9quences des risques psychosociaux pour les salari\u00e9s ?<\/h2>\n<\/div>\n<\/div>\n<\/div>\n<\/div>\n<\/div>\n<\/div>\n<p>Mais dans un second temps, le retour au travail participe \u00e9galement \u00e0 amplifier ces risques psychosociaux. Les relations au travail ont \u00e9t\u00e9 drastiquement modifi\u00e9es et certains employ\u00e9s peuvent ressentir des difficult\u00e9s \u00e0 trouver leur nouvelle place au sein de l\u2019entreprise. <strong>Une \u00e9rosion des liens professionnels peut survenir et des nouvelles tensions peuvent appara\u00eetre.<\/strong><\/p>\n<p>L\u2019accueil des visiteurs est \u00e9galement une nouvelle source d\u2019anxi\u00e9t\u00e9. La crainte d\u2019\u00eatre contamin\u00e9 ou de contaminer les autres peut d\u00e9velopper chez certains sujets un stress difficilement ma\u00eetrisable.<\/p>\n<p><a href=\"https:\/\/factorial.fr\/get-started\"><img decoding=\"async\" class=\"alignnone wp-image-46036 size-full\" src=\"https:\/\/factorial.fr\/wp-content\/uploads\/2020\/10\/29141307\/Factorial-logiciel-rh.jpg\" alt=\"Logiciel RH\" width=\"900\" height=\"308\" srcset=\"https:\/\/factorial.fr\/wp-content\/uploads\/2020\/10\/29141307\/Factorial-logiciel-rh.jpg 900w, https:\/\/factorial.fr\/wp-content\/uploads\/2020\/10\/29141307\/Factorial-logiciel-rh-300x103.jpg 300w, https:\/\/factorial.fr\/wp-content\/uploads\/2020\/10\/29141307\/Factorial-logiciel-rh-768x263.jpg 768w\" sizes=\"(max-width: 900px) 100vw, 900px\" \/><\/a><br \/>\n<a name=\"prevenirRPS\"><\/a><\/p>\n<h2><span style=\"color: #cc99ff;\"><strong>Comment pr\u00e9venir les risques psychosociaux lors du retour au travail ?<\/strong><\/span><\/h2>\n<p>Le retour des salari\u00e9s en entreprise doit \u00eatre minutieusement supervis\u00e9 par l\u2019entreprise et ses managers.<\/p>\n<h3><strong>Un accueil personnalis\u00e9 de chaque employ\u00e9<\/strong><\/h3>\n<p>Chaque salari\u00e9 a son propre ressenti de la p\u00e9riode de confinement qui a \u00e9t\u00e9 impos\u00e9e. Certains ont \u00e9t\u00e9 victimes du coronavirus ou ont \u00e9t\u00e9 confront\u00e9s \u00e0 la maladie par l\u2019interm\u00e9diaire d\u2019un proche. La distanciation sociale et l\u2019absence de contacts sociaux sont \u00e9galement des \u00e9l\u00e9ments pouvant impacter n\u00e9gativement la sant\u00e9 psychologique et la reprise du travail.<\/p>\n<p>Il est donc primordial de consid\u00e9rer l\u2019ensemble de la situation pour \u00eatre en mesure de proposer un encadrement personnalis\u00e9 \u00e0 chaque membre de l\u2019entreprise. Autrement dit, <strong>un temps d\u2019\u00e9coute et d\u2019analyse pour d\u00e9tecter les probl\u00e8mes de chacun doit \u00eatre propos\u00e9 pour faciliter le retour en entreprise.<\/strong><\/p>\n<h3><strong>Analyser l\u2019exp\u00e9rience de chacun post confinement<\/strong><\/h3>\n<p>Un grand nombre d\u2019entreprises doivent adopter de nouvelles pratiques d\u2019organisation apr\u00e8s la p\u00e9riode de confinement.<strong> Il est d\u2019un int\u00e9r\u00eat majeur de ne pas faire comme si rien n\u2019\u00e9tait arriv\u00e9 et d\u2019expliquer les contours de l\u2019entreprise de demain<\/strong>, tout en dressant un bilan post-d\u00e9confinement.<\/p>\n<p>Cela peut par exemple faire l\u2019objet de :<\/p>\n<ul>\n<li>Affirmer le r\u00f4le de chacun dans l\u2019entreprise. Qu\u2019il ait \u00e9t\u00e9 contraint d\u2019ailleurs de travailler \u00e0 distance ou sur site.<\/li>\n<li>Valoriser les efforts r\u00e9alis\u00e9s pendant le confinement.<\/li>\n<li>Reconna\u00eetre l\u2019engagement et l\u2019autonomie que les employ\u00e9s ont exprim\u00e9s depuis le d\u00e9but de la crise sanitaire.<\/li>\n<li>Identifier les obstacles qui ont pos\u00e9 probl\u00e8me et tirer des conclusions pour mettre en place une organisation de travail plus vertueuse.<\/li>\n<\/ul>\n<p><strong>Les managers et responsables RH sont des maillons importants de la sant\u00e9 psychologique et physique au travail<\/strong>. En cette p\u00e9riode d\u00e9licate, il est primordial de rep\u00e9rer les signes de mal-\u00eatre et de d\u00e9moralisation.<\/p>\n<p>L\u2019enjeu est de conserver une bonne communication entre les \u00e9quipes et favoriser l\u2019engagement personnel de chaque salari\u00e9.<\/p>\n<p><img decoding=\"async\" class=\"alignnone wp-image-46339 size-full\" src=\"https:\/\/factorial.fr\/wp-content\/uploads\/2020\/05\/30040936\/risques-psychosociaux-support-compressor.jpg\" alt=\"risques psychosociaux support\" width=\"830\" height=\"400\" srcset=\"https:\/\/factorial.fr\/wp-content\/uploads\/2020\/05\/30040936\/risques-psychosociaux-support-compressor.jpg 830w, https:\/\/factorial.fr\/wp-content\/uploads\/2020\/05\/30040936\/risques-psychosociaux-support-compressor-300x145.jpg 300w, https:\/\/factorial.fr\/wp-content\/uploads\/2020\/05\/30040936\/risques-psychosociaux-support-compressor-768x370.jpg 768w\" sizes=\"(max-width: 830px) 100vw, 830px\" \/><\/p>\n<h3><strong>\u00catre transparent sur les cons\u00e9quences \u00e9conomiques et sociales de la crise sanitaire<\/strong><\/h3>\n<p>Il y a fort \u00e0 parier que les salari\u00e9s se posent beaucoup de questions apr\u00e8s cette p\u00e9riode de d\u00e9confinement. Beaucoup se demandent si l\u2019entreprise va r\u00e9ussir \u00e0 relever le d\u00e9fi sur le plan \u00e9conomique ou si des licenciements sont \u00e0 pr\u00e9voir \u00e0 court ou moyen terme.<\/p>\n<p>Pour ce retour au travail, l\u2019entreprise doit donc apporter aux salari\u00e9s des informations pr\u00e9cises sur son avenir \u00e9conomique, les restructurations d\u2019effectifs et sur les adaptations en interne\u2026 encore une fois,<strong> l\u2019objectif ici est de limiter le sentiment d\u2019ins\u00e9curit\u00e9<\/strong>.<\/p>\n<p>Il ne faut pas \u00e9galement refuser d\u2019avouer que l\u2019on a des incertitudes et que les cons\u00e9quences du d\u00e9confinement peuvent encore \u00e9voluer de semaine en semaine, de mois en mois.<br \/>\n<a name=\"RetourAuTravail\"><\/a><\/p>\n<h2><span style=\"color: #cc99ff;\"><strong>Retour au travail dans la bonne humeur\u00a0<\/strong><\/span><\/h2>\n<p>Si l\u2019urgence sanitaire du Coronavirus a parfois \u00e9t\u00e9 l\u2019\u0153uvre de manifestations exceptionnelles de solidarit\u00e9, malheureusement elle est \u00e9galement la marque d\u2019un rapport \u00e0 autrui parfois fragilis\u00e9.<\/p>\n<p>En entreprise, le confinement et un retour au travail modifi\u00e9 peut \u00eatre \u00e0 l\u2019origine d\u2019une baisse de moral des employ\u00e9s. Repli sur soi-m\u00eame, crainte pour sa sant\u00e9, perte de rep\u00e8res, le nouvel environnement de l\u2019entreprise peut en effet chez certains susciter des peurs, largement compr\u00e9hensibles par ailleurs.<\/p>\n<p><strong>Les managers doivent donc \u00eatre l\u00e0 afin de soutenir leurs collaborateurs lors de cette transition et surtout afin de les guides \u00e0 travers \u00ab\u00a0la nouvelle normalit\u00e9\u00a0\u00bb. <\/strong><\/p>\n<p style=\"text-align: left;\">Plus que jamais, <strong>la communication ainsi que l&rsquo;\u00e9coute sont \u00e0 pr\u00e9voir<\/strong> afin\u00a0 d&rsquo;assurer un retour plein de motivation et de bonne humeur pour vous et vos collaborateurs.<\/p>\n<p style=\"text-align: center;\"><a href=\"https:\/\/factorial.fr\/fonctionnalites\"><span style=\"font-size: 18pt;\"><strong><span style=\"color: #339966;\">Am\u00e9liorer la gestion de vos ressources humaines et prenez des d\u00e9cisions strat\u00e9giques gr\u00e2ce \u00e0 Factorial logiciel de gestion RH \ud83d\ude80<\/span><\/strong><\/span><\/a><\/p>\n","protected":false},"excerpt":{"rendered":"<p>Au cours de cette p\u00e9riode de confinement et de travail \u00e0 distance, chefs d\u2019entreprise et partenaires salari\u00e9s ont d\u00fb faire preuve d\u2019adaptabilit\u00e9 pour surmonter les difficult\u00e9s. Cette crise sanitaire in\u00e9dite red\u00e9finit leurs interactions avec l\u2019entreprise et n\u00e9cessite accompagnement et pr\u00e9paration. Sans pr\u00e9cautions ad\u00e9quates, le d\u00e9confinement et le retour au travail amorc\u00e9 depuis le 11 mai<a href=\"https:\/\/factorial.fr\/blog\/risques-psychosociaux-precautions\/\" class=\"read-more\"> [&#8230;]<\/a><\/p>\n","protected":false},"author":299,"featured_media":46338,"comment_status":"open","ping_status":"closed","sticky":false,"template":"","format":"standard","meta":{"_acf_changed":false,"footnotes":""},"categories":[456,771],"tags":[],"class_list":["post-18812","post","type-post","status-publish","format-standard","has-post-thumbnail","hentry","category-gestion-entreprise-rh","category-qvct"],"acf":{"topics":"engagement"},"yoast_head":"<!-- This site is optimized with the Yoast SEO Premium plugin v21.5 (Yoast SEO v21.9.1) - https:\/\/yoast.com\/wordpress\/plugins\/seo\/ -->\n<title>Risques psychosociaux et retour au travail- Factorial<\/title>\n<meta name=\"description\" content=\"Avec le retour au travail se l\u00e8ve la question des risques psychosociaux ou RPS pour vos employ\u00e9s. Retrouvez ici les pr\u00e9cautions \u00e0 prendre.\" \/>\n<meta name=\"robots\" content=\"index, follow, max-snippet:-1, max-image-preview:large, max-video-preview:-1\" \/>\n<link rel=\"canonical\" href=\"https:\/\/factorial.fr\/blog\/risques-psychosociaux-precautions\/\" \/>\n<meta property=\"og:locale\" content=\"fr_FR\" \/>\n<meta property=\"og:type\" content=\"article\" \/>\n<meta property=\"og:title\" content=\"Risques psychosociaux : quelles pr\u00e9cautions prendre lors du retour au travail ?\" \/>\n<meta property=\"og:description\" content=\"Avec le retour au travail se l\u00e8ve la question des risques psychosociaux ou RPS pour vos employ\u00e9s. Retrouvez ici les pr\u00e9cautions \u00e0 prendre.\" \/>\n<meta property=\"og:url\" content=\"https:\/\/factorial.fr\/blog\/risques-psychosociaux-precautions\/\" \/>\n<meta property=\"og:site_name\" content=\"Factorial\" \/>\n<meta property=\"article:publisher\" content=\"https:\/\/www.facebook.com\/people\/Factorial\/100064908455810\/\" \/>\n<meta property=\"article:published_time\" content=\"2020-05-27T16:58:47+00:00\" \/>\n<meta property=\"article:modified_time\" content=\"2025-11-19T10:59:56+00:00\" \/>\n<meta property=\"og:image\" content=\"https:\/\/factorial.fr\/wp-content\/uploads\/2020\/05\/30040933\/risques-psychosociaux-compressor.jpg\" \/>\n\t<meta property=\"og:image:width\" content=\"830\" \/>\n\t<meta property=\"og:image:height\" content=\"400\" \/>\n\t<meta property=\"og:image:type\" content=\"image\/jpeg\" \/>\n<meta name=\"author\" content=\"Joris de Labarthe\" \/>\n<meta name=\"twitter:card\" content=\"summary_large_image\" \/>\n<meta name=\"twitter:creator\" content=\"@factorialapp\" \/>\n<meta name=\"twitter:site\" content=\"@factorialapp\" \/>\n<meta name=\"twitter:label1\" content=\"Written by\" \/>\n\t<meta name=\"twitter:data1\" content=\"Joris de Labarthe\" \/>\n\t<meta name=\"twitter:label2\" content=\"Est. reading time\" \/>\n\t<meta name=\"twitter:data2\" content=\"5 minutes\" \/>\n<script type=\"application\/ld+json\" class=\"yoast-schema-graph\">{\"@context\":\"https:\/\/schema.org\",\"@graph\":[{\"@type\":\"Article\",\"@id\":\"https:\/\/factorial.fr\/blog\/risques-psychosociaux-precautions\/#article\",\"isPartOf\":{\"@id\":\"https:\/\/factorial.fr\/blog\/risques-psychosociaux-precautions\/\"},\"author\":{\"name\":\"Joris de Labarthe\",\"@id\":\"https:\/\/factorial.fr\/blog\/#\/schema\/person\/57c7e0aba6908b7b7e39186c60346baf\"},\"headline\":\"Risques psychosociaux : quelles pr\u00e9cautions prendre lors du retour au travail ?\",\"datePublished\":\"2020-05-27T16:58:47+00:00\",\"dateModified\":\"2025-11-19T10:59:56+00:00\",\"mainEntityOfPage\":{\"@id\":\"https:\/\/factorial.fr\/blog\/risques-psychosociaux-precautions\/\"},\"wordCount\":1057,\"commentCount\":0,\"publisher\":{\"@id\":\"https:\/\/factorial.fr\/blog\/#organization\"},\"articleSection\":[\"Gestion entreprise et RH\",\"QVCT\"],\"inLanguage\":\"fr-FR\",\"potentialAction\":[{\"@type\":\"CommentAction\",\"name\":\"Comment\",\"target\":[\"https:\/\/factorial.fr\/blog\/risques-psychosociaux-precautions\/#respond\"]}]},{\"@type\":\"WebPage\",\"@id\":\"https:\/\/factorial.fr\/blog\/risques-psychosociaux-precautions\/\",\"url\":\"https:\/\/factorial.fr\/blog\/risques-psychosociaux-precautions\/\",\"name\":\"Risques psychosociaux et retour au travail- Factorial\",\"isPartOf\":{\"@id\":\"https:\/\/factorial.fr\/blog\/#website\"},\"datePublished\":\"2020-05-27T16:58:47+00:00\",\"dateModified\":\"2025-11-19T10:59:56+00:00\",\"description\":\"Avec le retour au travail se l\u00e8ve la question des risques psychosociaux ou RPS pour vos employ\u00e9s. Retrouvez ici les pr\u00e9cautions \u00e0 prendre.\",\"inLanguage\":\"fr-FR\",\"potentialAction\":[{\"@type\":\"ReadAction\",\"target\":[\"https:\/\/factorial.fr\/blog\/risques-psychosociaux-precautions\/\"]}]},{\"@type\":\"WebSite\",\"@id\":\"https:\/\/factorial.fr\/blog\/#website\",\"url\":\"https:\/\/factorial.fr\/blog\/\",\"name\":\"Factorial\",\"description\":\"\",\"publisher\":{\"@id\":\"https:\/\/factorial.fr\/blog\/#organization\"},\"potentialAction\":[{\"@type\":\"SearchAction\",\"target\":{\"@type\":\"EntryPoint\",\"urlTemplate\":\"https:\/\/factorial.fr\/blog\/?s={search_term_string}\"},\"query-input\":\"required name=search_term_string\"}],\"inLanguage\":\"fr-FR\"},{\"@type\":\"Organization\",\"@id\":\"https:\/\/factorial.fr\/blog\/#organization\",\"name\":\"All-in-one business management software - Factorial\",\"url\":\"https:\/\/factorial.fr\/blog\/\",\"logo\":{\"@type\":\"ImageObject\",\"inLanguage\":\"fr-FR\",\"@id\":\"https:\/\/factorial.fr\/blog\/#\/schema\/logo\/image\/\",\"url\":\"https:\/\/factorial.fr\/wp-content\/uploads\/2023\/07\/18155144\/factorial-logo.png\",\"contentUrl\":\"https:\/\/factorial.fr\/wp-content\/uploads\/2023\/07\/18155144\/factorial-logo.png\",\"width\":946,\"height\":880,\"caption\":\"All-in-one business management software - Factorial\"},\"image\":{\"@id\":\"https:\/\/factorial.fr\/blog\/#\/schema\/logo\/image\/\"},\"sameAs\":[\"https:\/\/www.facebook.com\/people\/Factorial\/100064908455810\/\",\"https:\/\/twitter.com\/factorialapp\",\"https:\/\/www.linkedin.com\/company\/factorialhr\",\"https:\/\/www.youtube.com\/@factorialmedia\",\"https:\/\/www.instagram.com\/factorial\/#\"]},{\"@type\":\"Person\",\"@id\":\"https:\/\/factorial.fr\/blog\/#\/schema\/person\/57c7e0aba6908b7b7e39186c60346baf\",\"name\":\"Joris de Labarthe\",\"image\":{\"@type\":\"ImageObject\",\"inLanguage\":\"fr-FR\",\"@id\":\"https:\/\/factorial.fr\/blog\/#\/schema\/person\/image\/\",\"url\":\"https:\/\/secure.gravatar.com\/avatar\/f427fef471d7985836654646b75ceaaa?s=96&d=identicon&r=g\",\"contentUrl\":\"https:\/\/secure.gravatar.com\/avatar\/f427fef471d7985836654646b75ceaaa?s=96&d=identicon&r=g\",\"caption\":\"Joris de Labarthe\"},\"description\":\"Joris est SEO Content Specialist chez Factorial, o\u00f9 il met ses talents d\u2019optimisation et de strat\u00e9gie \u00e9ditoriale au service d\u2019une mission : aider les PME \u00e0 digitaliser et simplifier leur gestion RH. Passionn\u00e9 par les mots bien plac\u00e9s et les sites bien r\u00e9f\u00e9renc\u00e9s, il aime cr\u00e9er du contenu qui attire, engage et convertit. En dehors des \u00e9crans, il d\u00e9connecte volontiers avec un ballon, un appareil photo ou un billet d\u2019avion.\",\"sameAs\":[\"https:\/\/www.linkedin.com\/in\/joris-de-labarthe\/\"],\"url\":\"https:\/\/factorial.fr\/blog\/author\/joris-delabarthefactorial-co\/\"}]}<\/script>\n<!-- \/ Yoast SEO Premium plugin. -->","yoast_head_json":{"title":"Risques psychosociaux et retour au travail- Factorial","description":"Avec le retour au travail se l\u00e8ve la question des risques psychosociaux ou RPS pour vos employ\u00e9s. Retrouvez ici les pr\u00e9cautions \u00e0 prendre.","robots":{"index":"index","follow":"follow","max-snippet":"max-snippet:-1","max-image-preview":"max-image-preview:large","max-video-preview":"max-video-preview:-1"},"canonical":"https:\/\/factorial.fr\/blog\/risques-psychosociaux-precautions\/","og_locale":"fr_FR","og_type":"article","og_title":"Risques psychosociaux : quelles pr\u00e9cautions prendre lors du retour au travail ?","og_description":"Avec le retour au travail se l\u00e8ve la question des risques psychosociaux ou RPS pour vos employ\u00e9s. Retrouvez ici les pr\u00e9cautions \u00e0 prendre.","og_url":"https:\/\/factorial.fr\/blog\/risques-psychosociaux-precautions\/","og_site_name":"Factorial","article_publisher":"https:\/\/www.facebook.com\/people\/Factorial\/100064908455810\/","article_published_time":"2020-05-27T16:58:47+00:00","article_modified_time":"2025-11-19T10:59:56+00:00","og_image":[{"width":830,"height":400,"url":"https:\/\/factorial.fr\/wp-content\/uploads\/2020\/05\/30040933\/risques-psychosociaux-compressor.jpg","type":"image\/jpeg"}],"author":"Joris de Labarthe","twitter_card":"summary_large_image","twitter_creator":"@factorialapp","twitter_site":"@factorialapp","twitter_misc":{"Written by":"Joris de Labarthe","Est. reading time":"5 minutes"},"schema":{"@context":"https:\/\/schema.org","@graph":[{"@type":"Article","@id":"https:\/\/factorial.fr\/blog\/risques-psychosociaux-precautions\/#article","isPartOf":{"@id":"https:\/\/factorial.fr\/blog\/risques-psychosociaux-precautions\/"},"author":{"name":"Joris de Labarthe","@id":"https:\/\/factorial.fr\/blog\/#\/schema\/person\/57c7e0aba6908b7b7e39186c60346baf"},"headline":"Risques psychosociaux : quelles pr\u00e9cautions prendre lors du retour au travail ?","datePublished":"2020-05-27T16:58:47+00:00","dateModified":"2025-11-19T10:59:56+00:00","mainEntityOfPage":{"@id":"https:\/\/factorial.fr\/blog\/risques-psychosociaux-precautions\/"},"wordCount":1057,"commentCount":0,"publisher":{"@id":"https:\/\/factorial.fr\/blog\/#organization"},"articleSection":["Gestion entreprise et RH","QVCT"],"inLanguage":"fr-FR","potentialAction":[{"@type":"CommentAction","name":"Comment","target":["https:\/\/factorial.fr\/blog\/risques-psychosociaux-precautions\/#respond"]}]},{"@type":"WebPage","@id":"https:\/\/factorial.fr\/blog\/risques-psychosociaux-precautions\/","url":"https:\/\/factorial.fr\/blog\/risques-psychosociaux-precautions\/","name":"Risques psychosociaux et retour au travail- Factorial","isPartOf":{"@id":"https:\/\/factorial.fr\/blog\/#website"},"datePublished":"2020-05-27T16:58:47+00:00","dateModified":"2025-11-19T10:59:56+00:00","description":"Avec le retour au travail se l\u00e8ve la question des risques psychosociaux ou RPS pour vos employ\u00e9s. Retrouvez ici les pr\u00e9cautions \u00e0 prendre.","inLanguage":"fr-FR","potentialAction":[{"@type":"ReadAction","target":["https:\/\/factorial.fr\/blog\/risques-psychosociaux-precautions\/"]}]},{"@type":"WebSite","@id":"https:\/\/factorial.fr\/blog\/#website","url":"https:\/\/factorial.fr\/blog\/","name":"Factorial","description":"","publisher":{"@id":"https:\/\/factorial.fr\/blog\/#organization"},"potentialAction":[{"@type":"SearchAction","target":{"@type":"EntryPoint","urlTemplate":"https:\/\/factorial.fr\/blog\/?s={search_term_string}"},"query-input":"required name=search_term_string"}],"inLanguage":"fr-FR"},{"@type":"Organization","@id":"https:\/\/factorial.fr\/blog\/#organization","name":"All-in-one business management software - Factorial","url":"https:\/\/factorial.fr\/blog\/","logo":{"@type":"ImageObject","inLanguage":"fr-FR","@id":"https:\/\/factorial.fr\/blog\/#\/schema\/logo\/image\/","url":"https:\/\/factorial.fr\/wp-content\/uploads\/2023\/07\/18155144\/factorial-logo.png","contentUrl":"https:\/\/factorial.fr\/wp-content\/uploads\/2023\/07\/18155144\/factorial-logo.png","width":946,"height":880,"caption":"All-in-one business management software - Factorial"},"image":{"@id":"https:\/\/factorial.fr\/blog\/#\/schema\/logo\/image\/"},"sameAs":["https:\/\/www.facebook.com\/people\/Factorial\/100064908455810\/","https:\/\/twitter.com\/factorialapp","https:\/\/www.linkedin.com\/company\/factorialhr","https:\/\/www.youtube.com\/@factorialmedia","https:\/\/www.instagram.com\/factorial\/#"]},{"@type":"Person","@id":"https:\/\/factorial.fr\/blog\/#\/schema\/person\/57c7e0aba6908b7b7e39186c60346baf","name":"Joris de Labarthe","image":{"@type":"ImageObject","inLanguage":"fr-FR","@id":"https:\/\/factorial.fr\/blog\/#\/schema\/person\/image\/","url":"https:\/\/secure.gravatar.com\/avatar\/f427fef471d7985836654646b75ceaaa?s=96&d=identicon&r=g","contentUrl":"https:\/\/secure.gravatar.com\/avatar\/f427fef471d7985836654646b75ceaaa?s=96&d=identicon&r=g","caption":"Joris de Labarthe"},"description":"Joris est SEO Content Specialist chez Factorial, o\u00f9 il met ses talents d\u2019optimisation et de strat\u00e9gie \u00e9ditoriale au service d\u2019une mission : aider les PME \u00e0 digitaliser et simplifier leur gestion RH. Passionn\u00e9 par les mots bien plac\u00e9s et les sites bien r\u00e9f\u00e9renc\u00e9s, il aime cr\u00e9er du contenu qui attire, engage et convertit. En dehors des \u00e9crans, il d\u00e9connecte volontiers avec un ballon, un appareil photo ou un billet d\u2019avion.","sameAs":["https:\/\/www.linkedin.com\/in\/joris-de-labarthe\/"],"url":"https:\/\/factorial.fr\/blog\/author\/joris-delabarthefactorial-co\/"}]}},"_links":{"self":[{"href":"https:\/\/factorial.fr\/blog\/wp-json\/wp\/v2\/posts\/18812"}],"collection":[{"href":"https:\/\/factorial.fr\/blog\/wp-json\/wp\/v2\/posts"}],"about":[{"href":"https:\/\/factorial.fr\/blog\/wp-json\/wp\/v2\/types\/post"}],"author":[{"embeddable":true,"href":"https:\/\/factorial.fr\/blog\/wp-json\/wp\/v2\/users\/299"}],"replies":[{"embeddable":true,"href":"https:\/\/factorial.fr\/blog\/wp-json\/wp\/v2\/comments?post=18812"}],"version-history":[{"count":21,"href":"https:\/\/factorial.fr\/blog\/wp-json\/wp\/v2\/posts\/18812\/revisions"}],"predecessor-version":[{"id":144250,"href":"https:\/\/factorial.fr\/blog\/wp-json\/wp\/v2\/posts\/18812\/revisions\/144250"}],"wp:featuredmedia":[{"embeddable":true,"href":"https:\/\/factorial.fr\/blog\/wp-json\/wp\/v2\/media\/46338"}],"wp:attachment":[{"href":"https:\/\/factorial.fr\/blog\/wp-json\/wp\/v2\/media?parent=18812"}],"wp:term":[{"taxonomy":"category","embeddable":true,"href":"https:\/\/factorial.fr\/blog\/wp-json\/wp\/v2\/categories?post=18812"},{"taxonomy":"post_tag","embeddable":true,"href":"https:\/\/factorial.fr\/blog\/wp-json\/wp\/v2\/tags?post=18812"}],"curies":[{"name":"wp","href":"https:\/\/api.w.org\/{rel}","templated":true}]}}