{"id":154216,"date":"2025-03-19T20:35:28","date_gmt":"2025-03-19T18:35:28","guid":{"rendered":"https:\/\/factorialhr.com\/blog\/?p=154216"},"modified":"2026-04-23T11:01:26","modified_gmt":"2026-04-23T09:01:26","slug":"prime-panier","status":"publish","type":"post","link":"https:\/\/factorial.fr\/blog\/prime-panier\/","title":{"rendered":"Prime panier : D\u00e9finition, obligations et exon\u00e9rations 2026"},"content":{"rendered":"<p><script type=\"application\/ld+json\"><span data-mce-type=\"bookmark\" style=\"display: inline-block; width: 0px; overflow: hidden; line-height: 0;\" class=\"mce_SELRES_start\">\ufeff<\/span>\n{\n  \"@context\": \"https:\/\/schema.org\",\n  \"@type\": \"FAQPage\",\n  \"mainEntity\": [{\n    \"@type\": \"Question\",\n    \"name\": \"Quel est le montant d'une prime de panier ?\",\n    \"acceptedAnswer\": {\n      \"@type\": \"Answer\",\n      \"text\": \"Le montant est un forfait qui d\u00e9pend des conditions de repas. Les plafonds d'exon\u00e9ration URSSAF pour 2025 sont de 7,40 \u20ac (sur site), 10,30 \u20ac (hors site) et 21,10 \u20ac (au restaurant en d\u00e9placement).\"\n    }\n  },{\n    \"@type\": \"Question\",\n    \"name\": \"Comment calculer la prime de panier ?\",\n    \"acceptedAnswer\": {\n      \"@type\": \"Answer\",\n      \"text\": \"Le montant de la prime panier n'est pas calcul\u00e9 sur le salaire, mais est une indemnit\u00e9 forfaitaire. Il est g\u00e9n\u00e9ralement fix\u00e9 par la convention collective ou un accord d'entreprise, tout en respectant les plafonds d'exon\u00e9ration d\u00e9finis par l'URSSAF.\"\n    }\n  },{\n    \"@type\": \"Question\",\n    \"name\": \"Quand est-ce que la prime de panier est vers\u00e9e ?\",\n    \"acceptedAnswer\": {\n      \"@type\": \"Answer\",\n      \"text\": \"La prime de panier est vers\u00e9e lorsque les conditions de travail (horaires d\u00e9cal\u00e9s, d\u00e9placement, travail de nuit) emp\u00eachent un salari\u00e9 de prendre son repas \u00e0 son domicile ou dans une cantine d'entreprise. Elle compense les frais de restauration engag\u00e9s.\"\n    }\n  },{\n    \"@type\": \"Question\",\n    \"name\": \"Est-ce que les primes panier sont imposables ?\",\n    \"acceptedAnswer\": {\n      \"@type\": \"Answer\",\n      \"text\": \"Non, la prime panier n'est pas imposable si elle respecte les conditions d'attribution et les plafonds d'exon\u00e9ration fix\u00e9s par l'URSSAF. La part qui d\u00e9passe ces limites est r\u00e9int\u00e9gr\u00e9e au salaire brut et devient soumise \u00e0 l'imp\u00f4t et aux cotisations sociales.\"\n    }\n  }]\n}\n<\/script><br \/>\nPrime panier, indemnit\u00e9 repas, panier de nuit\u2026 Difficile d\u2019y voir clair quand on g\u00e8re la paie. Qui y a droit ? \u00c0 partir de combien d\u2019heures ? Est-elle obligatoire ? Et surtout, comment l\u2019appliquer sans erreur en 2025 ? On fait le point pour les RH, les managers et les dirigeants d\u2019entreprises.<\/p>\n<div class=\"factorial-banner inline-banner banner-demo category-finances-et-comptabilite\"\n    data-banner-id=\"174237\"\n    data-banner-type=\"demo\"\n    data-category=\"Finances et comptabilit\u00e9\">\n    <div class=\"banner-content\">\n        <div class=\"banner-text\">\n                            <h4>Factorial, le logiciel SIRH qui simplifie la gestion de vos variables de paie.<\/h4>\n            \n            \n                            <a href=\"https:\/\/factorial.fr\/demander-demo\"\n                    class=\"factorial-cta-button not-prose demo btn-brand\" data-cta=\"demo\" data-cta-position=\"inline-banner\">\n                    Demander une d\u00e9mo                <\/a>\n                    <\/div>\n\n        <div class=\"banner-image has-image\">\n            <img decoding=\"async\" src=\"https:\/\/factorialhr.com\/wp-content\/uploads\/2025\/11\/26174421\/paie.png\" class=\"not-prose\" \/>\n        <\/div>\n    <\/div>\n<\/div>\n<div class=\"js-toc toc\">\n<p class=\"js-toc-title toc__title\">Table des mati\u00e8res<\/p>\n<nav id=\"fac_toc_nav\" class=\"js-toc-nav toc__nav\" aria-label=\"Table des mati\u00e8res\"><ol class=\"toc__list toc__list--level-1\"><li class=\"toc-heading-level-2\"><a class=\"toc__link toc-link-heading-1\" href=\"https:\/\/factorial.fr\/blog\/prime-panier\/#qu&#039;est-ce-que-la-prime-panier-et-comment-la-definir\" title=\"Qu&#039;est-ce que la prime panier et comment la d\u00e9finir ?\" data-target-id=\"qu&#039;est-ce-que-la-prime-panier-et-comment-la-definir\">Qu'est-ce que la prime panier et comment la d\u00e9finir ?<\/a><\/li><li class=\"toc-heading-level-2\"><a class=\"toc__link toc-link-heading-2\" href=\"https:\/\/factorial.fr\/blog\/prime-panier\/#prime-panier-est-elle-obligatoire-pour-l\u2019employeur\" title=\"Prime panier : est-elle obligatoire pour l\u2019employeur ?\" data-target-id=\"prime-panier-est-elle-obligatoire-pour-l\u2019employeur\">Prime panier : est-elle obligatoire pour l\u2019employeur ?<\/a><\/li><li class=\"toc-heading-level-2\"><a class=\"toc__link toc-link-heading-3\" href=\"https:\/\/factorial.fr\/blog\/prime-panier\/#a-partir-de-combien-d\u2019heures-de-travail-la-prime-panier-est-elle-due\" title=\"\u00c0 partir de combien d\u2019heures de travail la prime panier est-elle due ?\" data-target-id=\"a-partir-de-combien-d\u2019heures-de-travail-la-prime-panier-est-elle-due\">\u00c0 partir de combien d\u2019heures de travail la prime panier est-elle due ?<\/a><\/li><li class=\"toc-heading-level-2\"><a class=\"toc__link toc-link-heading-4\" href=\"https:\/\/factorial.fr\/blog\/prime-panier\/#quels-sont-les-montants-et-plafonds-d\u2019exoneration-urssaf-en-2026\" title=\"Quels sont les montants et plafonds d\u2019exon\u00e9ration URSSAF en 2026 ?\" data-target-id=\"quels-sont-les-montants-et-plafonds-d\u2019exoneration-urssaf-en-2026\">Quels sont les montants et plafonds d\u2019exon\u00e9ration URSSAF en 2026 ?<\/a><\/li><li class=\"toc-heading-level-2\"><a class=\"toc__link toc-link-heading-5\" href=\"https:\/\/factorial.fr\/blog\/prime-panier\/#comment-bien-gerer-la-prime-panier-en-paie-pour-eviter-les-erreurs\" title=\"Comment bien g\u00e9rer la prime panier en paie pour \u00e9viter les erreurs ?\" data-target-id=\"comment-bien-gerer-la-prime-panier-en-paie-pour-eviter-les-erreurs\">Comment bien g\u00e9rer la prime panier en paie pour \u00e9viter les erreurs ?<\/a><\/li><li class=\"toc-heading-level-2\"><a class=\"toc__link toc-link-heading-6\" href=\"https:\/\/factorial.fr\/blog\/prime-panier\/#qui-peut-beneficier-d\u2019une-prime-panier\" title=\"Qui peut b\u00e9n\u00e9ficier d\u2019une prime panier ?\" data-target-id=\"qui-peut-beneficier-d\u2019une-prime-panier\">Qui peut b\u00e9n\u00e9ficier d\u2019une prime panier ?<\/a><\/li><li class=\"toc-heading-level-2\"><a class=\"toc__link toc-link-heading-7\" href=\"https:\/\/factorial.fr\/blog\/prime-panier\/#conclusion-bien-gerer-la-prime-panier-en-entreprise\" title=\"Conclusion : Bien g\u00e9rer la prime panier en entreprise\" data-target-id=\"conclusion-bien-gerer-la-prime-panier-en-entreprise\">Conclusion : Bien g\u00e9rer la prime panier en entreprise<\/a><\/li><li class=\"toc-heading-level-2\"><a class=\"toc__link toc-link-heading-8\" href=\"https:\/\/factorial.fr\/blog\/prime-panier\/#faq-les-reponses-a-vos-questions-sur-la-prime-panier\" title=\"FAQ : Les r\u00e9ponses \u00e0 vos questions sur la prime panier\" data-target-id=\"faq-les-reponses-a-vos-questions-sur-la-prime-panier\">FAQ : Les r\u00e9ponses \u00e0 vos questions sur la prime panier<\/a><\/li><\/ol><\/nav><\/div>\n<h2>Qu&rsquo;est-ce que la prime panier et comment la d\u00e9finir ?<\/h2>\n<h3>D\u00e9finition et utilit\u00e9 dans un contexte professionnel<\/h3>\n<p>La <strong>prime panier<\/strong>, aussi appel\u00e9e <strong>indemnit\u00e9 de repas<\/strong>, est une compensation financi\u00e8re vers\u00e9e aux salari\u00e9\u00b7e\u00b7s qui ne peuvent pas prendre leur repas \u00e0 domicile ou dans une cantine d\u2019entreprise, en raison de leurs conditions de travail (d\u00e9placement, horaires d\u00e9cal\u00e9s, travail de nuit, etc.).<\/p>\n<p>C\u00f4t\u00e9 entreprise, cette indemnit\u00e9 fait partie des <a href=\"https:\/\/factorial.fr\/blog\/frais-professionnels\/\"><strong>frais professionnels<\/strong><\/a> et r\u00e9pond \u00e0 une r\u00e9alit\u00e9 terrain : nombreux sont les postes, notamment dans la production, le BTP ou la logistique, qui imposent de d\u00e9jeuner sur place. Bien g\u00e9r\u00e9e, elle contribue \u00e0 <strong>assurer le confort de travail<\/strong>, <strong>\u00e9viter les litiges<\/strong>, et <strong>s\u00e9curiser les processus de paie<\/strong>.<\/p>\n<h3>Diff\u00e9rences entre prime panier, indemnit\u00e9 repas et tickets restaurant<\/h3>\n<p>La distinction entre <strong>prime panier<\/strong>, <strong>indemnit\u00e9 repas<\/strong> et <strong>tickets restaurant<\/strong> peut pr\u00eater \u00e0 confusion, surtout dans des structures en croissance ou multisites.<\/p>\n<ul>\n<li>La <strong>prime panier<\/strong> est une <strong>indemnit\u00e9 forfaitaire<\/strong> li\u00e9e aux contraintes de travail. Elle est souvent pr\u00e9vue par une <strong>convention collective<\/strong> ou un <strong>accord d\u2019entreprise<\/strong>.<\/li>\n<li>L\u2019<strong>indemnit\u00e9 repas<\/strong> est le terme plus large qui englobe toute compensation li\u00e9e \u00e0 la restauration (panier, remboursement de notes de frais, etc.).<\/li>\n<li>Les <a href=\"https:\/\/factorial.fr\/blog\/obligation-ticket-restaurant\/\"><strong>tickets restaurant<\/strong><\/a> sont des <strong>titres-restaurant<\/strong> cofinanc\u00e9s par l\u2019employeur et propos\u00e9s dans un cadre diff\u00e9rent : ils sont destin\u00e9s aux salari\u00e9\u00b7e\u00b7s qui peuvent choisir librement leur lieu de repas.<\/li>\n<\/ul>\n<p>Pour les RH et les managers, bien faire la diff\u00e9rence entre ces dispositifs est essentiel pour \u00e9viter un <strong>cumul injustifi\u00e9<\/strong>, respecter la <strong>l\u00e9gislation URSSAF<\/strong>, et garantir une <strong>\u00e9galit\u00e9 de traitement<\/strong> au sein des \u00e9quipes.<\/p>\n<h2>Prime panier : est-elle obligatoire pour l\u2019employeur ?<\/h2>\n<h3>Cadre l\u00e9gal et absence d&rsquo;obligation dans le Code du travail<\/h3>\n<p>La <strong>prime panier<\/strong> n\u2019est pas une obligation l\u00e9gale inscrite dans le Code du travail. \u00c0 ce titre, un employeur n\u2019a pas \u00e0 la verser syst\u00e9matiquement, sauf si un texte sp\u00e9cifique ou un engagement l\u2019impose. Cela dit, dans certaines conditions, sa mise en place devient une <strong>attente forte de la part des salari\u00e9\u00b7e\u00b7s<\/strong>, notamment sur les postes terrain ou en horaires atypiques.<\/p>\n<p>Pour les moyennes et grandes entreprises, o\u00f9 les sujets li\u00e9s \u00e0 l\u2019\u00e9quit\u00e9 et au climat social sont particuli\u00e8rement sensibles, il est crucial de clarifier rapidement <strong>ce qui est pr\u00e9vu \u2014 ou non \u2014 dans la politique interne<\/strong>.<\/p>\n<h3>Quand la prime devient obligatoire : conventions collectives, contrats, usages<\/h3>\n<p>M\u00eame si la prime panier n\u2019est pas impos\u00e9e par la loi, <strong>elle peut devenir obligatoire dans plusieurs cas<\/strong> :<\/p>\n<ul>\n<li><strong>Une <a href=\"https:\/\/factorial.fr\/blog\/convention-collective\/\">convention collective<\/a> applicable<\/strong> pr\u00e9voit son versement dans des conditions pr\u00e9cises (ex: <a href=\"https:\/\/factorial.fr\/blog\/heures-nuit\/\">travail de nuit<\/a>, chantier \u00e9loign\u00e9, absence de cantine).<\/li>\n<li><strong>Le contrat de travail<\/strong> du salari\u00e9 mentionne cette prime, auquel cas elle devient un <strong>engagement contractuel<\/strong>.<\/li>\n<li><strong>Un usage \u00e9tabli<\/strong> dans l\u2019entreprise (versement r\u00e9gulier, m\u00eame sans texte \u00e9crit) peut aussi \u00eatre reconnu comme une obligation, sous r\u00e9serve de sa r\u00e9p\u00e9tition, de sa constance et de sa g\u00e9n\u00e9ralit\u00e9.<\/li>\n<\/ul>\n<p>Managers, RH ou dirigeant\u00b7e\u00b7s : si votre entreprise applique cette prime, veillez \u00e0 <strong>documenter son cadre de mani\u00e8re formelle<\/strong>, pour \u00e9viter tout litige ou redressement en cas de contr\u00f4le.<\/p>\n<h2>\u00c0 partir de combien d\u2019heures de travail la prime panier est-elle due ?<\/h2>\n<h3>Dur\u00e9e minimale de travail continu : les usages dans les conventions<\/h3>\n<p>Il n\u2019existe pas de seuil universel fix\u00e9 par le Code du travail pour d\u00e9clencher le versement d\u2019une <strong>prime de panier<\/strong>. En revanche, de nombreuses <strong>conventions collectives<\/strong> pr\u00e9voient une <strong>dur\u00e9e minimale de travail continu<\/strong>, souvent de <strong>5 ou 6 heures<\/strong>, pour justifier cette indemnit\u00e9.<\/p>\n<p>L\u2019objectif est clair : compenser les salari\u00e9\u00b7e\u00b7s qui, en raison de leur emploi du temps, ne peuvent ni rentrer chez eux, ni acc\u00e9der \u00e0 un espace de restauration ad\u00e9quat. Pour les entreprises de taille interm\u00e9diaire ou plus, il est essentiel de s\u2019y r\u00e9f\u00e9rer pr\u00e9cis\u00e9ment pour rester conforme.<\/p>\n<h3>Exemples par secteur (BTP, s\u00e9curit\u00e9, logistique\u2026)<\/h3>\n<ul>\n<li><a href=\"https:\/\/factorial.fr\/blog\/panier-repas-btp\/\"><strong>Prime de panier dans le BTP<\/strong><\/a> : la prime est g\u00e9n\u00e9ralement due d\u00e8s lors qu\u2019un\u00b7e salari\u00e9\u00b7e travaille en chantier \u00e0 l\u2019ext\u00e9rieur, sans possibilit\u00e9 de rentrer chez soi pour d\u00e9jeuner, m\u00eame si la pause est longue. Le seuil horaire varie mais est souvent fix\u00e9 \u00e0 <strong>6 heures<\/strong> cons\u00e9cutives.<\/li>\n<li><strong>Prime de panier dans la s\u00e9curit\u00e9<\/strong> : certaines conventions pr\u00e9voient le versement de la prime d\u00e8s <strong>6 heures de vacation<\/strong>, notamment pour les agents en poste continu ou de nuit.<\/li>\n<li><strong>Prime de panier dans la logistique et le transport<\/strong> : dans ces secteurs aux horaires variables, la prime peut \u00eatre d\u00e9clench\u00e9e \u00e0 partir de <strong>5 heures cons\u00e9cutives<\/strong>, si les conditions d\u2019acc\u00e8s \u00e0 un repas sont restreintes.<\/li>\n<\/ul>\n<p>\ud83d\udc49 <strong>Bon r\u00e9flexe pour les RH<\/strong> : croiser la <strong>convention collective applicable<\/strong>, la <strong>dur\u00e9e effective de travail<\/strong> et les <strong>conditions d\u2019acc\u00e8s \u00e0 la restauration<\/strong>. Un traitement \u00e9quitable et conforme r\u00e9duit les risques de contestation\u2026 et les erreurs de paie.<\/p>\n<h2>Quels sont les montants et plafonds d\u2019exon\u00e9ration URSSAF en 2026 ?<\/h2>\n<h3>Plafonds 2026 selon le lieu et les conditions de restauration<\/h3>\n<p>Pour 2026, <a href=\"https:\/\/www.dougs.fr\/blog\/panier-repas\/\">selon l\u2019URSSAF<\/a>, les plafonds d\u2019exon\u00e9ration pour la prime de panier, qui est consid\u00e9r\u00e9e comme un remboursement de frais professionnels, ont \u00e9t\u00e9 r\u00e9\u00e9valu\u00e9s. Ces montants varient selon le contexte du repas.<\/p>\n<ul>\n<li><strong>7,50 \u20ac<\/strong>\u00a0si le ou la salari\u00e9\u00b7e est contraint\u00b7e de d\u00e9jeuner sur son lieu de travail en raison de conditions particuli\u00e8res (travail en \u00e9quipe, post\u00e9, de nuit, etc.)<\/li>\n<li><strong>10,40 \u20ac<\/strong>\u00a0si le repas est pris hors des locaux de l&rsquo;entreprise (en d\u00e9placement, sur un chantier) et qu&rsquo;il n&rsquo;est pas contraint de se restaurer au restaurant<\/li>\n<li><strong>21,40 \u20ac<\/strong>\u00a0si le ou la salari\u00e9\u00b7e est en d\u00e9placement professionnel et contraint\u00b7e de d\u00e9jeuner au restaurant<\/li>\n<\/ul>\n<p>Ces montants repr\u00e9sentent les <strong>seuils maximaux d\u2019exon\u00e9ration<\/strong> : au-del\u00e0, la partie exc\u00e9dentaire est r\u00e9int\u00e9gr\u00e9e dans l\u2019assiette des cotisations sociales.<\/p>\n<p>Il est crucial de noter que si l&rsquo;indemnit\u00e9 vers\u00e9e par l&rsquo;entreprise est sup\u00e9rieure \u00e0 ces plafonds, seule la fraction exc\u00e9dentaire est r\u00e9int\u00e9gr\u00e9e dans l\u2019assiette des cotisations. Par exemple, pour une <a href=\"https:\/\/culture-rh.com\/prime-de-panier-condition-limites-exonerations\/\">prime de 10 \u20ac<\/a> vers\u00e9e \u00e0 un agent de s\u00e9curit\u00e9 de nuit (plafond \u00e0 7,50 \u20ac), 7,50 \u20ac seront exon\u00e9r\u00e9s et les 2,50 \u20ac restants seront soumis \u00e0 cotisations.<\/p>\n<h3>Cumul interdit : tickets resto, remboursement et prime panier<\/h3>\n<p>Attention : <strong>la prime de panier ne peut pas se cumuler<\/strong> avec un autre avantage ayant le <strong>m\u00eame objet<\/strong>, comme les <strong>tickets restaurant<\/strong> ou le <a href=\"https:\/\/factorial.fr\/blog\/frais-de-repas\/\"><strong>remboursement de frais de repas<\/strong><\/a>. Si plusieurs dispositifs coexistent, <strong>seul le plus avantageux pour le salari\u00e9 peut \u00eatre exon\u00e9r\u00e9<\/strong> de cotisations.<\/p>\n<p>\ud83d\udca1 Par exemple, un salari\u00e9 de nuit peut b\u00e9n\u00e9ficier d\u2019une prime de panier, mais pas en plus de titres restaurant pour le m\u00eame repas.<\/p>\n<p>Pour les RH, cela implique de bien identifier les cas d\u2019usage et de param\u00e9trer les r\u00e8gles de paie en cons\u00e9quence, notamment pour \u00e9viter les redressements.<\/p>\n<h3>Rappel sur l\u2019exon\u00e9ration sociale et fiscale<\/h3>\n<p>Lorsque les conditions sont r\u00e9unies, la prime panier est consid\u00e9r\u00e9e comme un <a href=\"https:\/\/factorial.fr\/blog\/frais-professionnels-bulletin-paie\/\"><strong>remboursement de frais professionnels<\/strong><\/a>, et b\u00e9n\u00e9ficie donc :<\/p>\n<ul>\n<li>d\u2019une <strong>exon\u00e9ration de charges sociales<\/strong>.<\/li>\n<li>d\u2019une <strong>non-imposition \u00e0 l\u2019imp\u00f4t sur le revenu<\/strong> pour le salari\u00e9.<\/li>\n<li>d\u2019une <strong>non-inclusion dans la base de calcul des cong\u00e9s pay\u00e9s<\/strong>, sauf exceptions.<\/li>\n<\/ul>\n<p>\u26a0\ufe0f Si les plafonds sont d\u00e9pass\u00e9s ou les conditions non respect\u00e9es, tout ou partie de la prime sera <strong>r\u00e9int\u00e9gr\u00e9e dans le brut<\/strong> soumis \u00e0 charges et fiscalit\u00e9.<\/p>\n<h2>Comment bien g\u00e9rer la prime panier en paie pour \u00e9viter les erreurs ?<\/h2>\n<h3>Traitement en paie : ce qu\u2019il faut d\u00e9clarer<\/h3>\n<p>La prime de panier, bien qu\u2019exon\u00e9r\u00e9e dans certains cas, doit <strong>figurer clairement sur le bulletin de paie<\/strong>. Elle peut appara\u00eetre comme un <strong>remboursement de frais professionnels<\/strong> si elle respecte les conditions d\u2019exon\u00e9ration URSSAF. \u00c0 d\u00e9faut, elle sera <strong>assimil\u00e9e \u00e0 un <a href=\"https:\/\/factorial.fr\/blog\/avantages-nature-comptabiliser\/\">avantage en nature<\/a><\/strong> et donc <strong>soumise \u00e0 cotisations sociales et fiscales<\/strong>. Il est donc crucial d\u2019indiquer :<\/p>\n<ul>\n<li>Le montant vers\u00e9.<\/li>\n<li>La nature de la prime (panier, repas, d\u00e9placement).<\/li>\n<li>Les dates ou les jours concern\u00e9s.<\/li>\n<\/ul>\n<p>Un libell\u00e9 clair \u00e9vite toute confusion lors d\u2019un contr\u00f4le ou pour le salari\u00e9 lui-m\u00eame.<\/p>\n<h3>Risques en cas de mauvaise application (redressements URSSAF)<\/h3>\n<p>En cas de mauvaise application des r\u00e8gles \u2013 cumul interdit avec d\u2019autres dispositifs, absence de justificatifs, d\u00e9passement de plafonds \u2013 l\u2019URSSAF peut <strong>requalifier la prime en compl\u00e9ment de salaire<\/strong>. R\u00e9sultat : <strong>cotisations r\u00e9troactives<\/strong>, <strong>amendes<\/strong>, voire <strong>redressement global<\/strong> sur plusieurs ann\u00e9es.<\/p>\n<p>Pour les moyennes et grandes entreprises, cela peut repr\u00e9senter un <strong>risque financier important<\/strong>, d\u2019autant plus en cas d\u2019audit URSSAF ou de changement de convention collective. Une politique de paie mal cadr\u00e9e peut aussi nuire \u00e0 la relation de confiance avec les collaborateurs.<\/p>\n<p>L&rsquo;URSSAF v\u00e9rifie syst\u00e9matiquement la coh\u00e9rence des montants vers\u00e9s, la r\u00e9alit\u00e9 des conditions de travail (d\u00e9placements, horaires) et la bonne application des plafonds. Toute incoh\u00e9rence peut d\u00e9clencher un <a href=\"https:\/\/travail-industrie.com\/blog\/article-titre\/prime-panier-indemnite-repas-usine-bareme-regles-legales\">contr\u00f4le approfondi.<\/a><\/p>\n<h3>Automatiser avec un logiciel RH comme Factorial<\/h3>\n<p>Pour \u00e9viter les erreurs manuelles et gagner en s\u00e9r\u00e9nit\u00e9, la solution la plus efficace reste l\u2019automatisation. Un logiciel RH comme <strong>Factorial<\/strong> permet de :<\/p>\n<ul>\n<li><strong>Param\u00e9trer les r\u00e8gles d\u2019attribution<\/strong> selon votre convention collective.<\/li>\n<li><strong>G\u00e9rer les plannings et d\u00e9placements<\/strong> en lien avec les paniers dus.<\/li>\n<li><strong>Automatiser les d\u00e9clarations en paie<\/strong>, avec les bons plafonds.<\/li>\n<li><strong>Suivre les primes vers\u00e9es<\/strong> pour chaque salari\u00e9, avec une tra\u00e7abilit\u00e9 compl\u00e8te.<\/li>\n<\/ul>\n<p>\ud83d\udc49 R\u00e9sultat : moins de charge administrative, moins de risques de redressements, et une politique RH plus transparente pour tous.<\/p>\n<div class=\"factorial-banner inline-banner banner-demo category-finances-et-comptabilite\"\n    data-banner-id=\"174237\"\n    data-banner-type=\"demo\"\n    data-category=\"Finances et comptabilit\u00e9\">\n    <div class=\"banner-content\">\n        <div class=\"banner-text\">\n                            <h4>Factorial, le logiciel SIRH qui simplifie la gestion de vos variables de paie.<\/h4>\n            \n            \n                            <a href=\"https:\/\/factorial.fr\/demander-demo\"\n                    class=\"factorial-cta-button not-prose demo btn-brand\" data-cta=\"demo\" data-cta-position=\"inline-banner\">\n                    Demander une d\u00e9mo                <\/a>\n                    <\/div>\n\n        <div class=\"banner-image has-image\">\n            <img decoding=\"async\" src=\"https:\/\/factorialhr.com\/wp-content\/uploads\/2025\/11\/26174421\/paie.png\" class=\"not-prose\" \/>\n        <\/div>\n    <\/div>\n<\/div>\n<h2>Qui peut b\u00e9n\u00e9ficier d\u2019une prime panier ?<\/h2>\n<h3>Salari\u00e9 en horaire d\u00e9cal\u00e9 ou de nuit<\/h3>\n<p>Lorsqu\u2019un collaborateur travaille en horaires atypiques (travail post\u00e9, \u00e9quipe du matin ou de nuit), il est souvent dans l\u2019impossibilit\u00e9 de rentrer chez lui ou d\u2019acc\u00e9der \u00e0 une cantine d\u2019entreprise. Dans ce contexte, la prime panier permet de <strong>compenser les frais engag\u00e9s pour se restaurer<\/strong>. Cette situation est fr\u00e9quente dans l\u2019industrie, la logistique ou encore les services hospitaliers, o\u00f9 la restauration n\u2019est pas toujours accessible.<\/p>\n<h3>Le cas sp\u00e9cifique du t\u00e9l\u00e9travail<\/h3>\n<p>Une question fr\u00e9quente concerne le t\u00e9l\u00e9travail. La prime panier \u00e9tant une compensation pour une contrainte professionnelle physique (impossibilit\u00e9 de rentrer chez soi), elle n&rsquo;est pas due pour les jours travaill\u00e9s \u00e0 domicile. En revanche, si l&rsquo;entreprise attribue des titres-restaurant \u00e0 ses salari\u00e9\u00b7e\u00b7s sur site, elle doit en faire b\u00e9n\u00e9ficier les t\u00e9l\u00e9travailleur\u00b7euse\u00b7s dans les m\u00eames <a href=\"https:\/\/travail-industrie.com\/blog\/article-titre\/prime-panier-indemnite-repas-usine-bareme-regles-legales\">conditions.<\/a><\/p>\n<h3>Technicien ou ouvrier sur chantier<\/h3>\n<p>Les salari\u00e9\u00b7e\u00b7s du BTP ou de la maintenance terrain, affect\u00e9s \u00e0 des chantiers \u00e9loign\u00e9s, sont rarement proches de leur domicile ou de leur si\u00e8ge social. <strong>Faute de cantine ou de restaurant d\u2019entreprise<\/strong>, et compte tenu du temps de pause limit\u00e9, la prime de panier est une solution concr\u00e8te pour <strong>\u00e9viter les avances de frais injustifi\u00e9es<\/strong>. La plupart des conventions du secteur pr\u00e9voient son versement d\u00e8s 2 \u00e0 6 heures de pr\u00e9sence sur site.<\/p>\n<h3>Intervenant en d\u00e9placement sans cantine<\/h3>\n<p>Qu\u2019il s\u2019agisse d\u2019un\u00b7e commercial\u00b7e en rendez-vous client, d\u2019un consultant ou d\u2019un intervenant en prestation externe, le salari\u00e9 qui travaille <strong>hors des locaux<\/strong> est souvent contraint de d\u00e9jeuner \u00e0 ses frais. Si l\u2019employeur ne rembourse pas directement les repas (note de frais), il peut opter pour la prime panier, <strong>sous r\u00e9serve que le salari\u00e9 ne b\u00e9n\u00e9ficie pas d\u00e9j\u00e0 de tickets restaurant ou de cantine<\/strong>. Dans ces cas, la prime s\u2019inscrit dans une politique claire de remboursement des frais professionnels, encadr\u00e9e par l\u2019URSSAF.<\/p>\n<h2>Conclusion : Bien g\u00e9rer la prime panier en entreprise<\/h2>\n<h3>R\u00e9sum\u00e9 des obligations RH<\/h3>\n<p>La prime panier n\u2019est pas syst\u00e9matiquement obligatoire, mais son versement peut d\u00e9couler d\u2019accords collectifs, d\u2019usages ou de dispositions internes. Pour \u00e9viter les erreurs, il est essentiel de <strong>v\u00e9rifier les conventions applicables<\/strong>, respecter les <strong>plafonds URSSAF<\/strong>, et s\u2019assurer que les conditions d\u2019\u00e9ligibilit\u00e9 sont bien remplies (horaires d\u00e9cal\u00e9s, absence de cantine, d\u00e9placement\u2026).<\/p>\n<h3>Pourquoi automatiser sa gestion avec Factorial<\/h3>\n<p>G\u00e9rer les primes panier \u00e0 la main multiplie les risques d\u2019erreurs de paie, de non-conformit\u00e9 ou d\u2019oublis co\u00fbteux. Avec Factorial, vous pouvez :<\/p>\n<ul>\n<li>Centraliser les r\u00e8gles par convention collective.<\/li>\n<li>Appliquer automatiquement les bons montants selon les cas.<\/li>\n<li>Justifier les versements en cas de contr\u00f4le URSSAF.<\/li>\n<li>Suivre vos d\u00e9penses en temps r\u00e9el, sans surcharge administrative<\/li>\n<\/ul>\n<p>\ud83d\udc49 <strong>Demandez votre d\u00e9mo gratuite<\/strong> et gagnez en fiabilit\u00e9 dans la gestion de vos indemnit\u00e9s repas.<\/p>\n<h2>FAQ : Les r\u00e9ponses \u00e0 vos questions sur la prime panier<\/h2>\n<h3>Quel est le montant d&rsquo;une prime de panier ?<\/h3>\n<p>Le montant est un forfait qui d\u00e9pend des conditions de repas. Les plafonds d&rsquo;exon\u00e9ration URSSAF pour 2025 sont de 7,40 \u20ac (sur site), 10,30 \u20ac (hors site) et 21,10 \u20ac (au restaurant en d\u00e9placement).<\/p>\n<h3>Comment calculer la prime de panier ?<\/h3>\n<p>Le montant de la prime panier n&rsquo;est pas calcul\u00e9 sur le salaire, mais est une indemnit\u00e9 forfaitaire. Il est g\u00e9n\u00e9ralement fix\u00e9 par la convention collective ou un accord d&rsquo;entreprise, tout en respectant les plafonds d&rsquo;exon\u00e9ration d\u00e9finis par l&rsquo;URSSAF.<\/p>\n<h3>Quand est-ce que la prime de panier est vers\u00e9e ?<\/h3>\n<p>La prime de panier est vers\u00e9e lorsque les conditions de travail (horaires d\u00e9cal\u00e9s, d\u00e9placement, travail de nuit) emp\u00eachent un salari\u00e9 de prendre son repas \u00e0 son domicile ou dans une cantine d&rsquo;entreprise. Elle compense les frais de restauration engag\u00e9s.<\/p>\n<h3>La prime est-elle vers\u00e9e en cas d\u2019absence ?<\/h3>\n<p>Non. La prime panier est li\u00e9e \u00e0 l\u2019activit\u00e9. Elle n\u2019est pas due en cas d\u2019absence (cong\u00e9, maladie, t\u00e9l\u00e9travail, etc.), sauf dispositions contraires dans un accord collectif ou usage sp\u00e9cifique.<\/p>\n<h3>Est-ce que les primes panier sont imposables ?<\/h3>\n<p>Non, la prime panier n&rsquo;est pas imposable si elle respecte les conditions d&rsquo;attribution et les plafonds d&rsquo;exon\u00e9ration fix\u00e9s par l&rsquo;URSSAF. La part qui d\u00e9passe ces limites est r\u00e9int\u00e9gr\u00e9e au salaire brut et devient soumise \u00e0 l&rsquo;imp\u00f4t et aux cotisations sociales.<\/p>\n","protected":false},"excerpt":{"rendered":"<p>Prime panier, indemnit\u00e9 repas, panier de nuit\u2026 Difficile d\u2019y voir clair quand on g\u00e8re la paie. Qui y a droit ? \u00c0 partir de combien d\u2019heures ? Est-elle obligatoire ? Et surtout, comment l\u2019appliquer sans erreur en 2025 ? On fait le point pour les RH, les managers et les dirigeants d\u2019entreprises. Qu&rsquo;est-ce que la<a href=\"https:\/\/factorial.fr\/blog\/prime-panier\/\" class=\"read-more\"> [&#8230;]<\/a><\/p>\n","protected":false},"author":299,"featured_media":187360,"comment_status":"closed","ping_status":"closed","sticky":false,"template":"","format":"standard","meta":{"_acf_changed":false,"footnotes":""},"categories":[447,455],"tags":[],"class_list":["post-154216","post","type-post","status-publish","format-standard","has-post-thumbnail","hentry","category-finances-comptabilite","category-notes-de-frais"],"acf":{"topics":"finance"},"yoast_head":"<!-- This site is optimized with the Yoast SEO Premium plugin v21.5 (Yoast SEO v21.9.1) - https:\/\/yoast.com\/wordpress\/plugins\/seo\/ -->\n<title>Prime panier 2026 : obligations et plafonds URSSAF<\/title>\n<meta name=\"description\" content=\"Prime panier 2026 : plafonds URSSAF, obligations l\u00e9gales et conditions d&#039;attribution. \u00c9vitez les erreurs de paie. Guide pour RH et managers.\" \/>\n<meta name=\"robots\" content=\"index, follow, max-snippet:-1, max-image-preview:large, max-video-preview:-1\" \/>\n<link rel=\"canonical\" href=\"https:\/\/factorial.fr\/blog\/prime-panier\/\" \/>\n<meta property=\"og:locale\" content=\"fr_FR\" \/>\n<meta property=\"og:type\" content=\"article\" \/>\n<meta property=\"og:title\" content=\"Prime panier : D\u00e9finition, obligations et exon\u00e9rations 2026\" \/>\n<meta property=\"og:description\" content=\"Prime panier 2026 : plafonds URSSAF, obligations l\u00e9gales et conditions d&#039;attribution. \u00c9vitez les erreurs de paie. Guide pour RH et managers.\" \/>\n<meta property=\"og:url\" content=\"https:\/\/factorial.fr\/blog\/prime-panier\/\" \/>\n<meta property=\"og:site_name\" content=\"Factorial\" \/>\n<meta property=\"article:publisher\" content=\"https:\/\/www.facebook.com\/people\/Factorial\/100064908455810\/\" \/>\n<meta property=\"article:published_time\" content=\"2025-03-19T18:35:28+00:00\" \/>\n<meta property=\"article:modified_time\" content=\"2026-04-23T09:01:26+00:00\" \/>\n<meta property=\"og:image\" content=\"https:\/\/factorial.fr\/wp-content\/uploads\/2025\/03\/23105833\/prime-panier.webp\" \/>\n\t<meta property=\"og:image:width\" content=\"1920\" \/>\n\t<meta property=\"og:image:height\" content=\"1080\" \/>\n\t<meta property=\"og:image:type\" content=\"image\/webp\" \/>\n<meta name=\"author\" content=\"Joris de Labarthe\" \/>\n<meta name=\"twitter:card\" content=\"summary_large_image\" \/>\n<meta name=\"twitter:creator\" content=\"@factorialapp\" \/>\n<meta name=\"twitter:site\" content=\"@factorialapp\" \/>\n<meta name=\"twitter:label1\" content=\"Written by\" \/>\n\t<meta name=\"twitter:data1\" content=\"Joris de Labarthe\" \/>\n\t<meta name=\"twitter:label2\" content=\"Est. reading time\" \/>\n\t<meta name=\"twitter:data2\" content=\"10 minutes\" \/>\n<script type=\"application\/ld+json\" class=\"yoast-schema-graph\">{\"@context\":\"https:\/\/schema.org\",\"@graph\":[{\"@type\":\"Article\",\"@id\":\"https:\/\/factorial.fr\/blog\/prime-panier\/#article\",\"isPartOf\":{\"@id\":\"https:\/\/factorial.fr\/blog\/prime-panier\/\"},\"author\":{\"name\":\"Joris de Labarthe\",\"@id\":\"https:\/\/factorial.fr\/blog\/#\/schema\/person\/57c7e0aba6908b7b7e39186c60346baf\"},\"headline\":\"Prime panier : D\u00e9finition, obligations et exon\u00e9rations 2026\",\"datePublished\":\"2025-03-19T18:35:28+00:00\",\"dateModified\":\"2026-04-23T09:01:26+00:00\",\"mainEntityOfPage\":{\"@id\":\"https:\/\/factorial.fr\/blog\/prime-panier\/\"},\"wordCount\":2462,\"publisher\":{\"@id\":\"https:\/\/factorial.fr\/blog\/#organization\"},\"articleSection\":[\"Finances et comptabilit\u00e9\",\"Notes de frais\"],\"inLanguage\":\"fr-FR\"},{\"@type\":\"WebPage\",\"@id\":\"https:\/\/factorial.fr\/blog\/prime-panier\/\",\"url\":\"https:\/\/factorial.fr\/blog\/prime-panier\/\",\"name\":\"Prime panier 2026 : obligations et plafonds URSSAF\",\"isPartOf\":{\"@id\":\"https:\/\/factorial.fr\/blog\/#website\"},\"datePublished\":\"2025-03-19T18:35:28+00:00\",\"dateModified\":\"2026-04-23T09:01:26+00:00\",\"description\":\"Prime panier 2026 : plafonds URSSAF, obligations l\u00e9gales et conditions d'attribution. \u00c9vitez les erreurs de paie. Guide pour RH et managers.\",\"inLanguage\":\"fr-FR\",\"potentialAction\":[{\"@type\":\"ReadAction\",\"target\":[\"https:\/\/factorial.fr\/blog\/prime-panier\/\"]}]},{\"@type\":\"WebSite\",\"@id\":\"https:\/\/factorial.fr\/blog\/#website\",\"url\":\"https:\/\/factorial.fr\/blog\/\",\"name\":\"Factorial\",\"description\":\"\",\"publisher\":{\"@id\":\"https:\/\/factorial.fr\/blog\/#organization\"},\"potentialAction\":[{\"@type\":\"SearchAction\",\"target\":{\"@type\":\"EntryPoint\",\"urlTemplate\":\"https:\/\/factorial.fr\/blog\/?s={search_term_string}\"},\"query-input\":\"required name=search_term_string\"}],\"inLanguage\":\"fr-FR\"},{\"@type\":\"Organization\",\"@id\":\"https:\/\/factorial.fr\/blog\/#organization\",\"name\":\"All-in-one business management software - Factorial\",\"url\":\"https:\/\/factorial.fr\/blog\/\",\"logo\":{\"@type\":\"ImageObject\",\"inLanguage\":\"fr-FR\",\"@id\":\"https:\/\/factorial.fr\/blog\/#\/schema\/logo\/image\/\",\"url\":\"https:\/\/factorial.fr\/wp-content\/uploads\/2023\/07\/18155144\/factorial-logo.png\",\"contentUrl\":\"https:\/\/factorial.fr\/wp-content\/uploads\/2023\/07\/18155144\/factorial-logo.png\",\"width\":946,\"height\":880,\"caption\":\"All-in-one business management software - Factorial\"},\"image\":{\"@id\":\"https:\/\/factorial.fr\/blog\/#\/schema\/logo\/image\/\"},\"sameAs\":[\"https:\/\/www.facebook.com\/people\/Factorial\/100064908455810\/\",\"https:\/\/twitter.com\/factorialapp\",\"https:\/\/www.linkedin.com\/company\/factorialhr\",\"https:\/\/www.youtube.com\/@factorialmedia\",\"https:\/\/www.instagram.com\/factorial\/#\"]},{\"@type\":\"Person\",\"@id\":\"https:\/\/factorial.fr\/blog\/#\/schema\/person\/57c7e0aba6908b7b7e39186c60346baf\",\"name\":\"Joris de Labarthe\",\"image\":{\"@type\":\"ImageObject\",\"inLanguage\":\"fr-FR\",\"@id\":\"https:\/\/factorial.fr\/blog\/#\/schema\/person\/image\/\",\"url\":\"https:\/\/secure.gravatar.com\/avatar\/f427fef471d7985836654646b75ceaaa?s=96&d=identicon&r=g\",\"contentUrl\":\"https:\/\/secure.gravatar.com\/avatar\/f427fef471d7985836654646b75ceaaa?s=96&d=identicon&r=g\",\"caption\":\"Joris de Labarthe\"},\"description\":\"Joris est SEO Content Specialist chez Factorial, o\u00f9 il met ses talents d\u2019optimisation et de strat\u00e9gie \u00e9ditoriale au service d\u2019une mission : aider les PME \u00e0 digitaliser et simplifier leur gestion RH. Passionn\u00e9 par les mots bien plac\u00e9s et les sites bien r\u00e9f\u00e9renc\u00e9s, il aime cr\u00e9er du contenu qui attire, engage et convertit. En dehors des \u00e9crans, il d\u00e9connecte volontiers avec un ballon, un appareil photo ou un billet d\u2019avion.\",\"sameAs\":[\"https:\/\/www.linkedin.com\/in\/joris-de-labarthe\/\"],\"url\":\"https:\/\/factorial.fr\/blog\/author\/joris-delabarthefactorial-co\/\"}]}<\/script>\n<!-- \/ Yoast SEO Premium plugin. -->","yoast_head_json":{"title":"Prime panier 2026 : obligations et plafonds URSSAF","description":"Prime panier 2026 : plafonds URSSAF, obligations l\u00e9gales et conditions d'attribution. \u00c9vitez les erreurs de paie. Guide pour RH et managers.","robots":{"index":"index","follow":"follow","max-snippet":"max-snippet:-1","max-image-preview":"max-image-preview:large","max-video-preview":"max-video-preview:-1"},"canonical":"https:\/\/factorial.fr\/blog\/prime-panier\/","og_locale":"fr_FR","og_type":"article","og_title":"Prime panier : D\u00e9finition, obligations et exon\u00e9rations 2026","og_description":"Prime panier 2026 : plafonds URSSAF, obligations l\u00e9gales et conditions d'attribution. \u00c9vitez les erreurs de paie. Guide pour RH et managers.","og_url":"https:\/\/factorial.fr\/blog\/prime-panier\/","og_site_name":"Factorial","article_publisher":"https:\/\/www.facebook.com\/people\/Factorial\/100064908455810\/","article_published_time":"2025-03-19T18:35:28+00:00","article_modified_time":"2026-04-23T09:01:26+00:00","og_image":[{"width":1920,"height":1080,"url":"https:\/\/factorial.fr\/wp-content\/uploads\/2025\/03\/23105833\/prime-panier.webp","type":"image\/webp"}],"author":"Joris de Labarthe","twitter_card":"summary_large_image","twitter_creator":"@factorialapp","twitter_site":"@factorialapp","twitter_misc":{"Written by":"Joris de Labarthe","Est. reading time":"10 minutes"},"schema":{"@context":"https:\/\/schema.org","@graph":[{"@type":"Article","@id":"https:\/\/factorial.fr\/blog\/prime-panier\/#article","isPartOf":{"@id":"https:\/\/factorial.fr\/blog\/prime-panier\/"},"author":{"name":"Joris de Labarthe","@id":"https:\/\/factorial.fr\/blog\/#\/schema\/person\/57c7e0aba6908b7b7e39186c60346baf"},"headline":"Prime panier : D\u00e9finition, obligations et exon\u00e9rations 2026","datePublished":"2025-03-19T18:35:28+00:00","dateModified":"2026-04-23T09:01:26+00:00","mainEntityOfPage":{"@id":"https:\/\/factorial.fr\/blog\/prime-panier\/"},"wordCount":2462,"publisher":{"@id":"https:\/\/factorial.fr\/blog\/#organization"},"articleSection":["Finances et comptabilit\u00e9","Notes de frais"],"inLanguage":"fr-FR"},{"@type":"WebPage","@id":"https:\/\/factorial.fr\/blog\/prime-panier\/","url":"https:\/\/factorial.fr\/blog\/prime-panier\/","name":"Prime panier 2026 : obligations et plafonds URSSAF","isPartOf":{"@id":"https:\/\/factorial.fr\/blog\/#website"},"datePublished":"2025-03-19T18:35:28+00:00","dateModified":"2026-04-23T09:01:26+00:00","description":"Prime panier 2026 : plafonds URSSAF, obligations l\u00e9gales et conditions d'attribution. \u00c9vitez les erreurs de paie. Guide pour RH et managers.","inLanguage":"fr-FR","potentialAction":[{"@type":"ReadAction","target":["https:\/\/factorial.fr\/blog\/prime-panier\/"]}]},{"@type":"WebSite","@id":"https:\/\/factorial.fr\/blog\/#website","url":"https:\/\/factorial.fr\/blog\/","name":"Factorial","description":"","publisher":{"@id":"https:\/\/factorial.fr\/blog\/#organization"},"potentialAction":[{"@type":"SearchAction","target":{"@type":"EntryPoint","urlTemplate":"https:\/\/factorial.fr\/blog\/?s={search_term_string}"},"query-input":"required name=search_term_string"}],"inLanguage":"fr-FR"},{"@type":"Organization","@id":"https:\/\/factorial.fr\/blog\/#organization","name":"All-in-one business management software - Factorial","url":"https:\/\/factorial.fr\/blog\/","logo":{"@type":"ImageObject","inLanguage":"fr-FR","@id":"https:\/\/factorial.fr\/blog\/#\/schema\/logo\/image\/","url":"https:\/\/factorial.fr\/wp-content\/uploads\/2023\/07\/18155144\/factorial-logo.png","contentUrl":"https:\/\/factorial.fr\/wp-content\/uploads\/2023\/07\/18155144\/factorial-logo.png","width":946,"height":880,"caption":"All-in-one business management software - Factorial"},"image":{"@id":"https:\/\/factorial.fr\/blog\/#\/schema\/logo\/image\/"},"sameAs":["https:\/\/www.facebook.com\/people\/Factorial\/100064908455810\/","https:\/\/twitter.com\/factorialapp","https:\/\/www.linkedin.com\/company\/factorialhr","https:\/\/www.youtube.com\/@factorialmedia","https:\/\/www.instagram.com\/factorial\/#"]},{"@type":"Person","@id":"https:\/\/factorial.fr\/blog\/#\/schema\/person\/57c7e0aba6908b7b7e39186c60346baf","name":"Joris de Labarthe","image":{"@type":"ImageObject","inLanguage":"fr-FR","@id":"https:\/\/factorial.fr\/blog\/#\/schema\/person\/image\/","url":"https:\/\/secure.gravatar.com\/avatar\/f427fef471d7985836654646b75ceaaa?s=96&d=identicon&r=g","contentUrl":"https:\/\/secure.gravatar.com\/avatar\/f427fef471d7985836654646b75ceaaa?s=96&d=identicon&r=g","caption":"Joris de Labarthe"},"description":"Joris est SEO Content Specialist chez Factorial, o\u00f9 il met ses talents d\u2019optimisation et de strat\u00e9gie \u00e9ditoriale au service d\u2019une mission : aider les PME \u00e0 digitaliser et simplifier leur gestion RH. Passionn\u00e9 par les mots bien plac\u00e9s et les sites bien r\u00e9f\u00e9renc\u00e9s, il aime cr\u00e9er du contenu qui attire, engage et convertit. En dehors des \u00e9crans, il d\u00e9connecte volontiers avec un ballon, un appareil photo ou un billet d\u2019avion.","sameAs":["https:\/\/www.linkedin.com\/in\/joris-de-labarthe\/"],"url":"https:\/\/factorial.fr\/blog\/author\/joris-delabarthefactorial-co\/"}]}},"_links":{"self":[{"href":"https:\/\/factorial.fr\/blog\/wp-json\/wp\/v2\/posts\/154216"}],"collection":[{"href":"https:\/\/factorial.fr\/blog\/wp-json\/wp\/v2\/posts"}],"about":[{"href":"https:\/\/factorial.fr\/blog\/wp-json\/wp\/v2\/types\/post"}],"author":[{"embeddable":true,"href":"https:\/\/factorial.fr\/blog\/wp-json\/wp\/v2\/users\/299"}],"replies":[{"embeddable":true,"href":"https:\/\/factorial.fr\/blog\/wp-json\/wp\/v2\/comments?post=154216"}],"version-history":[{"count":6,"href":"https:\/\/factorial.fr\/blog\/wp-json\/wp\/v2\/posts\/154216\/revisions"}],"predecessor-version":[{"id":187361,"href":"https:\/\/factorial.fr\/blog\/wp-json\/wp\/v2\/posts\/154216\/revisions\/187361"}],"wp:featuredmedia":[{"embeddable":true,"href":"https:\/\/factorial.fr\/blog\/wp-json\/wp\/v2\/media\/187360"}],"wp:attachment":[{"href":"https:\/\/factorial.fr\/blog\/wp-json\/wp\/v2\/media?parent=154216"}],"wp:term":[{"taxonomy":"category","embeddable":true,"href":"https:\/\/factorial.fr\/blog\/wp-json\/wp\/v2\/categories?post=154216"},{"taxonomy":"post_tag","embeddable":true,"href":"https:\/\/factorial.fr\/blog\/wp-json\/wp\/v2\/tags?post=154216"}],"curies":[{"name":"wp","href":"https:\/\/api.w.org\/{rel}","templated":true}]}}