{"id":149986,"date":"2025-02-07T15:10:50","date_gmt":"2025-02-07T13:10:50","guid":{"rendered":"https:\/\/factorialhr.com\/blog\/?p=149986"},"modified":"2026-04-27T12:46:30","modified_gmt":"2026-04-27T10:46:30","slug":"frais-repas","status":"publish","type":"post","link":"https:\/\/factorial.fr\/blog\/frais-repas\/","title":{"rendered":"Les frais de repas en 2025 : ce qu&rsquo;il faut savoir"},"content":{"rendered":"<p><script type=\"application\/ld+json\"><span data-mce-type=\"bookmark\" style=\"display: inline-block; width: 0px; overflow: hidden; line-height: 0;\" class=\"mce_SELRES_start\">\ufeff<\/span>\n{\n  \"@context\": \"https:\/\/schema.org\",\n  \"@type\": \"FAQPage\",\n  \"mainEntity\": [{\n    \"@type\": \"Question\",\n    \"name\": \"Quel est le montant des frais de repas d\u00e9ductibles ?\",\n    \"acceptedAnswer\": {\n      \"@type\": \"Answer\",\n      \"text\": \"En 2025, le montant maximum d\u00e9ductible pour un repas est de 14,70 \u20ac. Ce calcul correspond \u00e0 la diff\u00e9rence entre la limite de d\u00e9duction (19,80 \u20ac) et la valeur forfaitaire d'un repas pris \u00e0 domicile, fix\u00e9e \u00e0 5,10 \u20ac.\"\n    }\n  },{\n    \"@type\": \"Question\",\n    \"name\": \"Comment calculer les frais r\u00e9els pour les repas ?\",\n    \"acceptedAnswer\": {\n      \"@type\": \"Answer\",\n      \"text\": \"Pour calculer vos frais r\u00e9els, soustrayez la valeur forfaitaire d'un repas \u00e0 domicile (5,10 \u20ac en 2025) du montant que vous avez pay\u00e9. La d\u00e9pense doit \u00eatre justifi\u00e9e et ne pas d\u00e9passer 19,80 \u20ac pour \u00eatre d\u00e9ductible dans cette limite.\"\n    }\n  },{\n    \"@type\": \"Question\",\n    \"name\": \"Quel est le montant de l'indemnit\u00e9 repas ?\",\n    \"acceptedAnswer\": {\n      \"@type\": \"Answer\",\n      \"text\": \"Le montant de l'indemnit\u00e9 repas, ou panier repas, varie selon les entreprises et les conventions collectives. Vers\u00e9e par l'employeur, cette indemnit\u00e9 est exon\u00e9r\u00e9e de charges sociales et d'imp\u00f4ts dans la limite des plafonds fix\u00e9s par l'administration.\"\n    }\n  }]\n}\n<\/script><\/p>\n<p data-pm-slice=\"1 1 []\">La gestion des <strong>frais de repas<\/strong>, \u00e9galement appel\u00e9s <strong>paniers repas<\/strong>, continue d\u2019\u00e9voluer en 2025 pour s\u2019adapter aux nouvelles r\u00e9alit\u00e9s professionnelles et \u00e9conomiques. Entre les hausses de plafonds et les ajustements r\u00e9glementaires, il est essentiel de bien comprendre leur fonctionnement.<\/p>\n<p>Comment <strong>calculer les frais de repas<\/strong>, quels sont les <strong>montants d\u00e9ductibles<\/strong> et quelles sont les d\u00e9marches \u00e0 suivre ?<\/p>\n<p>Cet article vous guide \u00e0 travers tout ce qu\u2019il faut savoir pour optimiser la gestion de vos paniers repas tout en respectant les obligations fiscales.<\/p>\n<p><div class=\"factorial-banner inline-banner banner-demo category-finances-et-comptabilite\"\n    data-banner-id=\"173708\"\n    data-banner-type=\"demo\"\n    data-category=\"Finances et comptabilit\u00e9\">\n    <div class=\"banner-content\">\n        <div class=\"banner-text\">\n                            <h4>Factorial, le logiciel de notes de frais pour des d\u00e9penses parfaitement ma\u00eetris\u00e9es.<\/h4>\n            \n            \n                            <a href=\"https:\/\/factorial.fr\/demander-demo\"\n                    class=\"factorial-cta-button not-prose demo btn-brand\" data-cta=\"demo\" data-cta-position=\"inline-banner\">\n                    Demander une d\u00e9mo                <\/a>\n                    <\/div>\n\n        <div class=\"banner-image has-image\">\n            <img decoding=\"async\" src=\"https:\/\/factorialhr.com\/wp-content\/uploads\/2025\/11\/17134159\/note-de-frais.png\" class=\"not-prose\" \/>\n        <\/div>\n    <\/div>\n<\/div><br \/>\n<div class=\"js-toc toc\">\n<p class=\"js-toc-title toc__title\">Table des mati\u00e8res<\/p>\n<nav id=\"fac_toc_nav\" class=\"js-toc-nav toc__nav\" aria-label=\"Table des mati\u00e8res\"><ol class=\"toc__list toc__list--level-1\"><li class=\"toc-heading-level-2\"><a class=\"toc__link toc-link-heading-1\" href=\"https:\/\/factorial.fr\/blog\/frais-repas\/#frais-de-repas-comment-ca-fonctionne\" title=\"Frais de repas : comment \u00e7a fonctionne ?\" data-target-id=\"frais-de-repas-comment-ca-fonctionne\">Frais de repas : comment \u00e7a fonctionne ?<\/a><\/li><li class=\"toc-heading-level-2\"><a class=\"toc__link toc-link-heading-2\" href=\"https:\/\/factorial.fr\/blog\/frais-repas\/#quel-est-le-bareme-des-frais-de-repas-pour-2026\" title=\"Quel est le bar\u00e8me des frais de repas pour 2026 ?\" data-target-id=\"quel-est-le-bareme-des-frais-de-repas-pour-2026\">Quel est le bar\u00e8me des frais de repas pour 2026 ?<\/a><\/li><li class=\"toc-heading-level-2\"><a class=\"toc__link toc-link-heading-3\" href=\"https:\/\/factorial.fr\/blog\/frais-repas\/#comment-calculer-la-deduction-des-frais-de-repas-en-2026\" title=\"Comment calculer la d\u00e9duction des frais de repas en 2026 ?\" data-target-id=\"comment-calculer-la-deduction-des-frais-de-repas-en-2026\">Comment calculer la d\u00e9duction des frais de repas en 2026 ?<\/a><\/li><li class=\"toc-heading-level-2\"><a class=\"toc__link toc-link-heading-4\" href=\"https:\/\/factorial.fr\/blog\/frais-repas\/#quelles-sont-les-conditions-pour-deduire-ses-frais-de-repas\" title=\"Quelles sont les conditions pour d\u00e9duire ses frais de repas ?\" data-target-id=\"quelles-sont-les-conditions-pour-deduire-ses-frais-de-repas\">Quelles sont les conditions pour d\u00e9duire ses frais de repas ?<\/a><\/li><li class=\"toc-heading-level-2\"><a class=\"toc__link toc-link-heading-5\" href=\"https:\/\/factorial.fr\/blog\/frais-repas\/#frais-reels-ou-abattement-forfaitaire-que-choisir\" title=\"Frais r\u00e9els ou abattement forfaitaire: que choisir ?\" data-target-id=\"frais-reels-ou-abattement-forfaitaire-que-choisir\">Frais r\u00e9els ou abattement forfaitaire: que choisir ?<\/a><\/li><li class=\"toc-heading-level-2\"><a class=\"toc__link toc-link-heading-6\" href=\"https:\/\/factorial.fr\/blog\/frais-repas\/#quid-des-titres-restaurant-en-2026\" title=\"Quid des titres-restaurant en 2026 ?\" data-target-id=\"quid-des-titres-restaurant-en-2026\">Quid des titres-restaurant en 2026 ?<\/a><\/li><li class=\"toc-heading-level-2\"><a class=\"toc__link toc-link-heading-7\" href=\"https:\/\/factorial.fr\/blog\/frais-repas\/#comment-declarer-les-frais-de-repas-aux-impots\" title=\"Comment d\u00e9clarer les frais de repas aux imp\u00f4ts ?\" data-target-id=\"comment-declarer-les-frais-de-repas-aux-impots\">Comment d\u00e9clarer les frais de repas aux imp\u00f4ts ?<\/a><\/li><li class=\"toc-heading-level-2\"><a class=\"toc__link toc-link-heading-8\" href=\"https:\/\/factorial.fr\/blog\/frais-repas\/#conclusion\" title=\"Conclusion\" data-target-id=\"conclusion\">Conclusion<\/a><\/li><li class=\"toc-heading-level-2\"><a class=\"toc__link toc-link-heading-9\" href=\"https:\/\/factorial.fr\/blog\/frais-repas\/#faq\" title=\"FAQ\" data-target-id=\"faq\">FAQ<\/a><\/li><\/ol><\/nav><\/div><\/p>\n<h2>Frais de repas : comment \u00e7a fonctionne ?<\/h2>\n<p>Les frais de repas correspondent aux <strong>d\u00e9penses<\/strong> engag\u00e9es par un <strong>salari\u00e9<\/strong> ou un <strong>professionnel ind\u00e9pendant<\/strong> pour <strong>se nourrir dans le cadre de son activit\u00e9 professionnelle<\/strong>. Ils surviennent g\u00e9n\u00e9ralement lorsqu\u2019il est impossible de rentrer chez soi pour prendre un repas, notamment pour des raisons li\u00e9es aux horaires ou \u00e0 l\u2019\u00e9loignement du lieu de travail.<\/p>\n<h4><strong>Dans quels cas les frais de repas sont-ils pris en charge ?<\/strong><\/h4>\n<p>Ces situations incluent notamment :<\/p>\n<ul>\n<li>Un <strong>d\u00e9placement professionnel<\/strong>, comme un chantier \u00e9loign\u00e9.<\/li>\n<li>Une <strong>mission en ext\u00e9rieur<\/strong> n\u00e9cessitant une pr\u00e9sence continue.<\/li>\n<li>Des <strong>horaires<\/strong> qui ne permettent pas de retourner chez soi \u00e0 midi.<\/li>\n<\/ul>\n<p>\u00c0 noter : les d\u00e9penses personnelles effectu\u00e9es en dehors de ces crit\u00e8res ne sont pas reconnues comme des frais professionnels. Elles ne donnent donc pas lieu \u00e0 une indemnisation par l\u2019employeur ni \u00e0 une d\u00e9duction fiscale.<\/p>\n<h3><strong>Quels dispositifs en 2025 ?\u00a0<\/strong><\/h3>\n<p>Les entreprises proposent diff\u00e9rents moyens de couvrir ces frais de repas:<\/p>\n<ul>\n<li><strong>Indemnisation directe<\/strong> : versement d&rsquo;une somme forfaitaire.<\/li>\n<li><strong>Tickets ou cartes restaurant<\/strong> : accept\u00e9s dans de nombreux \u00e9tablissements.<\/li>\n<li><strong>Remboursement sur justificatifs<\/strong> : le salari\u00e9 conserve et soumet la facture de son repas.<\/li>\n<\/ul>\n<p>La digitalisation a simplifi\u00e9 cette gestion gr\u00e2ce \u00e0 des plateformes automatis\u00e9es de gestion des notes de frais comme <a href=\"https:\/\/factorial.fr\/logiciel-de-rrhh\">Factorial<\/a>. Une photo du justificatif suffit souvent \u00e0 valider une d\u00e9pense et \u00e0 obtenir un remboursement rapide.<br \/>\n<style>\r\n\t.text-width {\r\n\t\tmax-width: 26.5rem;\r\n\t}\r\n\t\r\n\t.gap-6 {\r\n\t\tgap: 24px;\r\n\t}\r\n\t\r\n\t.px-5 {\r\n\t\tpadding-right: 20px;\r\n\t\tpadding-left: 20px;\r\n\t}\r\n\t\r\n\t.demo-banner {\r\n\t\tdisplay: flex;\r\n\t\tflex-direction: column;\r\n\t\twidth: 100%;\r\n\t\tgap: 24px;\r\n\t\tpadding-right: 20px;\r\n\t\tpadding-left: 20px;\r\n\t\tborder-radius: 1rem;\r\n\t\tbox-shadow: 0 1px 3px 0 rgba(0, 0, 0, 0.1), 0 1px 2px 0 rgba(0, 0, 0, 0.06);\r\n\t\tjustify-content: space-between;\r\n\t\talign-items: center;\r\n\t\tmargin-top: 16px;\r\n\t\tmargin-bottom: 16px;\r\n\t}\r\n\r\n\t.demo-banner .demo-cta:hover{\r\n\t\tcolor: rgb(255,255,255);\r\n\t\tborder-color: rgb(255,53,94);\r\n\t\tbackground-color: rgb(255,53,94);\t\r\n\t}\r\n\t\r\n\t\/* Media Queries *\/\r\n\t@media (min-width: 768px) {\r\n\t\t.demo-banner {\r\n\t\t\tflex-direction: row;\r\n\t\t}\r\n\t}\r\n<\/style>\r\n\r\n<div class=\"demo-banner border\">\r\n\t<div class=\"text-lg font-bold text-width\">\r\n\t\tAutomatisez la gestion des notes de frais avec des informations en temps r\u00e9el pour gagner du temps et mieux contr\u00f4ler vos d\u00e9penses.\r\n\t<\/div>\r\n\t<a role='button' id=\"demo-cta-149977\"  data-cta=\"demo\" data-cta-position=\"pod-demo-banner-149977\" class=\"demo-cta btn btn--brand btn--medium btn--rounded w-full md:w-auto\" href=\"https:\/\/factorial.fr\/demander-demo\">\r\n\t\tDemander une d\u00e9mo\t<\/a>\r\n<\/div>\r\n\r\n<script>\r\n(() => {\r\n  const demoCta = document.getElementById(\"demo-cta-149977\");\r\n  demoCta.addEventListener (\"click\", ()=>{\r\n    window.GoogleAnalytics.trackEvent({\r\n          action: 'banner_click',\r\n          category: 'blog_banner_inline_text',\r\n\t\t  label: demoCta.innerText,\r\n          isoCode: \"\",\r\n    })\r\n\t\r\n  })\r\n  \r\n  const options = {\t  \r\n\t  rootMargin: \"0px\",\r\n\t  threshold: 1.0,\r\n\t};\r\n\r\n\tconst observer = new IntersectionObserver((entries) => {\r\n\t\t entries.forEach((entry) => {\r\n\t\t\tif (entry.isIntersecting) {\r\n\t\t\t  \tobserver.disconnect();\r\n\t\t\t\twindow.GoogleAnalytics.trackEvent({\r\n\t\t\t\t\taction: 'banner_view',\r\n\t\t\t\t\tcategory: 'blog_banner_inline_text',\r\n\t\t\t\t\tlabel: demoCta.innerText,\r\n\t\t\t\t\tisoCode: \"\",\r\n\t\t\t\t});\r\n\t\t\t}\r\n\t\t  });\r\n\t}, options);\r\n\t\r\n\t\r\n\t\r\n\tobserver.observe(demoCta);\r\n})()\r\n<\/script><\/p>\n<h2>Quel est le bar\u00e8me des frais de repas pour 2026 ?<\/h2>\n<table style=\"border-collapse: collapse; width: 100%;\">\n<tbody>\n<tr>\n<td style=\"width: 10.9046%;\">Ann\u00e9e<\/td>\n<td style=\"width: 28.2186%;\">Prix du repas \u00e0 domicile (\u20ac)<\/td>\n<td style=\"width: 30.3274%;\">Prix limite de d\u00e9duction (\u20ac)<\/td>\n<td style=\"width: 30.5494%;\">D\u00e9duction maximale par jour (\u20ac)<\/td>\n<\/tr>\n<tr>\n<td style=\"width: 10.9046%;\">2023<\/td>\n<td style=\"width: 28.2186%;\">5,20<\/td>\n<td style=\"width: 30.3274%;\">20,20<\/td>\n<td style=\"width: 30.5494%;\">15,00<\/td>\n<\/tr>\n<tr>\n<td style=\"width: 10.9046%;\">2024<\/td>\n<td style=\"width: 28.2186%;\">5,35<\/td>\n<td style=\"width: 30.3274%;\">20,70<\/td>\n<td style=\"width: 30.5494%;\">15,35<\/td>\n<\/tr>\n<tr>\n<td style=\"width: 10.9046%;\">2025<\/td>\n<td style=\"width: 28.2186%;\">5,45<\/td>\n<td style=\"width: 30.3274%;\">21,10<\/td>\n<td style=\"width: 30.5494%;\">15,65<\/td>\n<\/tr>\n<tr>\n<td style=\"width: 10.9046%;\"><strong>2026<\/strong><\/td>\n<td style=\"width: 28.2186%;\"><strong>5,50<\/strong><\/td>\n<td style=\"width: 30.3274%;\"><strong>21,40<\/strong><\/td>\n<td style=\"width: 30.5494%;\"><strong>15,90<\/strong><\/td>\n<\/tr>\n<\/tbody>\n<\/table>\n<p><em>Source : Bar\u00e8mes fiscaux et URSSAF pour les ann\u00e9es concern\u00e9es. Les chiffres pour 2026 sont bas\u00e9s sur les derni\u00e8res publications.<\/em><\/p>\n<h2>Comment calculer la d\u00e9duction des frais de repas en 2026 ?<\/h2>\n<p data-pm-slice=\"1 1 []\">Le calcul de la part d\u00e9ductible des frais de repas en 2026 repose sur trois valeurs cl\u00e9s d\u00e9finies par l&rsquo;administration fiscale :<\/p>\n<ol start=\"1\" data-spread=\"true\">\n<li>La valeur forfaitaire d&rsquo;un repas pris \u00e0 domicile, qui est consid\u00e9r\u00e9e comme une d\u00e9pense personnelle non d\u00e9ductible. Pour 2026, ce montant est de 5,50\u20ac.<\/li>\n<li>Le plafond de la d\u00e9pense admise, au-del\u00e0 duquel le co\u00fbt est jug\u00e9 excessif. Ce plafond est de 21,40\u20ac en 2026.<\/li>\n<li>La part d\u00e9ductible maximale, qui est la diff\u00e9rence entre les deux, soit 15,90\u20ac selon les donn\u00e9es disponibles.<\/li>\n<\/ol>\n<p><em>Exemple de calcul pour un repas de 18 \u20ac :<\/em><br \/>\n<em>La d\u00e9pense est inf\u00e9rieure au plafond de 21,40 \u20ac. La <a href=\"https:\/\/www.dougs.fr\/blog\/frais-de-repas-deductible\/\">d\u00e9duction<\/a> est donc: 18 \u20ac &#8211; 5,50 \u20ac = 12,50 \u20ac.<\/em><\/p>\n<p><em>Exemple de calcul pour un repas de 25 \u20ac :<\/em><br \/>\n<em>La d\u00e9pense d\u00e9passe le plafond. Le calcul se base donc sur le plafond maximum admis: 21,40 \u20ac &#8211; 5,50 \u20ac = 15,90 \u20ac. La part <a href=\"https:\/\/www.dougs.fr\/blog\/frais-de-repas-deductible\/\">non d\u00e9ductible<\/a> est de 9,10 \u20ac (25 \u20ac &#8211; 15,90 \u20ac).<\/em><\/p>\n<p>Ces r\u00e8gles permettent de mieux encadrer les d\u00e9ductions tout en encourageant une gestion rigoureuse des frais de repas.<\/p>\n<div class=\"factorial-banner inline-banner banner-demo category-finances-et-comptabilite\"\n    data-banner-id=\"173708\"\n    data-banner-type=\"demo\"\n    data-category=\"Finances et comptabilit\u00e9\">\n    <div class=\"banner-content\">\n        <div class=\"banner-text\">\n                            <h4>Factorial, le logiciel de notes de frais pour des d\u00e9penses parfaitement ma\u00eetris\u00e9es.<\/h4>\n            \n            \n                            <a href=\"https:\/\/factorial.fr\/demander-demo\"\n                    class=\"factorial-cta-button not-prose demo btn-brand\" data-cta=\"demo\" data-cta-position=\"inline-banner\">\n                    Demander une d\u00e9mo                <\/a>\n                    <\/div>\n\n        <div class=\"banner-image has-image\">\n            <img decoding=\"async\" src=\"https:\/\/factorialhr.com\/wp-content\/uploads\/2025\/11\/17134159\/note-de-frais.png\" class=\"not-prose\" \/>\n        <\/div>\n    <\/div>\n<\/div>\n<h2>Quelles sont les conditions pour d\u00e9duire ses frais de repas ?<\/h2>\n<p>Pour que la d\u00e9duction soit accept\u00e9e par l&rsquo;administration fiscale, plusieurs conditions strictes doivent \u00eatre remplies :<\/p>\n<ul>\n<li><strong>L&rsquo;impossibilit\u00e9 de rentrer d\u00e9jeuner<\/strong> : La distance entre le lieu de travail et le domicile ou des horaires de travail sp\u00e9cifiques (journ\u00e9e continue, par exemple) doivent justifier la prise du repas \u00e0 l&rsquo;ext\u00e9rieur.<\/li>\n<li><strong>L&rsquo;absence de cantine<\/strong> : Le salari\u00e9 ne doit pas avoir acc\u00e8s \u00e0 un dispositif de restauration collective d&rsquo;entreprise.<\/li>\n<li><strong>La pr\u00e9sentation de justificatifs<\/strong> : Chaque d\u00e9pense doit \u00eatre prouv\u00e9e par une facture ou un re\u00e7u d\u00e9taill\u00e9 mentionnant la date, le lieu et le montant. Selon le Bulletin Officiel des Finances Publiques-Imp\u00f4ts (BOFIP), la conservation de ces justificatifs est imp\u00e9rative en cas de contr\u00f4le.<\/li>\n<\/ul>\n<h2 data-pm-slice=\"1 3 []\">Frais r\u00e9els ou abattement forfaitaire: que choisir ?<\/h2>\n<p>Les salari\u00e9s ont le choix entre deux options pour leurs frais professionnels :<\/p>\n<ul data-spread=\"false\">\n<li><strong>L&rsquo;abattement forfaitaire de 10 %<\/strong> : Appliqu\u00e9 par d\u00e9faut, il couvre l&rsquo;ensemble des frais professionnels (transport, repas, etc.). Pour les revenus 2025 d\u00e9clar\u00e9s en 2026, son montant est plafonn\u00e9 \u00e0 14 171 \u20ac. Cette option ne demande <a href=\"about:blank\">aucun justificatif<\/a>.<\/li>\n<li><strong>La d\u00e9duction des frais r\u00e9els<\/strong> : Si le total des d\u00e9penses professionnelles justifi\u00e9es (incluant les frais de repas calcul\u00e9s comme ci-dessus) d\u00e9passe 10 % des revenus, il est plus avantageux d&rsquo;opter pour les frais r\u00e9els. Ce choix impose une gestion rigoureuse et la conservation de tous les<a href=\"https:\/\/money.wizbii.com\/advices\/frais-repas-impots\"> justificatifs<\/a>.<\/li>\n<\/ul>\n<p>Il est crucial de calculer quelle option est la plus b\u00e9n\u00e9fique chaque ann\u00e9e.<\/p>\n<h2 data-pm-slice=\"1 1 []\">Quid des titres-restaurant en 2026 ?<\/h2>\n<p>Le titre-restaurant est un avantage social cofinanc\u00e9 par l&#8217;employeur et le salari\u00e9. La participation de l&#8217;employeur est exon\u00e9r\u00e9e de cotisations sociales et d&rsquo;imp\u00f4t sur le revenu si elle respecte deux conditions :<\/p>\n<ul>\n<li>Elle ne doit \u00eatre comprise entre 50% et 60% de la valeur du titre<\/li>\n<li>Elle ne doit pas d\u00e9passer le plafond l\u00e9gal, qui est de <a href=\"https:\/\/entreprendre.service-public.gouv.fr\/actualites\/A17989\"><strong>7,32 \u20ac par titre<\/strong><\/a> pour l&rsquo;ann\u00e9e 2026.<\/li>\n<\/ul>\n<p>En 2025, la fiscalit\u00e9 reste stable, mais l&rsquo;administration impose une plus grande rigueur dans le respect des plafonds et dans la preuve des d\u00e9penses.<\/p>\n<h2 data-pm-slice=\"1 1 []\">Comment d\u00e9clarer les frais de repas aux imp\u00f4ts ?<\/h2>\n<p>Si vous optez pour la d\u00e9duction des frais r\u00e9els lors de votre d\u00e9claration de revenus 2026 (sur les revenus 2025) :<\/p>\n<ul data-spread=\"false\">\n<li><strong>Salari\u00e9s<\/strong> : Le montant total de vos frais r\u00e9els (repas, transport, etc.) doit \u00eatre inscrit dans la case 1AK (ou 1BK pour le d\u00e9clarant 2) du formulaire 2042. Il faut \u00e9galement d\u00e9tailler la nature de ces frais dans une note annexe ou dans l&rsquo;espace pr\u00e9vu \u00e0 cet effet. Le site entreprendre.service-public.fr pr\u00e9cise cette proc\u00e9dure.<\/li>\n<li><strong>Ind\u00e9pendants (BNC\/BIC)<\/strong> : Les frais de repas sont \u00e0 int\u00e9grer dans les charges d\u00e9ductibles du r\u00e9sultat professionnel sur la d\u00e9claration 2035 ou correspondante.<\/li>\n<\/ul>\n<p>Une gestion m\u00e9ticuleuse des d\u00e9penses est essentielle. Des outils comme le\u00a0<a href=\"https:\/\/factorial.fr\/gestion-notes-frais\">logiciel de gestion des notes de frais de Factorial<\/a>\u00a0permettent de num\u00e9riser les justificatifs et d&rsquo;automatiser les calculs pour une d\u00e9claration sans erreur.<\/p>\n<h2>Conclusion<\/h2>\n<p data-pm-slice=\"1 1 []\">La r\u00e9glementation des frais de repas en 2026 impose une connaissance pr\u00e9cise des bar\u00e8mes et des conditions de d\u00e9duction. Que ce soit pour un salari\u00e9 optant pour les frais r\u00e9els ou pour un ind\u00e9pendant, une gestion rigoureuse des justificatifs est indispensable pour optimiser sa fiscalit\u00e9 en toute conformit\u00e9. L&rsquo;utilisation d&rsquo;outils num\u00e9riques simplifie grandement ce processus et minimise les risques d&rsquo;erreur.<\/p>\n<h2>FAQ<\/h2>\n<h3>Quel est le montant des frais de repas d\u00e9ductibles ?<\/h3>\n<p>En 2025, le montant maximum d\u00e9ductible pour un repas est de 14,70 \u20ac. Ce calcul correspond \u00e0 la diff\u00e9rence entre la limite de d\u00e9duction (19,80 \u20ac) et la valeur forfaitaire d&rsquo;un repas pris \u00e0 domicile, fix\u00e9e \u00e0 5,10 \u20ac.<\/p>\n<h3>Comment calculer les frais r\u00e9els pour les repas ?<\/h3>\n<p>Pour calculer vos frais r\u00e9els, soustrayez la valeur forfaitaire d&rsquo;un repas \u00e0 domicile (5,10 \u20ac en 2025) du montant que vous avez pay\u00e9. La d\u00e9pense doit \u00eatre justifi\u00e9e et ne pas d\u00e9passer 19,80 \u20ac pour \u00eatre d\u00e9ductible dans cette limite.<\/p>\n<h3>Quel est le montant de l&rsquo;indemnit\u00e9 repas ?<\/h3>\n<p>Le montant de l&rsquo;indemnit\u00e9 repas, ou panier repas, varie selon les entreprises et les conventions collectives. Vers\u00e9e par l&#8217;employeur, cette indemnit\u00e9 est exon\u00e9r\u00e9e de charges sociales et d&rsquo;imp\u00f4ts dans la limite des plafonds fix\u00e9s par l&rsquo;administration.<\/p>\n","protected":false},"excerpt":{"rendered":"<p>La gestion des frais de repas, \u00e9galement appel\u00e9s paniers repas, continue d\u2019\u00e9voluer en 2025 pour s\u2019adapter aux nouvelles r\u00e9alit\u00e9s professionnelles et \u00e9conomiques. Entre les hausses de plafonds et les ajustements r\u00e9glementaires, il est essentiel de bien comprendre leur fonctionnement. Comment calculer les frais de repas, quels sont les montants d\u00e9ductibles et quelles sont les d\u00e9marches<a href=\"https:\/\/factorial.fr\/blog\/frais-repas\/\" class=\"read-more\"> [&#8230;]<\/a><\/p>\n","protected":false},"author":288,"featured_media":187718,"comment_status":"closed","ping_status":"closed","sticky":false,"template":"","format":"standard","meta":{"_acf_changed":false,"footnotes":""},"categories":[447,455],"tags":[],"class_list":["post-149986","post","type-post","status-publish","format-standard","has-post-thumbnail","hentry","category-finances-comptabilite","category-notes-de-frais"],"acf":{"topics":"finance-expenses"},"yoast_head":"<!-- This site is optimized with the Yoast SEO Premium plugin v21.5 (Yoast SEO v21.9.1) - https:\/\/yoast.com\/wordpress\/plugins\/seo\/ -->\n<title>Frais de repas 2025 : calcul et d\u00e9duction fiscale<\/title>\n<meta name=\"description\" content=\"Ma\u00eetrisez les frais de repas 2025\/2026 : bar\u00e8mes, d\u00e9duction, conditions et d\u00e9claration. Optimisez vos d\u00e9penses professionnelles en toute conformit\u00e9.\" \/>\n<meta name=\"robots\" content=\"index, follow, max-snippet:-1, max-image-preview:large, max-video-preview:-1\" \/>\n<link rel=\"canonical\" href=\"https:\/\/factorial.fr\/blog\/frais-repas\/\" \/>\n<meta property=\"og:locale\" content=\"fr_FR\" \/>\n<meta property=\"og:type\" content=\"article\" \/>\n<meta property=\"og:title\" content=\"Les frais de repas en 2025 : ce qu&#039;il faut savoir\" \/>\n<meta property=\"og:description\" content=\"Ma\u00eetrisez les frais de repas 2025\/2026 : bar\u00e8mes, d\u00e9duction, conditions et d\u00e9claration. Optimisez vos d\u00e9penses professionnelles en toute conformit\u00e9.\" \/>\n<meta property=\"og:url\" content=\"https:\/\/factorial.fr\/blog\/frais-repas\/\" \/>\n<meta property=\"og:site_name\" content=\"Factorial\" \/>\n<meta property=\"article:publisher\" content=\"https:\/\/www.facebook.com\/people\/Factorial\/100064908455810\/\" \/>\n<meta property=\"article:published_time\" content=\"2025-02-07T13:10:50+00:00\" \/>\n<meta property=\"article:modified_time\" content=\"2026-04-27T10:46:30+00:00\" \/>\n<meta property=\"og:image\" content=\"https:\/\/factorial.fr\/wp-content\/uploads\/2025\/02\/27124451\/frais-repas-1.webp\" \/>\n\t<meta property=\"og:image:width\" content=\"1280\" \/>\n\t<meta property=\"og:image:height\" content=\"720\" \/>\n\t<meta property=\"og:image:type\" content=\"image\/webp\" \/>\n<meta name=\"author\" content=\"Maya Champion\" \/>\n<meta name=\"twitter:card\" content=\"summary_large_image\" \/>\n<meta name=\"twitter:creator\" content=\"@factorialapp\" \/>\n<meta name=\"twitter:site\" content=\"@factorialapp\" \/>\n<meta name=\"twitter:label1\" content=\"Written by\" \/>\n\t<meta name=\"twitter:data1\" content=\"Maya Champion\" \/>\n\t<meta name=\"twitter:label2\" content=\"Est. reading time\" \/>\n\t<meta name=\"twitter:data2\" content=\"6 minutes\" \/>\n<script type=\"application\/ld+json\" class=\"yoast-schema-graph\">{\"@context\":\"https:\/\/schema.org\",\"@graph\":[{\"@type\":\"Article\",\"@id\":\"https:\/\/factorial.fr\/blog\/frais-repas\/#article\",\"isPartOf\":{\"@id\":\"https:\/\/factorial.fr\/blog\/frais-repas\/\"},\"author\":{\"name\":\"Maya Champion\",\"@id\":\"https:\/\/factorial.fr\/blog\/#\/schema\/person\/3c3cb1ddbdd68c75f19a719fd4b26bec\"},\"headline\":\"Les frais de repas en 2025 : ce qu&rsquo;il faut savoir\",\"datePublished\":\"2025-02-07T13:10:50+00:00\",\"dateModified\":\"2026-04-27T10:46:30+00:00\",\"mainEntityOfPage\":{\"@id\":\"https:\/\/factorial.fr\/blog\/frais-repas\/\"},\"wordCount\":1301,\"publisher\":{\"@id\":\"https:\/\/factorial.fr\/blog\/#organization\"},\"articleSection\":[\"Finances et comptabilit\u00e9\",\"Notes de frais\"],\"inLanguage\":\"fr-FR\"},{\"@type\":\"WebPage\",\"@id\":\"https:\/\/factorial.fr\/blog\/frais-repas\/\",\"url\":\"https:\/\/factorial.fr\/blog\/frais-repas\/\",\"name\":\"Frais de repas 2025 : calcul et d\u00e9duction fiscale\",\"isPartOf\":{\"@id\":\"https:\/\/factorial.fr\/blog\/#website\"},\"datePublished\":\"2025-02-07T13:10:50+00:00\",\"dateModified\":\"2026-04-27T10:46:30+00:00\",\"description\":\"Ma\u00eetrisez les frais de repas 2025\/2026 : bar\u00e8mes, d\u00e9duction, conditions et d\u00e9claration. Optimisez vos d\u00e9penses professionnelles en toute conformit\u00e9.\",\"inLanguage\":\"fr-FR\",\"potentialAction\":[{\"@type\":\"ReadAction\",\"target\":[\"https:\/\/factorial.fr\/blog\/frais-repas\/\"]}]},{\"@type\":\"WebSite\",\"@id\":\"https:\/\/factorial.fr\/blog\/#website\",\"url\":\"https:\/\/factorial.fr\/blog\/\",\"name\":\"Factorial\",\"description\":\"\",\"publisher\":{\"@id\":\"https:\/\/factorial.fr\/blog\/#organization\"},\"potentialAction\":[{\"@type\":\"SearchAction\",\"target\":{\"@type\":\"EntryPoint\",\"urlTemplate\":\"https:\/\/factorial.fr\/blog\/?s={search_term_string}\"},\"query-input\":\"required name=search_term_string\"}],\"inLanguage\":\"fr-FR\"},{\"@type\":\"Organization\",\"@id\":\"https:\/\/factorial.fr\/blog\/#organization\",\"name\":\"All-in-one business management software - Factorial\",\"url\":\"https:\/\/factorial.fr\/blog\/\",\"logo\":{\"@type\":\"ImageObject\",\"inLanguage\":\"fr-FR\",\"@id\":\"https:\/\/factorial.fr\/blog\/#\/schema\/logo\/image\/\",\"url\":\"https:\/\/factorial.fr\/wp-content\/uploads\/2023\/07\/18155144\/factorial-logo.png\",\"contentUrl\":\"https:\/\/factorial.fr\/wp-content\/uploads\/2023\/07\/18155144\/factorial-logo.png\",\"width\":946,\"height\":880,\"caption\":\"All-in-one business management software - Factorial\"},\"image\":{\"@id\":\"https:\/\/factorial.fr\/blog\/#\/schema\/logo\/image\/\"},\"sameAs\":[\"https:\/\/www.facebook.com\/people\/Factorial\/100064908455810\/\",\"https:\/\/twitter.com\/factorialapp\",\"https:\/\/www.linkedin.com\/company\/factorialhr\",\"https:\/\/www.youtube.com\/@factorialmedia\",\"https:\/\/www.instagram.com\/factorial\/#\"]},{\"@type\":\"Person\",\"@id\":\"https:\/\/factorial.fr\/blog\/#\/schema\/person\/3c3cb1ddbdd68c75f19a719fd4b26bec\",\"name\":\"Maya Champion\",\"image\":{\"@type\":\"ImageObject\",\"inLanguage\":\"fr-FR\",\"@id\":\"https:\/\/factorial.fr\/blog\/#\/schema\/person\/image\/\",\"url\":\"https:\/\/secure.gravatar.com\/avatar\/2339398737934938f1cd4ab7c5d543dc?s=96&d=identicon&r=g\",\"contentUrl\":\"https:\/\/secure.gravatar.com\/avatar\/2339398737934938f1cd4ab7c5d543dc?s=96&d=identicon&r=g\",\"caption\":\"Maya Champion\"},\"description\":\"Maya est Digital Content Specialist chez Factorial, o\u00f9 elle met sa plume digitale et son \u0153il aff\u00fbt\u00e9 pour les tendances RH au service d\u2019un objectif : cr\u00e9er du contenu \u00e0 forte valeur ajout\u00e9e pour aider les entreprises \u00e0 simplifier et digitaliser leur gestion des ressources humaines. Et quand elle ne r\u00e9dige pas sur l\u2019avenir des RH, retrouvez-la sur le sable d\u2019un terrain de beach volley.\",\"sameAs\":[\"https:\/\/www.linkedin.com\/in\/maya-champion-a891bb1a8\/\"],\"url\":\"https:\/\/factorial.fr\/blog\/author\/maya\/\"}]}<\/script>\n<!-- \/ Yoast SEO Premium plugin. -->","yoast_head_json":{"title":"Frais de repas 2025 : calcul et d\u00e9duction fiscale","description":"Ma\u00eetrisez les frais de repas 2025\/2026 : bar\u00e8mes, d\u00e9duction, conditions et d\u00e9claration. Optimisez vos d\u00e9penses professionnelles en toute conformit\u00e9.","robots":{"index":"index","follow":"follow","max-snippet":"max-snippet:-1","max-image-preview":"max-image-preview:large","max-video-preview":"max-video-preview:-1"},"canonical":"https:\/\/factorial.fr\/blog\/frais-repas\/","og_locale":"fr_FR","og_type":"article","og_title":"Les frais de repas en 2025 : ce qu'il faut savoir","og_description":"Ma\u00eetrisez les frais de repas 2025\/2026 : bar\u00e8mes, d\u00e9duction, conditions et d\u00e9claration. Optimisez vos d\u00e9penses professionnelles en toute conformit\u00e9.","og_url":"https:\/\/factorial.fr\/blog\/frais-repas\/","og_site_name":"Factorial","article_publisher":"https:\/\/www.facebook.com\/people\/Factorial\/100064908455810\/","article_published_time":"2025-02-07T13:10:50+00:00","article_modified_time":"2026-04-27T10:46:30+00:00","og_image":[{"width":1280,"height":720,"url":"https:\/\/factorial.fr\/wp-content\/uploads\/2025\/02\/27124451\/frais-repas-1.webp","type":"image\/webp"}],"author":"Maya Champion","twitter_card":"summary_large_image","twitter_creator":"@factorialapp","twitter_site":"@factorialapp","twitter_misc":{"Written by":"Maya Champion","Est. reading time":"6 minutes"},"schema":{"@context":"https:\/\/schema.org","@graph":[{"@type":"Article","@id":"https:\/\/factorial.fr\/blog\/frais-repas\/#article","isPartOf":{"@id":"https:\/\/factorial.fr\/blog\/frais-repas\/"},"author":{"name":"Maya Champion","@id":"https:\/\/factorial.fr\/blog\/#\/schema\/person\/3c3cb1ddbdd68c75f19a719fd4b26bec"},"headline":"Les frais de repas en 2025 : ce qu&rsquo;il faut savoir","datePublished":"2025-02-07T13:10:50+00:00","dateModified":"2026-04-27T10:46:30+00:00","mainEntityOfPage":{"@id":"https:\/\/factorial.fr\/blog\/frais-repas\/"},"wordCount":1301,"publisher":{"@id":"https:\/\/factorial.fr\/blog\/#organization"},"articleSection":["Finances et comptabilit\u00e9","Notes de frais"],"inLanguage":"fr-FR"},{"@type":"WebPage","@id":"https:\/\/factorial.fr\/blog\/frais-repas\/","url":"https:\/\/factorial.fr\/blog\/frais-repas\/","name":"Frais de repas 2025 : calcul et d\u00e9duction fiscale","isPartOf":{"@id":"https:\/\/factorial.fr\/blog\/#website"},"datePublished":"2025-02-07T13:10:50+00:00","dateModified":"2026-04-27T10:46:30+00:00","description":"Ma\u00eetrisez les frais de repas 2025\/2026 : bar\u00e8mes, d\u00e9duction, conditions et d\u00e9claration. Optimisez vos d\u00e9penses professionnelles en toute conformit\u00e9.","inLanguage":"fr-FR","potentialAction":[{"@type":"ReadAction","target":["https:\/\/factorial.fr\/blog\/frais-repas\/"]}]},{"@type":"WebSite","@id":"https:\/\/factorial.fr\/blog\/#website","url":"https:\/\/factorial.fr\/blog\/","name":"Factorial","description":"","publisher":{"@id":"https:\/\/factorial.fr\/blog\/#organization"},"potentialAction":[{"@type":"SearchAction","target":{"@type":"EntryPoint","urlTemplate":"https:\/\/factorial.fr\/blog\/?s={search_term_string}"},"query-input":"required name=search_term_string"}],"inLanguage":"fr-FR"},{"@type":"Organization","@id":"https:\/\/factorial.fr\/blog\/#organization","name":"All-in-one business management software - Factorial","url":"https:\/\/factorial.fr\/blog\/","logo":{"@type":"ImageObject","inLanguage":"fr-FR","@id":"https:\/\/factorial.fr\/blog\/#\/schema\/logo\/image\/","url":"https:\/\/factorial.fr\/wp-content\/uploads\/2023\/07\/18155144\/factorial-logo.png","contentUrl":"https:\/\/factorial.fr\/wp-content\/uploads\/2023\/07\/18155144\/factorial-logo.png","width":946,"height":880,"caption":"All-in-one business management software - Factorial"},"image":{"@id":"https:\/\/factorial.fr\/blog\/#\/schema\/logo\/image\/"},"sameAs":["https:\/\/www.facebook.com\/people\/Factorial\/100064908455810\/","https:\/\/twitter.com\/factorialapp","https:\/\/www.linkedin.com\/company\/factorialhr","https:\/\/www.youtube.com\/@factorialmedia","https:\/\/www.instagram.com\/factorial\/#"]},{"@type":"Person","@id":"https:\/\/factorial.fr\/blog\/#\/schema\/person\/3c3cb1ddbdd68c75f19a719fd4b26bec","name":"Maya Champion","image":{"@type":"ImageObject","inLanguage":"fr-FR","@id":"https:\/\/factorial.fr\/blog\/#\/schema\/person\/image\/","url":"https:\/\/secure.gravatar.com\/avatar\/2339398737934938f1cd4ab7c5d543dc?s=96&d=identicon&r=g","contentUrl":"https:\/\/secure.gravatar.com\/avatar\/2339398737934938f1cd4ab7c5d543dc?s=96&d=identicon&r=g","caption":"Maya Champion"},"description":"Maya est Digital Content Specialist chez Factorial, o\u00f9 elle met sa plume digitale et son \u0153il aff\u00fbt\u00e9 pour les tendances RH au service d\u2019un objectif : cr\u00e9er du contenu \u00e0 forte valeur ajout\u00e9e pour aider les entreprises \u00e0 simplifier et digitaliser leur gestion des ressources humaines. Et quand elle ne r\u00e9dige pas sur l\u2019avenir des RH, retrouvez-la sur le sable d\u2019un terrain de beach volley.","sameAs":["https:\/\/www.linkedin.com\/in\/maya-champion-a891bb1a8\/"],"url":"https:\/\/factorial.fr\/blog\/author\/maya\/"}]}},"_links":{"self":[{"href":"https:\/\/factorial.fr\/blog\/wp-json\/wp\/v2\/posts\/149986"}],"collection":[{"href":"https:\/\/factorial.fr\/blog\/wp-json\/wp\/v2\/posts"}],"about":[{"href":"https:\/\/factorial.fr\/blog\/wp-json\/wp\/v2\/types\/post"}],"author":[{"embeddable":true,"href":"https:\/\/factorial.fr\/blog\/wp-json\/wp\/v2\/users\/288"}],"replies":[{"embeddable":true,"href":"https:\/\/factorial.fr\/blog\/wp-json\/wp\/v2\/comments?post=149986"}],"version-history":[{"count":9,"href":"https:\/\/factorial.fr\/blog\/wp-json\/wp\/v2\/posts\/149986\/revisions"}],"predecessor-version":[{"id":187720,"href":"https:\/\/factorial.fr\/blog\/wp-json\/wp\/v2\/posts\/149986\/revisions\/187720"}],"wp:featuredmedia":[{"embeddable":true,"href":"https:\/\/factorial.fr\/blog\/wp-json\/wp\/v2\/media\/187718"}],"wp:attachment":[{"href":"https:\/\/factorial.fr\/blog\/wp-json\/wp\/v2\/media?parent=149986"}],"wp:term":[{"taxonomy":"category","embeddable":true,"href":"https:\/\/factorial.fr\/blog\/wp-json\/wp\/v2\/categories?post=149986"},{"taxonomy":"post_tag","embeddable":true,"href":"https:\/\/factorial.fr\/blog\/wp-json\/wp\/v2\/tags?post=149986"}],"curies":[{"name":"wp","href":"https:\/\/api.w.org\/{rel}","templated":true}]}}