{"id":142188,"date":"2024-10-16T13:27:39","date_gmt":"2024-10-16T11:27:39","guid":{"rendered":"https:\/\/factorialhr.com\/blog\/?p=142188"},"modified":"2024-10-21T15:57:54","modified_gmt":"2024-10-21T13:57:54","slug":"mal-etre-travail","status":"publish","type":"post","link":"https:\/\/factorial.fr\/blog\/mal-etre-travail\/","title":{"rendered":"Comment le mal \u00eatre au travail impacte la performance ?"},"content":{"rendered":"<p>Le <strong>mal-\u00eatre au travail<\/strong> est aujourd&rsquo;hui un ph\u00e9nom\u00e8ne tr\u00e8s pris au s\u00e9rieux, tant dans les entreprises que dans la soci\u00e9t\u00e9. <strong>Stress, fatigue, perte de motivation, \u00e9puisement professionnel<\/strong>\u2026 Il a un v\u00e9ritable impact sur les performances des salari\u00e9s et les ressources doivent savoir reconna\u00eetre les sympt\u00f4mes pour agir efficacement.<\/p>\n<p>Mais qu&rsquo;est-ce que le <strong>mal-\u00eatre professionnel<\/strong> ? Quelles en sont les cons\u00e9quences ? Et surtout, comment l\u2019enrayer ?<\/p>\n<p><strong>SOMMAIRE<\/strong><\/p>\n<ul>\n<li><a href=\"#quest-ce-que-le-mal-etre-au-travail\">Qu&rsquo;est-ce que le mal-\u00eatre au travail ?<\/a><\/li>\n<li><a href=\"#causes-mal-etre-au-travail\">Les causes du mal-\u00eatre au travail<\/a><\/li>\n<li><a href=\"#quelles-sont-les-consequences-du-mal-etre-au-travail\">Quelles sont les cons\u00e9quences du mal-\u00eatre au travail ?<\/a><\/li>\n<li><a href=\"#mal-etre-au-travail-comment-y-remedier\">Mal-\u00eatre au travail : comment y rem\u00e9dier ?<\/a><\/li>\n<li><a href=\"https:\/\/factorial.fr\/gestion-des-performances\">Favoriser le bien-\u00eatre avec le bon outil de gestion des entretiens<\/a> \ud83d\ude80<\/li>\n<\/ul>\n<h2 id=\"quest-ce-que-le-mal-etre-au-travail\">Qu&rsquo;est-ce que le mal-\u00eatre au travail ?<\/h2>\n<p>Le <strong>mal-\u00eatre au travail<\/strong> se manifeste par une s\u00e9rie de ressentis n\u00e9gatifs qui peuvent affecter les employ\u00e9s sur le plan <strong>psychologique et \u00e9motionnel<\/strong>. En entreprise, il agit \u00e9norm\u00e9ment sur la <strong>performance des collaborateurs<\/strong> qui n\u2019arrivent plus \u00e0 effectuer leurs t\u00e2ches de fa\u00e7on optimale.<\/p>\n<p>Des signes comme<strong> l&rsquo;irritabilit\u00e9, le manque de concentration ou une perte d&rsquo;int\u00e9r\u00eat pour le travail<\/strong> sont courants.<\/p>\n<h2 id=\"causes-mal-etre-au-travail\">Les causes du mal-\u00eatre au travail<\/h2>\n<p>Souvent, le <strong>mal-\u00eatre au travail<\/strong> prend sa source dans des <strong>conditions de travail difficiles<\/strong>, un management inadapt\u00e9, un manque de reconnaissance voire m\u00eame des relations conflictuelles avec les coll\u00e8gues.<\/p>\n<p>Les <strong>facteurs organisationnels<\/strong> tels que la charge de travail excessive, des attentes irr\u00e9alistes ou une absence de soutien de la part de la hi\u00e9rarchie peuvent aussi \u00eatre des d\u00e9clencheurs. La pression des d\u00e9lais et l&rsquo;isolement au sein de l&rsquo;entreprise sont d&rsquo;autres causes fr\u00e9quentes.<\/p>\n<p>Le stress, l\u2019anxi\u00e9t\u00e9, le manque de motivation, le mutisme\u2026 les <strong>sympt\u00f4mes du mal-\u00eatre<\/strong> sont nombreux et peuvent mener au <a href=\"https:\/\/factorial.fr\/blog\/burn-out-travail\/\"><span style=\"font-weight: 400;\">burnout<\/span><\/a> voire \u00e0 la d\u00e9pression.<\/p>\n<p><strong>L&rsquo;\u00e9quilibre entre vie professionnelle et vie personnelle, le sentiment d&rsquo;injustice, et l&rsquo;absence de perspectives de d\u00e9veloppement professionnel<\/strong> sont \u00e9galement des \u00e9l\u00e9ments \u00e0 consid\u00e9rer.<\/p>\n<p>Son impact n\u00e9gatif est tel que les organisations ont pris conscience de l\u2019<a href=\"https:\/\/factorial.fr\/blog\/bien-etre-au-travail\/\">importance du bien-\u00eatre en entreprise<\/a>. La <a href=\"https:\/\/factorial.fr\/blog\/bienveillance-au-travail\/\"><span style=\"font-weight: 400;\">bienveillance<\/span><\/a> est notamment devenue un terme qui s\u2019est d\u00e9mocratis\u00e9 au sein des \u00e9quipes manag\u00e9riales.<\/p>\n<h2 id=\"quelles-sont-les-consequences-du-mal-etre-au-travail\">Quelles sont les cons\u00e9quences du mal-\u00eatre au travail ?<\/h2>\n<p>Les <strong>cons\u00e9quences du mal-\u00eatre au travail<\/strong> sont multiples et peuvent gravement nuire \u00e0 la performance et \u00e0 la sant\u00e9 globale des salari\u00e9s. A terme, c\u2019est la structure elle-m\u00eame qui en p\u00e2tit avec une rentabilit\u00e9 moindre et une d\u00e9gradation de son image de marque. Il peut se ressentir sur le plan individuel comme collectif.<\/p>\n<p>Les <strong>signes avant-coureurs<\/strong> du <strong>mal-\u00eatre au travail<\/strong> peuvent inclure des changements subtils dans le comportement d\u2019un employ\u00e9. Par exemple, une <strong>baisse de la productivit\u00e9<\/strong>, une <strong>irritabilit\u00e9 accrue<\/strong>, une <strong>fatigue chronique<\/strong>, ou encore une <strong>augmentation de l\u2019absent\u00e9isme<\/strong>. Il est important que les managers et les \u00e9quipes RH sachent d\u00e9tecter ces signes d\u00e8s qu\u2019ils apparaissent pour intervenir rapidement et \u00e9viter des situations de burnout ou de d\u00e9pression.<\/p>\n<h3>Diminution de la productivit\u00e9<\/h3>\n<p>Le premier impact du <strong>mal-\u00eatre au travail<\/strong> est la diminution de la productivit\u00e9. Avec la baisse significative de la performance des individus souffrant de stress ou de burnout, l\u2019entreprise tourne moins bien.<\/p>\n<p>Un employ\u00e9 victime de mal-\u00eatre peut avoir du mal \u00e0 se concentrer, \u00eatre fortement d\u00e9motiv\u00e9, faire des erreurs ou encore prendre du retard dans ses t\u00e2ches, affectant ainsi l\u2019ensemble des \u00e9quipes.<\/p>\n<h3>Absent\u00e9isme et turnover<\/h3>\n<p>Le mal-\u00eatre au travail est \u00e9galement associ\u00e9 \u00e0 des <a href=\"https:\/\/factorial.fr\/blog\/taux-absenteisme\/\">taux d\u2019absent\u00e9isme<\/a> plus \u00e9lev\u00e9s. Et lorsque cela se transforme en burnout ou en d\u00e9pression, les d\u00e9lais d\u2019absence peuvent \u00eatre de (tr\u00e8s) longue dur\u00e9e. Cet absent\u00e9isme perturbe le fonctionnement quotidien de l\u2019\u00e9quipe et peut avoir des r\u00e9percussions \u00e9conomiques d\u00e9sastreuses.<\/p>\n<p>Aussi, le <strong>mal-\u00eatre en milieu professionnel<\/strong> a une influence incontestable sur le turnover. Un collaborateur qui n\u2019est pas heureux aura tendance \u00e0 quitter au plus vite ses fonctions, obligeant l\u2019entreprise \u00e0 recruter et \u00e0 former de nouveaux talents.<\/p>\n<h3>Baisse de la cr\u00e9ativit\u00e9 et l\u2019innovation<\/h3>\n<p>Un autre aspect crucial \u00e0 consid\u00e9rer est l\u2019impact du mal-\u00eatre sur la cr\u00e9ativit\u00e9 et l&rsquo;innovation. En effet, un environnement de mauvaise qualit\u00e9 ne permet pas aux salari\u00e9s de s\u2019\u00e9panouir et ne favorise pas l\u2019\u00e9mergence de nouvelles id\u00e9es.<\/p>\n<p>Le stress et l\u2019anxi\u00e9t\u00e9 peuvent inhiber la pens\u00e9e cr\u00e9ative et freiner ainsi l\u2019organisation dans son processus d\u2019innovation. Un employ\u00e9 bien dans sa peau et reconnu a beaucoup plus tendance \u00e0 laisser parler sa cr\u00e9ativit\u00e9.<\/p>\n<h3>Impact n\u00e9gatif sur le travail d&rsquo;\u00e9quipe<\/h3>\n<p>Le mal-\u00eatre au travail ressenti par un individu peut tr\u00e8s facilement affecter les coll\u00e8gues et l\u2019ensemble des \u00e9quipes. Les comportements n\u00e9gatifs et le manque de motivation peuvent \u00eatre contagieux.<\/p>\n<p>Par exemple, un manque de collaboration ou une attitude pessimiste peuvent cr\u00e9er une dynamique de travail hostile. Surtout, cela peut attiser les tensions et enliser le travail d\u2019\u00e9quipe.<\/p>\n<h3>Perte de comp\u00e9titivit\u00e9<\/h3>\n<p>Pour qu\u2019une soci\u00e9t\u00e9 r\u00e9ussisse, elle se doit d\u2019\u00eatre performante. Avec des salari\u00e9s d\u00e9motiv\u00e9s et sensibles au mal-\u00eatre, la structure ne peut pas fonctionner normalement et donc perdre en comp\u00e9titivit\u00e9.<\/p>\n<p>Dans certains secteurs o\u00f9 la concurrence est rude et les march\u00e9s tendus, une entit\u00e9 a besoin de toutes ses ressources pour exceller et affronter l\u2019adversit\u00e9.<\/p>\n<h3>Impact sur la r\u00e9putation de l&rsquo;entreprise<\/h3>\n<p>Enfin, la r\u00e9putation d&rsquo;une structure peut \u00e9galement souffrir des effets du mal-\u00eatre au travail. Avec le d\u00e9veloppement des r\u00e9seaux sociaux et l\u2019importance accord\u00e9e au bien-\u00eatre par les nouvelles g\u00e9n\u00e9rations de travailleurs et travailleuses, les nouvelles vont vite, surtout les mauvaises.<\/p>\n<p>Un <strong>mauvais climat de travail<\/strong> peut freiner l\u2019envie de nouveaux talents de vous rejoindre. L\u2019image de marque d\u2019une entreprise est fragile et peut tr\u00e8s vite \u00eatre \u00e9corn\u00e9e.<\/p>\n<h2 id=\"mal-etre-au-travail-comment-y-remedier\">Mal-\u00eatre au travail : comment y rem\u00e9dier ?<\/h2>\n<p>Pour pr\u00e9venir le mal-\u00eatre au travail, il est essentiel que les entreprises mettent en place des mesures proactives. Voici quelques conseils.<\/p>\n<h3>Am\u00e9liorer la communication<\/h3>\n<p>Favoriser un dialogue ouvert entre la direction et les employ\u00e9s peut aider \u00e0 <strong>identifier les sources de mal-\u00eatre au travail<\/strong>. Mieux encore, une communication efficace, fond\u00e9e sur la culture de l\u2019\u00e9coute peut le pr\u00e9venir.<\/p>\n<p>Des r\u00e9unions r\u00e9guli\u00e8res et des outils de feedback permettent d\u2019\u00e9valuer le climat de travail et d\u2019identifier les probl\u00e8mes avant qu&rsquo;ils ne deviennent trop graves.<\/p>\n<h3>Promouvoir l&rsquo;\u00e9quilibre vie professionnelle-vie personnelle<\/h3>\n<p>Pour \u00eatre heureux au travail, les employ\u00e9s doivent l\u2019\u00eatre dans leur vie priv\u00e9e. Le <a href=\"https:\/\/factorial.fr\/blog\/droit-deconnexion\/\">droit \u00e0 la d\u00e9connexion<\/a> est essentiel pour endiguer le mal-\u00eatre professionnel.<\/p>\n<p>D\u2019ailleurs, l\u2019\u00e9quilibre entre vie professionnelle et vie personnelle est primordial. Horaires flexibles, t\u00e9l\u00e9travail, respect des temps de repos et de cong\u00e9s, pas de surcharge de travail\u2026 Les bonnes pratiques sont nombreuses.<\/p>\n<h3>Cr\u00e9er un environnement de travail sain<\/h3>\n<p>La qualit\u00e9 de vie au travail est un levier efficace pour \u00e9viter le mal-\u00eatre professionnel. Il est imp\u00e9ratif de cr\u00e9er un environnement de travail sain qui donnera envie aux employ\u00e9s de se rendre au bureau et d\u2019assumer leurs t\u00e2ches.<\/p>\n<p>Des espaces de repos, une bonne organisation du travail et une ambiance agr\u00e9able peuvent faire une grande diff\u00e9rence.<\/p>\n<h3>Valoriser le travail des collaborateurs<\/h3>\n<p>La <a href=\"https:\/\/factorial.fr\/blog\/reconnaissance-au-travail\/\">reconnaissance<\/a> des efforts et des r\u00e9ussites des employ\u00e9s favorise un sentiment d\u2019appartenance et de motivation. Qui plus est, cela donne envie aux salari\u00e9s de se surpasser et de s\u2019inscrire sur la dur\u00e9e au sein de la structure qui les emploie.<\/p>\n<p>Jouer la carte de la bienveillance aussi souvent que possible et reconnaissez la valeur de vos collaborateurs.<\/p>\n<h3>Encourager l\u2019esprit d\u2019\u00e9quipe<\/h3>\n<p>Pour lutter contre le mal-\u00eatre au travail, la solidarit\u00e9 entre coll\u00e8gues est une \u00e9vidence. C\u2019est pour cela qu\u2019il est fondateur de cr\u00e9er un v\u00e9ritable esprit d\u2019\u00e9quipe au sein de tous les services.<\/p>\n<p>Si un employ\u00e9 se retrouve en difficult\u00e9, le soutien de ses coll\u00e8gues est le meilleur moyen pour remonter la pente et \u00e9viter certains d\u00e9boires. Un climat de confiance doit r\u00e9gner.<\/p>\n<h3>Former les managers<\/h3>\n<p>Les managers jouent un r\u00f4le crucial dans le bien-\u00eatre des employ\u00e9s. Il est donc important de les former \u00e0 reconna\u00eetre les signes de mal-\u00eatre et \u00e0 adopter des pratiques de gestion bienveillantes.<\/p>\n<p>Bien souvent, un salari\u00e9 fonce vers le burnout \u00e0 cause de la pression exerc\u00e9e par la hi\u00e9rarchie. A vous de faire en sorte que cela n\u2019arrive pas au sein de votre organisation.<\/p>\n<h2>FAQ sur le mal-\u00eatre au travail<\/h2>\n<h3>Quels sont les premiers signes du mal-\u00eatre au travail ?<\/h3>\n<p>Les premiers signes incluent la fatigue persistante, une baisse de motivation, l\u2019irritabilit\u00e9, et une difficult\u00e9 \u00e0 se concentrer.<\/p>\n<h3>Quelles solutions les entreprises peuvent-elles mettre en place ?<\/h3>\n<p>Elles peuvent instaurer des politiques de bien-\u00eatre au travail, former les managers \u00e0 la gestion bienveillante, et proposer des initiatives de team building pour renforcer la coh\u00e9sion.<\/p>\n<h3>Le mal-\u00eatre au travail peut-il conduire \u00e0 des maladies professionnelles ?<\/h3>\n<p>Oui, un <strong>stress prolong\u00e9<\/strong> ou un <strong>burnout<\/strong> peut \u00eatre reconnu comme une <strong>maladie professionnelle<\/strong>, notamment dans les cas de d\u00e9pression ou d\u2019\u00e9puisement physique et mental.<\/p>\n<p><a href=\"https:\/\/factorial.fr\/demander-demo\"><img decoding=\"async\" class=\"alignnone wp-image-139029 size-full\" src=\"https:\/\/factorial.fr\/wp-content\/uploads\/2022\/01\/09111142\/Demo-logiciel-rh.jpg\" alt=\"Banner pour demander une d\u00e9mo gratuite de logiciel RH Factorial\" width=\"1021\" height=\"304\" srcset=\"https:\/\/factorial.fr\/wp-content\/uploads\/2022\/01\/09111142\/Demo-logiciel-rh.jpg 1021w, https:\/\/factorial.fr\/wp-content\/uploads\/2022\/01\/09111142\/Demo-logiciel-rh-300x89.jpg 300w, https:\/\/factorial.fr\/wp-content\/uploads\/2022\/01\/09111142\/Demo-logiciel-rh-768x229.jpg 768w\" sizes=\"(max-width: 1021px) 100vw, 1021px\" \/><\/a><\/p>\n","protected":false},"excerpt":{"rendered":"<p>Le mal-\u00eatre au travail est aujourd&rsquo;hui un ph\u00e9nom\u00e8ne tr\u00e8s pris au s\u00e9rieux, tant dans les entreprises que dans la soci\u00e9t\u00e9. Stress, fatigue, perte de motivation, \u00e9puisement professionnel\u2026 Il a un v\u00e9ritable impact sur les performances des salari\u00e9s et les ressources doivent savoir reconna\u00eetre les sympt\u00f4mes pour agir efficacement. Mais qu&rsquo;est-ce que le mal-\u00eatre professionnel ?<a href=\"https:\/\/factorial.fr\/blog\/mal-etre-travail\/\" class=\"read-more\"> [&#8230;]<\/a><\/p>\n","protected":false},"author":224,"featured_media":142761,"comment_status":"closed","ping_status":"closed","sticky":false,"template":"","format":"standard","meta":{"_acf_changed":false,"footnotes":""},"categories":[445,453],"tags":[],"class_list":["post-142188","post","type-post","status-publish","format-standard","has-post-thumbnail","hentry","category-talents","category-performance"],"acf":{"topics":"talent"},"yoast_head":"<!-- This site is optimized with the Yoast SEO Premium plugin v21.5 (Yoast SEO v21.9.1) - https:\/\/yoast.com\/wordpress\/plugins\/seo\/ -->\n<title>Mal-\u00eatre au travail : causes et solutions rapides \ud83d\udcbc | Factorial<\/title>\n<meta name=\"description\" content=\"Le mal-\u00eatre au travail est un danger pour vos \u00e9quipes. Apprenez \u00e0 reconna\u00eetre les signes avant-coureurs. \ud83c\udf31 Prenez des mesures maintenant !\" \/>\n<meta name=\"robots\" content=\"index, follow, max-snippet:-1, max-image-preview:large, max-video-preview:-1\" \/>\n<link rel=\"canonical\" href=\"https:\/\/factorial.fr\/blog\/mal-etre-travail\/\" \/>\n<meta property=\"og:locale\" content=\"fr_FR\" \/>\n<meta property=\"og:type\" content=\"article\" \/>\n<meta property=\"og:title\" content=\"Comment le mal \u00eatre au travail impacte la performance ?\" \/>\n<meta property=\"og:description\" content=\"Le mal-\u00eatre au travail est un danger pour vos \u00e9quipes. Apprenez \u00e0 reconna\u00eetre les signes avant-coureurs. \ud83c\udf31 Prenez des mesures maintenant !\" \/>\n<meta property=\"og:url\" content=\"https:\/\/factorial.fr\/blog\/mal-etre-travail\/\" \/>\n<meta property=\"og:site_name\" content=\"Factorial\" \/>\n<meta property=\"article:publisher\" content=\"https:\/\/www.facebook.com\/people\/Factorial\/100064908455810\/\" \/>\n<meta property=\"article:published_time\" content=\"2024-10-16T11:27:39+00:00\" \/>\n<meta property=\"article:modified_time\" content=\"2024-10-21T13:57:54+00:00\" \/>\n<meta property=\"og:image\" content=\"https:\/\/factorial.fr\/wp-content\/uploads\/2024\/10\/21155747\/Blog_Header-15.png\" \/>\n\t<meta property=\"og:image:width\" content=\"1800\" \/>\n\t<meta property=\"og:image:height\" content=\"976\" \/>\n\t<meta property=\"og:image:type\" content=\"image\/png\" \/>\n<meta name=\"author\" content=\"Medhi Poirier\" \/>\n<meta name=\"twitter:card\" content=\"summary_large_image\" \/>\n<meta name=\"twitter:creator\" content=\"@factorialapp\" \/>\n<meta name=\"twitter:site\" content=\"@factorialapp\" \/>\n<meta name=\"twitter:label1\" content=\"Written by\" \/>\n\t<meta name=\"twitter:data1\" content=\"Medhi Poirier\" \/>\n\t<meta name=\"twitter:label2\" content=\"Est. reading time\" \/>\n\t<meta name=\"twitter:data2\" content=\"7 minutes\" \/>\n<script type=\"application\/ld+json\" class=\"yoast-schema-graph\">{\"@context\":\"https:\/\/schema.org\",\"@graph\":[{\"@type\":\"Article\",\"@id\":\"https:\/\/factorial.fr\/blog\/mal-etre-travail\/#article\",\"isPartOf\":{\"@id\":\"https:\/\/factorial.fr\/blog\/mal-etre-travail\/\"},\"author\":{\"name\":\"Medhi Poirier\",\"@id\":\"https:\/\/factorial.fr\/blog\/#\/schema\/person\/b4c43e5721de6d2f99fcc74ceafdb18d\"},\"headline\":\"Comment le mal \u00eatre au travail impacte la performance ?\",\"datePublished\":\"2024-10-16T11:27:39+00:00\",\"dateModified\":\"2024-10-21T13:57:54+00:00\",\"mainEntityOfPage\":{\"@id\":\"https:\/\/factorial.fr\/blog\/mal-etre-travail\/\"},\"wordCount\":1607,\"publisher\":{\"@id\":\"https:\/\/factorial.fr\/blog\/#organization\"},\"articleSection\":[\"Gestion des talents\",\"GPEC\"],\"inLanguage\":\"fr-FR\"},{\"@type\":\"WebPage\",\"@id\":\"https:\/\/factorial.fr\/blog\/mal-etre-travail\/\",\"url\":\"https:\/\/factorial.fr\/blog\/mal-etre-travail\/\",\"name\":\"Mal-\u00eatre au travail : causes et solutions rapides \ud83d\udcbc | Factorial\",\"isPartOf\":{\"@id\":\"https:\/\/factorial.fr\/blog\/#website\"},\"datePublished\":\"2024-10-16T11:27:39+00:00\",\"dateModified\":\"2024-10-21T13:57:54+00:00\",\"description\":\"Le mal-\u00eatre au travail est un danger pour vos \u00e9quipes. Apprenez \u00e0 reconna\u00eetre les signes avant-coureurs. \ud83c\udf31 Prenez des mesures maintenant !\",\"inLanguage\":\"fr-FR\",\"potentialAction\":[{\"@type\":\"ReadAction\",\"target\":[\"https:\/\/factorial.fr\/blog\/mal-etre-travail\/\"]}]},{\"@type\":\"WebSite\",\"@id\":\"https:\/\/factorial.fr\/blog\/#website\",\"url\":\"https:\/\/factorial.fr\/blog\/\",\"name\":\"Factorial\",\"description\":\"\",\"publisher\":{\"@id\":\"https:\/\/factorial.fr\/blog\/#organization\"},\"potentialAction\":[{\"@type\":\"SearchAction\",\"target\":{\"@type\":\"EntryPoint\",\"urlTemplate\":\"https:\/\/factorial.fr\/blog\/?s={search_term_string}\"},\"query-input\":\"required name=search_term_string\"}],\"inLanguage\":\"fr-FR\"},{\"@type\":\"Organization\",\"@id\":\"https:\/\/factorial.fr\/blog\/#organization\",\"name\":\"All-in-one business management software - Factorial\",\"url\":\"https:\/\/factorial.fr\/blog\/\",\"logo\":{\"@type\":\"ImageObject\",\"inLanguage\":\"fr-FR\",\"@id\":\"https:\/\/factorial.fr\/blog\/#\/schema\/logo\/image\/\",\"url\":\"https:\/\/factorial.fr\/wp-content\/uploads\/2023\/07\/18155144\/factorial-logo.png\",\"contentUrl\":\"https:\/\/factorial.fr\/wp-content\/uploads\/2023\/07\/18155144\/factorial-logo.png\",\"width\":946,\"height\":880,\"caption\":\"All-in-one business management software - Factorial\"},\"image\":{\"@id\":\"https:\/\/factorial.fr\/blog\/#\/schema\/logo\/image\/\"},\"sameAs\":[\"https:\/\/www.facebook.com\/people\/Factorial\/100064908455810\/\",\"https:\/\/twitter.com\/factorialapp\",\"https:\/\/www.linkedin.com\/company\/factorialhr\",\"https:\/\/www.youtube.com\/@factorialmedia\",\"https:\/\/www.instagram.com\/factorial\/#\"]},{\"@type\":\"Person\",\"@id\":\"https:\/\/factorial.fr\/blog\/#\/schema\/person\/b4c43e5721de6d2f99fcc74ceafdb18d\",\"name\":\"Medhi Poirier\",\"image\":{\"@type\":\"ImageObject\",\"inLanguage\":\"fr-FR\",\"@id\":\"https:\/\/factorial.fr\/blog\/#\/schema\/person\/image\/\",\"url\":\"https:\/\/secure.gravatar.com\/avatar\/ee634c8be596706f9ef892fee19eb84d?s=96&d=identicon&r=g\",\"contentUrl\":\"https:\/\/secure.gravatar.com\/avatar\/ee634c8be596706f9ef892fee19eb84d?s=96&d=identicon&r=g\",\"caption\":\"Medhi Poirier\"},\"description\":\"R\u00e9dacteur web freelance avec plus de 10 ans d\u2019exp\u00e9rience, je r\u00e9dige tout type de contenu et aide les entreprises \u00e0 affirmer leur identit\u00e9 \u00e9ditoriale. Gr\u00e2ce \u00e0 ma ma\u00eetrise des techniques SEO, je d\u00e9veloppe et renforce leur pr\u00e9sence sur la toile et les moteurs de recherche. Peu importe le sujet, ma plume s'exprime.\",\"url\":\"https:\/\/factorial.fr\/blog\/author\/medhi\/\"}]}<\/script>\n<!-- \/ Yoast SEO Premium plugin. -->","yoast_head_json":{"title":"Mal-\u00eatre au travail : causes et solutions rapides \ud83d\udcbc | Factorial","description":"Le mal-\u00eatre au travail est un danger pour vos \u00e9quipes. Apprenez \u00e0 reconna\u00eetre les signes avant-coureurs. \ud83c\udf31 Prenez des mesures maintenant !","robots":{"index":"index","follow":"follow","max-snippet":"max-snippet:-1","max-image-preview":"max-image-preview:large","max-video-preview":"max-video-preview:-1"},"canonical":"https:\/\/factorial.fr\/blog\/mal-etre-travail\/","og_locale":"fr_FR","og_type":"article","og_title":"Comment le mal \u00eatre au travail impacte la performance ?","og_description":"Le mal-\u00eatre au travail est un danger pour vos \u00e9quipes. Apprenez \u00e0 reconna\u00eetre les signes avant-coureurs. \ud83c\udf31 Prenez des mesures maintenant !","og_url":"https:\/\/factorial.fr\/blog\/mal-etre-travail\/","og_site_name":"Factorial","article_publisher":"https:\/\/www.facebook.com\/people\/Factorial\/100064908455810\/","article_published_time":"2024-10-16T11:27:39+00:00","article_modified_time":"2024-10-21T13:57:54+00:00","og_image":[{"width":1800,"height":976,"url":"https:\/\/factorial.fr\/wp-content\/uploads\/2024\/10\/21155747\/Blog_Header-15.png","type":"image\/png"}],"author":"Medhi Poirier","twitter_card":"summary_large_image","twitter_creator":"@factorialapp","twitter_site":"@factorialapp","twitter_misc":{"Written by":"Medhi Poirier","Est. reading time":"7 minutes"},"schema":{"@context":"https:\/\/schema.org","@graph":[{"@type":"Article","@id":"https:\/\/factorial.fr\/blog\/mal-etre-travail\/#article","isPartOf":{"@id":"https:\/\/factorial.fr\/blog\/mal-etre-travail\/"},"author":{"name":"Medhi Poirier","@id":"https:\/\/factorial.fr\/blog\/#\/schema\/person\/b4c43e5721de6d2f99fcc74ceafdb18d"},"headline":"Comment le mal \u00eatre au travail impacte la performance ?","datePublished":"2024-10-16T11:27:39+00:00","dateModified":"2024-10-21T13:57:54+00:00","mainEntityOfPage":{"@id":"https:\/\/factorial.fr\/blog\/mal-etre-travail\/"},"wordCount":1607,"publisher":{"@id":"https:\/\/factorial.fr\/blog\/#organization"},"articleSection":["Gestion des talents","GPEC"],"inLanguage":"fr-FR"},{"@type":"WebPage","@id":"https:\/\/factorial.fr\/blog\/mal-etre-travail\/","url":"https:\/\/factorial.fr\/blog\/mal-etre-travail\/","name":"Mal-\u00eatre au travail : causes et solutions rapides \ud83d\udcbc | Factorial","isPartOf":{"@id":"https:\/\/factorial.fr\/blog\/#website"},"datePublished":"2024-10-16T11:27:39+00:00","dateModified":"2024-10-21T13:57:54+00:00","description":"Le mal-\u00eatre au travail est un danger pour vos \u00e9quipes. Apprenez \u00e0 reconna\u00eetre les signes avant-coureurs. \ud83c\udf31 Prenez des mesures maintenant !","inLanguage":"fr-FR","potentialAction":[{"@type":"ReadAction","target":["https:\/\/factorial.fr\/blog\/mal-etre-travail\/"]}]},{"@type":"WebSite","@id":"https:\/\/factorial.fr\/blog\/#website","url":"https:\/\/factorial.fr\/blog\/","name":"Factorial","description":"","publisher":{"@id":"https:\/\/factorial.fr\/blog\/#organization"},"potentialAction":[{"@type":"SearchAction","target":{"@type":"EntryPoint","urlTemplate":"https:\/\/factorial.fr\/blog\/?s={search_term_string}"},"query-input":"required name=search_term_string"}],"inLanguage":"fr-FR"},{"@type":"Organization","@id":"https:\/\/factorial.fr\/blog\/#organization","name":"All-in-one business management software - Factorial","url":"https:\/\/factorial.fr\/blog\/","logo":{"@type":"ImageObject","inLanguage":"fr-FR","@id":"https:\/\/factorial.fr\/blog\/#\/schema\/logo\/image\/","url":"https:\/\/factorial.fr\/wp-content\/uploads\/2023\/07\/18155144\/factorial-logo.png","contentUrl":"https:\/\/factorial.fr\/wp-content\/uploads\/2023\/07\/18155144\/factorial-logo.png","width":946,"height":880,"caption":"All-in-one business management software - Factorial"},"image":{"@id":"https:\/\/factorial.fr\/blog\/#\/schema\/logo\/image\/"},"sameAs":["https:\/\/www.facebook.com\/people\/Factorial\/100064908455810\/","https:\/\/twitter.com\/factorialapp","https:\/\/www.linkedin.com\/company\/factorialhr","https:\/\/www.youtube.com\/@factorialmedia","https:\/\/www.instagram.com\/factorial\/#"]},{"@type":"Person","@id":"https:\/\/factorial.fr\/blog\/#\/schema\/person\/b4c43e5721de6d2f99fcc74ceafdb18d","name":"Medhi Poirier","image":{"@type":"ImageObject","inLanguage":"fr-FR","@id":"https:\/\/factorial.fr\/blog\/#\/schema\/person\/image\/","url":"https:\/\/secure.gravatar.com\/avatar\/ee634c8be596706f9ef892fee19eb84d?s=96&d=identicon&r=g","contentUrl":"https:\/\/secure.gravatar.com\/avatar\/ee634c8be596706f9ef892fee19eb84d?s=96&d=identicon&r=g","caption":"Medhi Poirier"},"description":"R\u00e9dacteur web freelance avec plus de 10 ans d\u2019exp\u00e9rience, je r\u00e9dige tout type de contenu et aide les entreprises \u00e0 affirmer leur identit\u00e9 \u00e9ditoriale. Gr\u00e2ce \u00e0 ma ma\u00eetrise des techniques SEO, je d\u00e9veloppe et renforce leur pr\u00e9sence sur la toile et les moteurs de recherche. Peu importe le sujet, ma plume s'exprime.","url":"https:\/\/factorial.fr\/blog\/author\/medhi\/"}]}},"_links":{"self":[{"href":"https:\/\/factorial.fr\/blog\/wp-json\/wp\/v2\/posts\/142188"}],"collection":[{"href":"https:\/\/factorial.fr\/blog\/wp-json\/wp\/v2\/posts"}],"about":[{"href":"https:\/\/factorial.fr\/blog\/wp-json\/wp\/v2\/types\/post"}],"author":[{"embeddable":true,"href":"https:\/\/factorial.fr\/blog\/wp-json\/wp\/v2\/users\/224"}],"replies":[{"embeddable":true,"href":"https:\/\/factorial.fr\/blog\/wp-json\/wp\/v2\/comments?post=142188"}],"version-history":[{"count":1,"href":"https:\/\/factorial.fr\/blog\/wp-json\/wp\/v2\/posts\/142188\/revisions"}],"predecessor-version":[{"id":142198,"href":"https:\/\/factorial.fr\/blog\/wp-json\/wp\/v2\/posts\/142188\/revisions\/142198"}],"wp:featuredmedia":[{"embeddable":true,"href":"https:\/\/factorial.fr\/blog\/wp-json\/wp\/v2\/media\/142761"}],"wp:attachment":[{"href":"https:\/\/factorial.fr\/blog\/wp-json\/wp\/v2\/media?parent=142188"}],"wp:term":[{"taxonomy":"category","embeddable":true,"href":"https:\/\/factorial.fr\/blog\/wp-json\/wp\/v2\/categories?post=142188"},{"taxonomy":"post_tag","embeddable":true,"href":"https:\/\/factorial.fr\/blog\/wp-json\/wp\/v2\/tags?post=142188"}],"curies":[{"name":"wp","href":"https:\/\/api.w.org\/{rel}","templated":true}]}}