{"id":132988,"date":"2024-05-15T10:20:18","date_gmt":"2024-05-15T08:20:18","guid":{"rendered":"https:\/\/factorialhr.com\/blog\/?p=132988"},"modified":"2024-05-15T10:20:18","modified_gmt":"2024-05-15T08:20:18","slug":"delai-prevenance-planning","status":"publish","type":"post","link":"https:\/\/factorial.fr\/blog\/delai-prevenance-planning\/","title":{"rendered":"D\u00e9lai de pr\u00e9venance pour communiquer un planning de travail et bonnes pratiques RH"},"content":{"rendered":"<p>La <a href=\"https:\/\/factorial.fr\/blog\/gestion-temps-travail-encourager\/\">gestion du temps de travail<\/a> est une composante essentielle du fonctionnement des entreprises. Managers et RH doivent <strong>concilier la complexit\u00e9 de planifier efficacement les horaires avec les droits des salari\u00e9-e-s.<\/strong> L&rsquo;un des aspects \u00e9pineux de cette gestion est le d\u00e9lai de pr\u00e9venance requis pour la communication des plannings de travail aux employ\u00e9-e-s. Car bien souvent, les changements se font \u00e0 la derni\u00e8re minute !<\/p>\n<p>Quand faut-il les communiquer aupr\u00e8s des salari\u00e9-e-s pour respecter le cadre l\u00e9gal mais aussi le bien-\u00eatre des employ\u00e9-e-s ? Cet article explore les normes l\u00e9gales et les bonnes pratiques associ\u00e9es \u00e0 cette question.<\/p>\n<p>Sommaire :<\/p>\n<ul>\n<li><a href=\"#delai\">Quel est le d\u00e9lai de pr\u00e9venance pour communiquer un planning ?<\/a><\/li>\n<li><a href=\"#raisonnable\">Un d\u00e9lai de pr\u00e9venance raisonnable pour l\u2019organisation de tous et le bien-\u00eatre des salari\u00e9s<\/a><\/li>\n<li><a href=\"#communication\">Les bonnes pratiques en mati\u00e8re de communication de planning<\/a><\/li>\n<li><a href=\"#consequences\">Les cons\u00e9quences du non-respect des d\u00e9lais de pr\u00e9venance<\/a><\/li>\n<li><a href=\"#retenir\">A retenir<\/a><\/li>\n<li><a href=\"https:\/\/factorial.fr\/gestion-des-equipes\">Logiciel de gestion de plannings<\/a> \u2705<\/li>\n<\/ul>\n<h2><a name=\"delai\"><\/a>Quel est le d\u00e9lai de pr\u00e9venance pour communiquer un planning ?<\/h2>\n<p>Le cadre l\u00e9gal autour de la communication des <a href=\"https:\/\/factorial.fr\/blog\/planning-travail\/\">plannings de travail<\/a> est d\u00e9termin\u00e9 par plusieurs facteurs, dont la l\u00e9gislation en vigueur et les conventions collectives applicables. <strong>Bien que la loi n&rsquo;impose pas de d\u00e9lai sp\u00e9cifique pour la communication du planning g\u00e9n\u00e9ral, elle laisse la place \u00e0 des accords de branche ou d&rsquo;entreprise pour pr\u00e9ciser ces d\u00e9tails.<\/strong><\/p>\n<p>Par exemple, dans la restauration rapide, les employeurs doivent communiquer le planning au moins 10 jours calendaires avant son application. Pour le secteur de l\u2019h\u00f4tellerie, un d\u00e9lai de 15 jours est exig\u00e9 pour l&rsquo;affichage des plannings, avec une possibilit\u00e9 de modification jusqu&rsquo;\u00e0 8 jours avant en cas de circonstances exceptionnelles.<\/p>\n<p>Il peut \u00e9galement y avoir des accords d\u2019entreprise qui pr\u00e9cisent les d\u00e9lais de pr\u00e9venance en cas de changement des plannings de travail.<\/p>\n<h2><a name=\"raisonnable\"><\/a>Un d\u00e9lai de pr\u00e9venance raisonnable pour l\u2019organisation de tous et le bien-\u00eatre des salari\u00e9s<\/h2>\n<p>Le d\u00e9lai de pr\u00e9venance joue un r\u00f4le majeur dans l&rsquo;\u00e9quilibre entre les besoins op\u00e9rationnels de l&rsquo;entreprise et les droits des salari\u00e9-e-s. <strong>Un d\u00e9lai raisonnable permet aux employ\u00e9s de s&rsquo;organiser personnellement et professionnellement<\/strong>, en tenant compte de leurs engagements hors travail. C\u2019est un pr\u00e9-requis indispensable \u00e0 leur bien-\u00eatre au travail et \u00e0 une politique de QVCT efficace !<\/p>\n<p>Respecter un d\u00e9lai de pr\u00e9venance raisonnable des plannings de travail permet de :<\/p>\n<ul>\n<li aria-level=\"1\">favoriser une meilleure gestion de l&rsquo;\u00e9quilibre vie professionnelle \/ vie priv\u00e9e ;<\/li>\n<li aria-level=\"1\">r\u00e9duire le stress du ou de la salari\u00e9-e ;<\/li>\n<li aria-level=\"1\">minimiser les risques de conflits entre employ\u00e9-e-s ;<\/li>\n<li aria-level=\"1\">fournir \u00e0 l\u2019\u00e9quipe suffisamment de temps et de visibilit\u00e9 pour s&rsquo;adapter aux changements.<\/li>\n<\/ul>\n<p>Du c\u00f4t\u00e9 de l&#8217;employeur, respecter un d\u00e9lai raisonnable de pr\u00e9venance pour la communication des plannings du personnel<strong> minimise les risques de non-conformit\u00e9 aux r\u00e9glementations et renforce la satisfaction et l&rsquo;engagement des employ\u00e9s.<\/strong> C\u2019est \u00e9galement un facteur majeur d\u2019une bonne organisation du travail garante de la performance de l\u2019entreprise.<\/p>\n<h2><a name=\"communication\"><\/a>Les bonnes pratiques en mati\u00e8re de communication de planning<\/h2>\n<p>Bien que la loi n\u2019impose pas de d\u00e9lai pr\u00e9cis en dehors des exigences de chaque convention collective, <strong>il est conseill\u00e9 d\u2019adopter une approche proactive en mati\u00e8re de communication des plannings de travail des employ\u00e9-e-es<\/strong>. Voici les meilleures pratiques \u00e0 adopter en cas de changements d\u2019horaires de travail de vos employ\u00e9s.<\/p>\n<h3>Optez pour une communication proactive des horaires de travail<\/h3>\n<p>Nous vous conseillons de pr\u00e9venir les employ\u00e9s des <a href=\"https:\/\/factorial.fr\/blog\/employeur-modifier-horaires-travail\/\">changements de planning de travail<\/a> <strong>au moins une semaine \u00e0 l\u2019avance<\/strong>, ce qui leur permet d\u2019aborder sereinement les \u00e9volutions de leur emploi du temps. Les nouveaux horaires de travail doivent \u00e9galement \u00eatre affich\u00e9s afin que tous les collaborateurs et collaboratrices en soient inform\u00e9s.<\/p>\n<h3>Adoptez des technologies qui permettent de notifier vos salari\u00e9-e-s<\/h3>\n<p>L&rsquo;adoption de <a href=\"https:\/\/factorial.fr\/blog\/logiciel-planning\/\">syst\u00e8mes de gestion des plannings en ligne<\/a>, comme des logiciels de gestion du temps tels que Factorial, peut am\u00e9liorer l&rsquo;efficacit\u00e9 de la communication et permettre une mise \u00e0 jour en temps r\u00e9el des changements d&rsquo;horaires. Avec notre logiciel de gestion de planning, vous pouvez par exemple notifier en temps r\u00e9el les employ\u00e9-e-s d\u2019un changement d\u2019emploi du temps afin de minimiser les risques de confusion et fiabiliser votre organisation.<\/p>\n<p><img decoding=\"async\" class=\"aligncenter\" src=\"https:\/\/static.helpjuice.com\/helpjuice_production\/uploads\/upload\/image\/15018\/direct\/1690464331205-suppr%2Bet%2Bmodifier%2Bplannings%2B3.gif\" width=\"670\" height=\"366\" \/><\/p>\n<h3>G\u00e9rez efficacement les exceptions<\/h3>\n<p>Les employeurs doivent aussi savoir <strong>g\u00e9rer les exceptions de mani\u00e8re efficace et \u00e9quitable.<\/strong> Les circonstances exceptionnelles, telles que les urgences ou les absences impr\u00e9vues, peuvent n\u00e9cessiter des ajustements rapides des plannings. Dans ce cas, la notification en temps r\u00e9el est un v\u00e9ritable atout !<\/p>\n<p>La gestion des exceptions n\u00e9cessite aussi de rester flexible et ouvert aux ajustements n\u00e9cessaires en fonction des besoins op\u00e9rationnels et des demandes des employ\u00e9s.<\/p>\n<h3>Encourager une culture de l\u2019anticipation dans votre entreprise<\/h3>\n<p>Pour optimiser la gestion des plannings de travail, <strong>il est important de respecter non seulement les d\u00e9lais de pr\u00e9venance, mais aussi d&rsquo;encourager une culture d&rsquo;anticipation et de feedback actif au sein de l&rsquo;entreprise.<\/strong><\/p>\n<p>Anticiper les besoins en mati\u00e8re de ressources humaines et pr\u00e9voir suffisamment \u00e0 l&rsquo;avance les changements de planning permettent de <strong>r\u00e9duire l&rsquo;incertitude et d&rsquo;augmenter la stabilit\u00e9 de l&rsquo;environnement de travail.<\/strong> En impliquant les employ\u00e9-e-s dans le processus de planification, par des consultations ou des r\u00e9unions p\u00e9riodiques, les entreprises peuvent non seulement am\u00e9liorer la transparence mais aussi recueillir des retours pr\u00e9cieux qui contribueront \u00e0 affiner les plannings futurs.<\/p>\n<p>Les retours des collaborateurs et collaboratrices sur les horaires et leur impact sur le travail quotidien sont essentiels pour s\u2019assurer que les <a href=\"https:\/\/factorial.fr\/blog\/planning-personnel\/\">plannings<\/a> r\u00e9pondent r\u00e9ellement aux besoins op\u00e9rationnels tout en respectant l&rsquo;\u00e9quilibre vie professionnelle\/vie priv\u00e9e des salari\u00e9-e-s. De plus, encourager les feedbacks peut \u00e9galement aider \u00e0 identifier les points de friction avant qu&rsquo;ils ne deviennent des probl\u00e8mes plus s\u00e9rieux, permettant ainsi des ajustements proactifs qui soutiennent le moral de l&rsquo;\u00e9quipe.<\/p>\n<p>Cette approche proactive non seulement renforce la confiance entre les employeurs et les employ\u00e9-e-s, mais elle contribue \u00e9galement \u00e0 cr\u00e9er un milieu de travail plus r\u00e9actif et adaptable, o\u00f9 les changements sont g\u00e9r\u00e9s de mani\u00e8re fluide et pr\u00e9visible.<\/p>\n<h2><a name=\"consequences\"><\/a>Les cons\u00e9quences du non-respect des d\u00e9lais de pr\u00e9venance<\/h2>\n<p>Le non-respect des d\u00e9lais de pr\u00e9venance peut entra\u00eener des <strong>cons\u00e9quences l\u00e9gales pour l&rsquo;entreprise, incluant des sanctions financi\u00e8res et une d\u00e9t\u00e9rioration de la relation employeur-employ\u00e9.<\/strong><\/p>\n<p>Parmi les sanctions potentielles auxquelles s\u2019expose l\u2019employeur, une <a href=\"https:\/\/www.legisocial.fr\/contrat-de-travail\/duree-de-travail\/horaire-collectif-travail.html\">amende pour d\u00e9faut d&rsquo;affichage des horaires de travail <\/a>peut \u00eatre \u00e9tablie par l\u2019Inspection du Travail. Elle s\u2019\u00e9l\u00e8ve \u00e0 750 euros pour d\u00e9faut d\u2019affichage. Par ailleurs, le refus de communiquer les horaires ou les plannings de travail \u00e0 l\u2019Inspection du travail constitue un d\u00e9lit d\u2019obstacle qui peut \u00eatre puni d\u2019une amende de 37 500 euros !<\/p>\n<p>Quant \u00e0 la relation avec votre employ\u00e9-e, elle peut \u00eatre mise \u00e0 rude \u00e9preuve si vous ne respectez pas un d\u00e9lai de pr\u00e9venance raisonnable pour que le salari\u00e9 puisse correctement s\u2019organiser. Vous perdrez sa confiance et peut-\u00eatre m\u00eame sa motivation au travail.<\/p>\n<h2><a name=\"retenir\"><\/a>A retenir<\/h2>\n<p><strong>La gestion des plannings de travail est non seulement une n\u00e9cessit\u00e9 op\u00e9rationnelle mais \u00e9galement un \u00e9l\u00e9ment cl\u00e9 du bien-\u00eatre et de la productivit\u00e9 des salari\u00e9-e-s.<\/strong> En \u00e9tant proactif sur la communication des horaires, en anticipant les besoins de l&rsquo;\u00e9quipe, et en int\u00e9grant les retours des employ\u00e9s dans le processus de planification, les entreprises peuvent largement am\u00e9liorer leur environnement de travail.<\/p>\n<p><strong>Respecter les d\u00e9lais de pr\u00e9venance pour la communication des plannings, ajuster les pratiques selon les conventions collectives, et utiliser des outils efficaces de gestion des plannings contribuent\u00a0 \u00e0 la conformit\u00e9 l\u00e9gale mais aussi \u00e0 la satisfaction des employ\u00e9-e-s.<\/strong> Ces pratiques renforcent la confiance et la transparence au sein de l&rsquo;entreprise, qui sont des \u00e9l\u00e9ments fondamentaux pour maintenir une culture d&rsquo;entreprise positive et dynamique !<\/p>\n<p>Pour faciliter la gestion des horaires tout en optimisant la satisfaction des employ\u00e9s, nous vous invitons \u00e0 d\u00e9couvrir Factorial, un outil de gestion de planning innovant et adaptatif. Factorial offre une plateforme intuitive qui permet de simplifier la planification, de notifier imm\u00e9diatement les employ\u00e9s des mises \u00e0 jour, et de g\u00e9rer les exceptions en temps r\u00e9el, assurant ainsi une r\u00e9activit\u00e9 et une adaptabilit\u00e9 sans pr\u00e9c\u00e9dent.<\/p>\n<h2>Prenez le contr\u00f4le de votre planning et assurez le bien-\u00eatre de vos \u00e9quipes. D\u00e9couvrez <a href=\"https:\/\/factorial.fr\/get-started\">Factorial d\u00e8s maintenant<\/a> et constatez la diff\u00e9rence !<\/h2>\n","protected":false},"excerpt":{"rendered":"<p>La gestion du temps de travail est une composante essentielle du fonctionnement des entreprises. Managers et RH doivent concilier la complexit\u00e9 de planifier efficacement les horaires avec les droits des salari\u00e9-e-s. L&rsquo;un des aspects \u00e9pineux de cette gestion est le d\u00e9lai de pr\u00e9venance requis pour la communication des plannings de travail aux employ\u00e9-e-s. Car bien<a href=\"https:\/\/factorial.fr\/blog\/delai-prevenance-planning\/\" class=\"read-more\"> [&#8230;]<\/a><\/p>\n","protected":false},"author":216,"featured_media":133055,"comment_status":"closed","ping_status":"closed","sticky":false,"template":"","format":"standard","meta":{"_acf_changed":false,"footnotes":""},"categories":[449,863],"tags":[],"class_list":["post-132988","post","type-post","status-publish","format-standard","has-post-thumbnail","hentry","category-plannings","category-temps"],"acf":{"topics":"time-time-planning"},"yoast_head":"<!-- This site is optimized with the Yoast SEO Premium plugin v21.5 (Yoast SEO v21.9.1) - https:\/\/yoast.com\/wordpress\/plugins\/seo\/ -->\n<title>D\u00e9lai de pr\u00e9venance planning : quelles sont les r\u00e8gles ? | Factorial<\/title>\n<meta name=\"description\" content=\"Vos plannings bougent, mais vous ne savez pas quel est le d\u00e9lai de pr\u00e9venance pour communiquer votre nouveau planning de travail ? On vous explique tout.\" \/>\n<meta name=\"robots\" content=\"index, follow, max-snippet:-1, max-image-preview:large, max-video-preview:-1\" \/>\n<link rel=\"canonical\" href=\"https:\/\/factorial.fr\/blog\/delai-prevenance-planning\/\" \/>\n<meta property=\"og:locale\" content=\"fr_FR\" \/>\n<meta property=\"og:type\" content=\"article\" \/>\n<meta property=\"og:title\" content=\"D\u00e9lai de pr\u00e9venance pour communiquer un planning de travail et bonnes pratiques RH\" \/>\n<meta property=\"og:description\" content=\"Vos plannings bougent, mais vous ne savez pas quel est le d\u00e9lai de pr\u00e9venance pour communiquer votre nouveau planning de travail ? On vous explique tout.\" \/>\n<meta property=\"og:url\" content=\"https:\/\/factorial.fr\/blog\/delai-prevenance-planning\/\" \/>\n<meta property=\"og:site_name\" content=\"Factorial\" \/>\n<meta property=\"article:publisher\" content=\"https:\/\/www.facebook.com\/people\/Factorial\/100064908455810\/\" \/>\n<meta property=\"article:published_time\" content=\"2024-05-15T08:20:18+00:00\" \/>\n<meta property=\"og:image\" content=\"https:\/\/factorial.fr\/wp-content\/uploads\/2024\/05\/15101930\/planningdetravail.png\" \/>\n\t<meta property=\"og:image:width\" content=\"1023\" \/>\n\t<meta property=\"og:image:height\" content=\"500\" \/>\n\t<meta property=\"og:image:type\" content=\"image\/png\" \/>\n<meta name=\"author\" content=\"Laure Piana\" \/>\n<meta name=\"twitter:card\" content=\"summary_large_image\" \/>\n<meta name=\"twitter:creator\" content=\"@factorialapp\" \/>\n<meta name=\"twitter:site\" content=\"@factorialapp\" \/>\n<meta name=\"twitter:label1\" content=\"Written by\" \/>\n\t<meta name=\"twitter:data1\" content=\"Laure Piana\" \/>\n\t<meta name=\"twitter:label2\" content=\"Est. reading time\" \/>\n\t<meta name=\"twitter:data2\" content=\"7 minutes\" \/>\n<script type=\"application\/ld+json\" class=\"yoast-schema-graph\">{\"@context\":\"https:\/\/schema.org\",\"@graph\":[{\"@type\":\"Article\",\"@id\":\"https:\/\/factorial.fr\/blog\/delai-prevenance-planning\/#article\",\"isPartOf\":{\"@id\":\"https:\/\/factorial.fr\/blog\/delai-prevenance-planning\/\"},\"author\":{\"name\":\"Laure Piana\",\"@id\":\"https:\/\/factorial.fr\/blog\/#\/schema\/person\/f707b4a7619f5beef0a30b17c1490aaf\"},\"headline\":\"D\u00e9lai de pr\u00e9venance pour communiquer un planning de travail et bonnes pratiques RH\",\"datePublished\":\"2024-05-15T08:20:18+00:00\",\"dateModified\":\"2024-05-15T08:20:18+00:00\",\"mainEntityOfPage\":{\"@id\":\"https:\/\/factorial.fr\/blog\/delai-prevenance-planning\/\"},\"wordCount\":1487,\"publisher\":{\"@id\":\"https:\/\/factorial.fr\/blog\/#organization\"},\"articleSection\":[\"Gestion des plannings\",\"Gestion du temps\"],\"inLanguage\":\"fr-FR\"},{\"@type\":\"WebPage\",\"@id\":\"https:\/\/factorial.fr\/blog\/delai-prevenance-planning\/\",\"url\":\"https:\/\/factorial.fr\/blog\/delai-prevenance-planning\/\",\"name\":\"D\u00e9lai de pr\u00e9venance planning : quelles sont les r\u00e8gles ? | Factorial\",\"isPartOf\":{\"@id\":\"https:\/\/factorial.fr\/blog\/#website\"},\"datePublished\":\"2024-05-15T08:20:18+00:00\",\"dateModified\":\"2024-05-15T08:20:18+00:00\",\"description\":\"Vos plannings bougent, mais vous ne savez pas quel est le d\u00e9lai de pr\u00e9venance pour communiquer votre nouveau planning de travail ? On vous explique tout.\",\"inLanguage\":\"fr-FR\",\"potentialAction\":[{\"@type\":\"ReadAction\",\"target\":[\"https:\/\/factorial.fr\/blog\/delai-prevenance-planning\/\"]}]},{\"@type\":\"WebSite\",\"@id\":\"https:\/\/factorial.fr\/blog\/#website\",\"url\":\"https:\/\/factorial.fr\/blog\/\",\"name\":\"Factorial\",\"description\":\"\",\"publisher\":{\"@id\":\"https:\/\/factorial.fr\/blog\/#organization\"},\"potentialAction\":[{\"@type\":\"SearchAction\",\"target\":{\"@type\":\"EntryPoint\",\"urlTemplate\":\"https:\/\/factorial.fr\/blog\/?s={search_term_string}\"},\"query-input\":\"required name=search_term_string\"}],\"inLanguage\":\"fr-FR\"},{\"@type\":\"Organization\",\"@id\":\"https:\/\/factorial.fr\/blog\/#organization\",\"name\":\"All-in-one business management software - Factorial\",\"url\":\"https:\/\/factorial.fr\/blog\/\",\"logo\":{\"@type\":\"ImageObject\",\"inLanguage\":\"fr-FR\",\"@id\":\"https:\/\/factorial.fr\/blog\/#\/schema\/logo\/image\/\",\"url\":\"https:\/\/factorial.fr\/wp-content\/uploads\/2023\/07\/18155144\/factorial-logo.png\",\"contentUrl\":\"https:\/\/factorial.fr\/wp-content\/uploads\/2023\/07\/18155144\/factorial-logo.png\",\"width\":946,\"height\":880,\"caption\":\"All-in-one business management software - Factorial\"},\"image\":{\"@id\":\"https:\/\/factorial.fr\/blog\/#\/schema\/logo\/image\/\"},\"sameAs\":[\"https:\/\/www.facebook.com\/people\/Factorial\/100064908455810\/\",\"https:\/\/twitter.com\/factorialapp\",\"https:\/\/www.linkedin.com\/company\/factorialhr\",\"https:\/\/www.youtube.com\/@factorialmedia\",\"https:\/\/www.instagram.com\/factorial\/#\"]},{\"@type\":\"Person\",\"@id\":\"https:\/\/factorial.fr\/blog\/#\/schema\/person\/f707b4a7619f5beef0a30b17c1490aaf\",\"name\":\"Laure Piana\",\"image\":{\"@type\":\"ImageObject\",\"inLanguage\":\"fr-FR\",\"@id\":\"https:\/\/factorial.fr\/blog\/#\/schema\/person\/image\/\",\"url\":\"https:\/\/secure.gravatar.com\/avatar\/ebceaf3c58fbc96b430672ac8bb05cfc?s=96&d=identicon&r=g\",\"contentUrl\":\"https:\/\/secure.gravatar.com\/avatar\/ebceaf3c58fbc96b430672ac8bb05cfc?s=96&d=identicon&r=g\",\"caption\":\"Laure Piana\"},\"description\":\"R\u00e9dactrice RH freelance, je poss\u00e8de dix ans d\u2019exp\u00e9riences professionnelles en tant que charg\u00e9e de mission, puis consultante RH, au sein d\u2019environnements vari\u00e9s de l\u2019industrie, du service public de l\u2019emploi et d'organismes de formation professionnelle continue. Ce parcours m\u2019a permis d\u2019aborder les th\u00e9matiques li\u00e9es \u00e0 la GPEC, \u00e0 la prospective RH et l'ing\u00e9nierie de formations et d\u2019accompagner les acteurs des territoires, les entreprises et les actifs dans la gestion des parcours et des comp\u00e9tences. Aujourd\u2019hui, j\u2019accompagne les diff\u00e9rents acteurs de la cha\u00eene de valeur RH \u00e0 gagner en visibilit\u00e9 et \u00e0 accompagner le changement, en produisant des contenus utiles et pertinents pour les professionnels RH et les actifs en transition.\",\"sameAs\":[\"https:\/\/semantik-rh.com\/le-blog-rh\/\",\"https:\/\/www.linkedin.com\/in\/laure-piana-2aaab834\/\"],\"url\":\"https:\/\/factorial.fr\/blog\/author\/laure\/\"}]}<\/script>\n<!-- \/ Yoast SEO Premium plugin. -->","yoast_head_json":{"title":"D\u00e9lai de pr\u00e9venance planning : quelles sont les r\u00e8gles ? | Factorial","description":"Vos plannings bougent, mais vous ne savez pas quel est le d\u00e9lai de pr\u00e9venance pour communiquer votre nouveau planning de travail ? On vous explique tout.","robots":{"index":"index","follow":"follow","max-snippet":"max-snippet:-1","max-image-preview":"max-image-preview:large","max-video-preview":"max-video-preview:-1"},"canonical":"https:\/\/factorial.fr\/blog\/delai-prevenance-planning\/","og_locale":"fr_FR","og_type":"article","og_title":"D\u00e9lai de pr\u00e9venance pour communiquer un planning de travail et bonnes pratiques RH","og_description":"Vos plannings bougent, mais vous ne savez pas quel est le d\u00e9lai de pr\u00e9venance pour communiquer votre nouveau planning de travail ? On vous explique tout.","og_url":"https:\/\/factorial.fr\/blog\/delai-prevenance-planning\/","og_site_name":"Factorial","article_publisher":"https:\/\/www.facebook.com\/people\/Factorial\/100064908455810\/","article_published_time":"2024-05-15T08:20:18+00:00","og_image":[{"width":1023,"height":500,"url":"https:\/\/factorial.fr\/wp-content\/uploads\/2024\/05\/15101930\/planningdetravail.png","type":"image\/png"}],"author":"Laure Piana","twitter_card":"summary_large_image","twitter_creator":"@factorialapp","twitter_site":"@factorialapp","twitter_misc":{"Written by":"Laure Piana","Est. reading time":"7 minutes"},"schema":{"@context":"https:\/\/schema.org","@graph":[{"@type":"Article","@id":"https:\/\/factorial.fr\/blog\/delai-prevenance-planning\/#article","isPartOf":{"@id":"https:\/\/factorial.fr\/blog\/delai-prevenance-planning\/"},"author":{"name":"Laure Piana","@id":"https:\/\/factorial.fr\/blog\/#\/schema\/person\/f707b4a7619f5beef0a30b17c1490aaf"},"headline":"D\u00e9lai de pr\u00e9venance pour communiquer un planning de travail et bonnes pratiques RH","datePublished":"2024-05-15T08:20:18+00:00","dateModified":"2024-05-15T08:20:18+00:00","mainEntityOfPage":{"@id":"https:\/\/factorial.fr\/blog\/delai-prevenance-planning\/"},"wordCount":1487,"publisher":{"@id":"https:\/\/factorial.fr\/blog\/#organization"},"articleSection":["Gestion des plannings","Gestion du temps"],"inLanguage":"fr-FR"},{"@type":"WebPage","@id":"https:\/\/factorial.fr\/blog\/delai-prevenance-planning\/","url":"https:\/\/factorial.fr\/blog\/delai-prevenance-planning\/","name":"D\u00e9lai de pr\u00e9venance planning : quelles sont les r\u00e8gles ? | Factorial","isPartOf":{"@id":"https:\/\/factorial.fr\/blog\/#website"},"datePublished":"2024-05-15T08:20:18+00:00","dateModified":"2024-05-15T08:20:18+00:00","description":"Vos plannings bougent, mais vous ne savez pas quel est le d\u00e9lai de pr\u00e9venance pour communiquer votre nouveau planning de travail ? On vous explique tout.","inLanguage":"fr-FR","potentialAction":[{"@type":"ReadAction","target":["https:\/\/factorial.fr\/blog\/delai-prevenance-planning\/"]}]},{"@type":"WebSite","@id":"https:\/\/factorial.fr\/blog\/#website","url":"https:\/\/factorial.fr\/blog\/","name":"Factorial","description":"","publisher":{"@id":"https:\/\/factorial.fr\/blog\/#organization"},"potentialAction":[{"@type":"SearchAction","target":{"@type":"EntryPoint","urlTemplate":"https:\/\/factorial.fr\/blog\/?s={search_term_string}"},"query-input":"required name=search_term_string"}],"inLanguage":"fr-FR"},{"@type":"Organization","@id":"https:\/\/factorial.fr\/blog\/#organization","name":"All-in-one business management software - Factorial","url":"https:\/\/factorial.fr\/blog\/","logo":{"@type":"ImageObject","inLanguage":"fr-FR","@id":"https:\/\/factorial.fr\/blog\/#\/schema\/logo\/image\/","url":"https:\/\/factorial.fr\/wp-content\/uploads\/2023\/07\/18155144\/factorial-logo.png","contentUrl":"https:\/\/factorial.fr\/wp-content\/uploads\/2023\/07\/18155144\/factorial-logo.png","width":946,"height":880,"caption":"All-in-one business management software - Factorial"},"image":{"@id":"https:\/\/factorial.fr\/blog\/#\/schema\/logo\/image\/"},"sameAs":["https:\/\/www.facebook.com\/people\/Factorial\/100064908455810\/","https:\/\/twitter.com\/factorialapp","https:\/\/www.linkedin.com\/company\/factorialhr","https:\/\/www.youtube.com\/@factorialmedia","https:\/\/www.instagram.com\/factorial\/#"]},{"@type":"Person","@id":"https:\/\/factorial.fr\/blog\/#\/schema\/person\/f707b4a7619f5beef0a30b17c1490aaf","name":"Laure Piana","image":{"@type":"ImageObject","inLanguage":"fr-FR","@id":"https:\/\/factorial.fr\/blog\/#\/schema\/person\/image\/","url":"https:\/\/secure.gravatar.com\/avatar\/ebceaf3c58fbc96b430672ac8bb05cfc?s=96&d=identicon&r=g","contentUrl":"https:\/\/secure.gravatar.com\/avatar\/ebceaf3c58fbc96b430672ac8bb05cfc?s=96&d=identicon&r=g","caption":"Laure Piana"},"description":"R\u00e9dactrice RH freelance, je poss\u00e8de dix ans d\u2019exp\u00e9riences professionnelles en tant que charg\u00e9e de mission, puis consultante RH, au sein d\u2019environnements vari\u00e9s de l\u2019industrie, du service public de l\u2019emploi et d'organismes de formation professionnelle continue. Ce parcours m\u2019a permis d\u2019aborder les th\u00e9matiques li\u00e9es \u00e0 la GPEC, \u00e0 la prospective RH et l'ing\u00e9nierie de formations et d\u2019accompagner les acteurs des territoires, les entreprises et les actifs dans la gestion des parcours et des comp\u00e9tences. Aujourd\u2019hui, j\u2019accompagne les diff\u00e9rents acteurs de la cha\u00eene de valeur RH \u00e0 gagner en visibilit\u00e9 et \u00e0 accompagner le changement, en produisant des contenus utiles et pertinents pour les professionnels RH et les actifs en transition.","sameAs":["https:\/\/semantik-rh.com\/le-blog-rh\/","https:\/\/www.linkedin.com\/in\/laure-piana-2aaab834\/"],"url":"https:\/\/factorial.fr\/blog\/author\/laure\/"}]}},"_links":{"self":[{"href":"https:\/\/factorial.fr\/blog\/wp-json\/wp\/v2\/posts\/132988"}],"collection":[{"href":"https:\/\/factorial.fr\/blog\/wp-json\/wp\/v2\/posts"}],"about":[{"href":"https:\/\/factorial.fr\/blog\/wp-json\/wp\/v2\/types\/post"}],"author":[{"embeddable":true,"href":"https:\/\/factorial.fr\/blog\/wp-json\/wp\/v2\/users\/216"}],"replies":[{"embeddable":true,"href":"https:\/\/factorial.fr\/blog\/wp-json\/wp\/v2\/comments?post=132988"}],"version-history":[{"count":4,"href":"https:\/\/factorial.fr\/blog\/wp-json\/wp\/v2\/posts\/132988\/revisions"}],"predecessor-version":[{"id":133054,"href":"https:\/\/factorial.fr\/blog\/wp-json\/wp\/v2\/posts\/132988\/revisions\/133054"}],"wp:featuredmedia":[{"embeddable":true,"href":"https:\/\/factorial.fr\/blog\/wp-json\/wp\/v2\/media\/133055"}],"wp:attachment":[{"href":"https:\/\/factorial.fr\/blog\/wp-json\/wp\/v2\/media?parent=132988"}],"wp:term":[{"taxonomy":"category","embeddable":true,"href":"https:\/\/factorial.fr\/blog\/wp-json\/wp\/v2\/categories?post=132988"},{"taxonomy":"post_tag","embeddable":true,"href":"https:\/\/factorial.fr\/blog\/wp-json\/wp\/v2\/tags?post=132988"}],"curies":[{"name":"wp","href":"https:\/\/api.w.org\/{rel}","templated":true}]}}