{"id":130846,"date":"2024-04-08T09:17:13","date_gmt":"2024-04-08T07:17:13","guid":{"rendered":"https:\/\/factorialhr.com\/blog\/?p=130846"},"modified":"2025-05-13T17:47:41","modified_gmt":"2025-05-13T15:47:41","slug":"operateur-competences-opco","status":"publish","type":"post","link":"https:\/\/factorial.fr\/blog\/operateur-competences-opco\/","title":{"rendered":"Qu\u2019est-ce qu\u2019un op\u00e9rateur de comp\u00e9tences (OPCO) ?"},"content":{"rendered":"<p>Cr\u00e9\u00e9s en 2019 pour <strong>remplacer les organismes paritaires collecteurs agr\u00e9\u00e9s (OPCA)<\/strong>, les OPCO se positionnent au c\u0153ur de l&rsquo;\u00e9cosyst\u00e8me de la formation. Ils forment le pont entre les besoins en formation des salari\u00e9-e-s, les besoins en comp\u00e9tences des entreprises, et les politiques de formation des branches professionnelles et de l\u2019Etat. Avec 11 OPCO d\u00e9di\u00e9s \u00e0 divers secteurs d\u2019activit\u00e9, <strong>le syst\u00e8me vise \u00e0 favoriser l\u2019ad\u00e9quation entre les offres de formation et les besoins en comp\u00e9tences des branches professionnelles.<\/strong><\/p>\n<p>Et si la cl\u00e9 d\u2019une gestion de carri\u00e8re r\u00e9ussie \u00e9tait d\u2019abord de comprendre ce que vos collaborateurs attendent vraiment ? Explorez les insights de notre derni\u00e8re enqu\u00eate dans le Factorial Mag.<br \/>\n<style>\r\n    .image-wrapper .image-container {\r\n        position: relative;\r\n        overflow: hidden;\r\n    }\r\n    .image-wrapper .image-container img {\r\n\t\tborder-radius: 0;\r\n        width: 100%;\r\n        height: 100%;\r\n        object-fit: cover; \/* maintains aspect ratio *\/\r\n\t\tmargin: 0;\r\n    }\r\n\t\r\n\t.image-wrapper{\r\n\t\tdisplay: block;\r\n\t}\r\n\t\r\n\r\n\t.rounded-2xl {\r\n        border-radius: 1rem;\r\n    }\r\n\t\r\n\t.image-inner-container {\r\n\t\twidth: 100%;\r\n\t\tborder-radius: 1rem;\r\n\t\tdisplay: flex;\r\n\t\toverflow: hidden;\r\n\t\tbox-shadow: 0 1px 3px 0 rgba(0, 0, 0, 0.1), 0 1px 2px 0 rgba(0, 0, 0, 0.06);\r\n\t}\r\n\r\n\t\/* Media Queries *\/\r\n\t@media (min-width: 768px) {\r\n\t\t.image-container {\r\n\t\t\tdisplay: block;\r\n\t\t}\r\n\t}\r\n<\/style>\r\n\r\n<a role='button' id='image-banner-157949' class='image-wrapper' href=\"https:\/\/factorial.fr\/ebooks\/factorial-mag-printemps-ete-2025\">\r\n<div class=\"image-inner-container\">\r\n    <div class=\"bg-gray-200 image-container\">\r\n        <img decoding=\"async\" id=\"bannerImage\" src=\"https:\/\/factorial.fr\/wp-content\/uploads\/2025\/05\/06173323\/ebook-factorial-mag.webp\">\r\n    <\/div>\r\n<\/div>\r\n<\/a>\r\n<script>\r\n(() => {\r\n  const banner = document.getElementById(\"image-banner-157949\"); \r\n    if (banner) {\r\n      banner.addEventListener(\"click\", () => {\r\n        window.GoogleAnalytics.trackEvent({\r\n          action: \"banner_click\",\r\n          category: \"blog_banner_inline_image\",\r\n          isoCode: \"\",\r\n        });\r\n      });\r\n\t  \r\n\t  const options = {\t  \r\n\t\t  rootMargin: \"0px\",\r\n\t\t  threshold: 1.0,\r\n\t\t};\r\n\r\n\t\tconst observer = new IntersectionObserver((entries) => {\r\n\t\t\t entries.forEach((entry) => {\r\n\t\t\t\tif (entry.isIntersecting) {\r\n\t\t\t\t\tobserver.disconnect();\r\n\t\t\t\t\twindow.GoogleAnalytics.trackEvent({\r\n\t\t\t\t\t\taction: 'banner_view',\r\n\t\t\t\t\t\tcategory: \"blog_banner_inline_image\",\r\n          \t\t\t\tisoCode: \"\",\r\n\t\t\t\t\t});\r\n\t\t\t\t}\r\n\t\t\t  });\r\n\t\t}, options);\r\n\r\n\r\n\r\n\t\tobserver.observe(banner);\r\n    }\r\n\t\r\n})()\r\n\t\r\n<\/script><\/p>\n<div class=\"js-toc toc\">\n<p class=\"js-toc-title toc__title\">Table des mati\u00e8res<\/p>\n<nav id=\"fac_toc_nav\" class=\"js-toc-nav toc__nav\" aria-label=\"Table des mati\u00e8res\"><ol class=\"toc__list toc__list--level-1\"><li class=\"toc-heading-level-2\"><a class=\"toc__link toc-link-heading-1\" href=\"https:\/\/factorial.fr\/blog\/operateur-competences-opco\/#opco-definition\" title=\"OPCO : d\u00e9finition\" data-target-id=\"opco-definition\">OPCO : d\u00e9finition<\/a><\/li><li class=\"toc-heading-level-2\"><a class=\"toc__link toc-link-heading-2\" href=\"https:\/\/factorial.fr\/blog\/operateur-competences-opco\/#le-financement-des-opco\" title=\"Le financement des OPCO\" data-target-id=\"le-financement-des-opco\">Le financement des OPCO<\/a><\/li><li class=\"toc-heading-level-2\"><a class=\"toc__link toc-link-heading-3\" href=\"https:\/\/factorial.fr\/blog\/operateur-competences-opco\/#identifiez-quel-est-l\u2019opco-de-votre-entreprise\" title=\"Identifiez quel est l\u2019OPCO de votre entreprise\" data-target-id=\"identifiez-quel-est-l\u2019opco-de-votre-entreprise\">Identifiez quel est l\u2019OPCO de votre entreprise<\/a><\/li><li class=\"toc-heading-level-2\"><a class=\"toc__link toc-link-heading-4\" href=\"https:\/\/factorial.fr\/blog\/operateur-competences-opco\/#en-conclusion\" title=\"En conclusion\" data-target-id=\"en-conclusion\">En conclusion<\/a><\/li><li class=\"toc-heading-level-2\"><a class=\"toc__link toc-link-heading-5\" href=\"https:\/\/factorial.fr\/blog\/operateur-competences-opco\/#\ud83d\ude80-reservez-des-aujourd\u2019hui-votre-demo-offerte-de-factorial-et-simplifiez-vraiment-votre-gestion-de-la-formation\" title=\"\ud83d\ude80 R\u00e9servez d\u00e8s aujourd\u2019hui votre d\u00e9mo offerte de Factorial et simplifiez vraiment votre gestion de la formation.\" data-target-id=\"\ud83d\ude80-reservez-des-aujourd\u2019hui-votre-demo-offerte-de-factorial-et-simplifiez-vraiment-votre-gestion-de-la-formation\">\ud83d\ude80 R\u00e9servez d\u00e8s aujourd\u2019hui votre d\u00e9mo offerte de Factorial et simplifiez vraiment votre gestion de la formation.<\/a><\/li><\/ol><\/nav><\/div>\n<h2>OPCO : d\u00e9finition<\/h2>\n<p>Un OPCO, ou op\u00e9rateur de comp\u00e9tences, est un <strong>organisme paritaire collecteur agr\u00e9\u00e9 qui accompagne et finance la formation professionnelle en France.<\/strong> Les OPCO ont pour mission d\u2019aider les branches professionnelles nationales \u00e0 construire des certifications. En outre, ils assurent le financement des contrats d\u2019apprentissage et de professionnalisation, et accompagnent les PME dans la <a href=\"https:\/\/factorial.fr\/blog\/recenser-besoins-formation\/\">d\u00e9finition des besoins en formation<\/a>.<\/p>\n<h3>Les 11 OPCO qui remplacent les OPCA<\/h3>\n<p>Les OPCO, successeurs des OPCA, ont \u00e9t\u00e9 instaur\u00e9s en 2019 dans le cadre de la r\u00e9forme visant \u00e0 optimiser le paysage de la formation professionnelle en France. Cette \u00e9volution marque <strong>une volont\u00e9 gouvernementale de mieux adapter la collecte et la distribution des fonds de formation aux besoins r\u00e9els des entreprises et des salari\u00e9s<\/strong>. En passant de 20 OPCA \u00e0 11 OPCO, le syst\u00e8me s&rsquo;efforce d\u00e9sormais de garantir une couverture plus cibl\u00e9e et efficace des diff\u00e9rents secteurs d&rsquo;activit\u00e9, renfor\u00e7ant ainsi l&rsquo;accompagnement et le soutien \u00e0 la formation professionnelle.<\/p>\n<p>Ces 11 OPCO sont les suivants ;<\/p>\n<table>\n<tbody>\n<tr>\n<td>AFDAS<\/td>\n<td>Op\u00e9rateur de comp\u00e9tences dans le champ des secteurs de la culture, des industries cr\u00e9atives, des m\u00e9dias, de la communication, des t\u00e9l\u00e9communications, du sport, du tourisme, des loisirs et du divertissement. Il regroupe \u00e9galement le p\u00e9rim\u00e8tre des intermittents du spectacle et des artistes-auteurs.<\/td>\n<\/tr>\n<tr>\n<td>ATLAS<\/td>\n<td>Op\u00e9rateur de comp\u00e9tences dans le champ des assurances, des services financiers et du conseil.<\/td>\n<\/tr>\n<tr>\n<td>OCAPIAT<\/td>\n<td>Op\u00e9rateur de comp\u00e9tences des entreprises et exploitations agricoles, des acteurs du territoire et des entreprises du secteur alimentaire (industries alimentaires, coop\u00e9ration agricole et familles associ\u00e9es et commerce agricole), des professionnels des activit\u00e9s maritimes.<\/td>\n<\/tr>\n<tr>\n<td>UNIFORMATION<\/td>\n<td>Op\u00e9rateur de comp\u00e9tences dans le champ de la coh\u00e9sion sociale : champ social, services aux personnes, insertion, sport, enseignement et formation<\/td>\n<\/tr>\n<tr>\n<td>CONSTRUCTYS<\/td>\n<td>Op\u00e9rateur de comp\u00e9tences dans le champ des secteurs du b\u00e2timent, des travaux publics, du n\u00e9goce des mat\u00e9riaux de construction et de bois.<\/td>\n<\/tr>\n<tr>\n<td>OPCOMMERCE<\/td>\n<td>Le champ d&rsquo;intervention professionnel de L&rsquo;Opcommerce correspond aux champs conventionnels des branches du commerce<\/td>\n<\/tr>\n<tr>\n<td>AKTO<\/td>\n<td>Opco des entreprises et des salari\u00e9s des services \u00e0 forte intensit\u00e9 de main d&rsquo;\u0153uvre ( H\u00f4tellerie, Restauration, Formation, Travail temporaire, etc.)<\/td>\n<\/tr>\n<tr>\n<td>OPCO 2I<\/td>\n<td>Op\u00e9rateur de comp\u00e9tences dans le champ des secteurs des industries chimiques, pharmaceutiques, papiers-carton, de la m\u00e9tallurgie.<\/td>\n<\/tr>\n<tr>\n<td>OPCO Mobilit\u00e9s<\/td>\n<td>Op\u00e9rateur de comp\u00e9tences dans le champ des secteurs du transport routier, maritime, services de l&rsquo;automobile.<\/td>\n<\/tr>\n<tr>\n<td>OPCO EP<\/td>\n<td>L&rsquo;op\u00e9rateur de comp\u00e9tences des entreprises de proximit\u00e9 est un op\u00e9rateur interbranches<\/td>\n<\/tr>\n<tr>\n<td>OPCO Sant\u00e9<\/td>\n<td>Le champ d&rsquo;intervention de l&rsquo;Opco Sant\u00e9 regroupe les professions de la sant\u00e9 et m\u00e9dico-social.<\/td>\n<\/tr>\n<\/tbody>\n<\/table>\n<h3>Quel est le r\u00f4le d\u2019un OPCO ?<\/h3>\n<p>Les op\u00e9rateurs de comp\u00e9tences accompagnent les entreprises et les branches professionnelles sur plusieurs th\u00e8mes :<\/p>\n<ul>\n<li aria-level=\"1\">L\u2019accompagnement des entreprises dans la <strong>d\u00e9finition de leurs besoins<\/strong> en mati\u00e8re d\u2019emploi et de comp\u00e9tences (GPEC) ;<\/li>\n<li aria-level=\"1\">L\u2019am\u00e9lioration de l\u2019acc\u00e8s \u00e0 la formation dans les TPE et PME ;<\/li>\n<li aria-level=\"1\">Le <strong>financement<\/strong> des contrats d\u2019apprentissage et de professionnalisation ;<\/li>\n<li aria-level=\"1\">L\u2019accompagnement des branches professionnelles dans leur mission de certification.<\/li>\n<\/ul>\n<p><strong>Bon \u00e0 savoir<\/strong> : les contributions obligatoires des employeurs au titre du financement de la <a href=\"https:\/\/factorial.fr\/logiciel-formations\">formation professionnelle<\/a> et de l\u2019alternance \u00e9taient collect\u00e9es par les OPCO jusqu\u2019au 1er janvier 2022. D\u00e9sormais, la collecte est assur\u00e9e par l\u2019Urssaf ou la MSA.<\/p>\n<h2>Le financement des OPCO<\/h2>\n<p>L&rsquo;OPCO peut financer diverses actions de formation professionnelle continue. Il s\u2019agit notamment :<\/p>\n<ul>\n<li aria-level=\"1\">Des actions de formation concourant au <a href=\"https:\/\/factorial.fr\/blog\/reussir-plan-de-formation\/\">plan de d\u00e9veloppement des comp\u00e9tences<\/a> ;<\/li>\n<li aria-level=\"1\">Des contrats d&rsquo;apprentissage et de professionnalisation ;<\/li>\n<li aria-level=\"1\">Des d\u00e9penses de tutorat et de formations des ma\u00eetres d\u2019apprentissage ;<\/li>\n<li aria-level=\"1\">Des formations des membres de la d\u00e9l\u00e9gation du personnel du CSE (dans les entreprises de moins de 50 salari\u00e9s).<\/li>\n<li aria-level=\"1\">Des actions de formation ou de promotion par l\u2019alternance (Pro-A)<\/li>\n<\/ul>\n<h2>Identifiez quel est l\u2019OPCO de votre entreprise<\/h2>\n<h3>Comment savoir si on a un OPCO ?<\/h3>\n<p><strong>Toutes les entreprises sont rattach\u00e9es \u00e0 un seul et unique OPCO en fonction de leur convention collective de rattachement.<\/strong> Quel que soit l&rsquo;effectif, l&rsquo;activit\u00e9 ou la forme juridique de l&rsquo;entreprise, tout employeur doit participer au financement de la formation professionnelle continue de ses salari\u00e9-e-s (cadres ou non cadres) via la <a href=\"https:\/\/factorial.fr\/blog\/contribution-formation-professionnelle\/\">contribution \u00e0 la formation professionnelle<\/a>.<\/p>\n<p>Pour ce faire, vous cotisez aupr\u00e8s de l\u2019URSAFF. Vous avez donc forc\u00e9ment un OPCO de rattachement.<\/p>\n<h3>Comment savoir quel est l\u2019OPCO de mon entreprise ?<\/h3>\n<p>Pour conna\u00eetre votre OPCO, dirigez vous vers le moteur de recherche de France Comp\u00e9tences et entrez votre num\u00e9ro SIRET. Vous pouvez aussi acc\u00e9der au nom de votre OPCO en recherchant \u00e0 partir du code APE de votre activit\u00e9 et votre d\u00e9partement.<\/p>\n<p>Vous pouvez \u00e9galement utiliser la table de correspondance disponible sur Centre Inffo (https:\/\/www.centre-inffo.fr\/fiche\/tables-de-correspondance-permettant-didentifier-lopco-competent-pour-une-branche-ou-un)\u00a0pour trouver votre OPCO gr\u00e2ce \u00e0 votre Identifiant de Convention Collective (IDCC). Pour rappel, <strong>le num\u00e9ro IDCC se compose de 4 chiffres et est compris entre 0001 et 9999. I<\/strong>l est attribu\u00e9 par le minist\u00e8re du travail lors de la cr\u00e9ation de la convention collective et est rattach\u00e9 \u00e0 l\u2019intitul\u00e9 de la convention collective. On le trouve g\u00e9n\u00e9ralement sur les fiches de salaire.<\/p>\n<h2>En conclusion<\/h2>\n<p>Au c\u0153ur de la formation professionnelle, les op\u00e9rateurs de comp\u00e9tences (OPCO) sont un outil essentiel pour l&rsquo;ad\u00e9quation entre les offres de formation et les besoins du march\u00e9 du travail. Depuis leur cr\u00e9ation en 2019, <strong>les 11 OPCO se positionnent comme des partenaires incontournables pour les entreprises et les salari\u00e9s<\/strong>. Ils facilitent l&rsquo;acc\u00e8s \u00e0 la formation, soutiennent l&rsquo;innovation p\u00e9dagogique et contribuent \u00e0 la valorisation des m\u00e9tiers et de l\u2019apprentissage.<\/p>\n<p>Leur r\u00f4le, centr\u00e9 sur le financement, l&rsquo;accompagnement et la certification, assure la pertinence et l&rsquo;efficacit\u00e9 du syst\u00e8me de formation professionnelle, en compl\u00e9mentarit\u00e9 avec les autres dispositifs de financement tels que le <a href=\"https:\/\/factorial.fr\/blog\/compte-personnel-de-formation\/\">Compte personnel de Formation<\/a> et les formations financ\u00e9es par France Travail ou les r\u00e9gions.<\/p>\n<h2>\ud83d\ude80 R\u00e9servez d\u00e8s aujourd\u2019hui votre <a href=\"https:\/\/factorial.fr\/get-started\">d\u00e9mo offerte de Factorial<\/a> et simplifiez vraiment votre <a href=\"https:\/\/factorial.fr\/logiciel-formations\">gestion de la formation<\/a>.<\/h2>\n","protected":false},"excerpt":{"rendered":"<p>Cr\u00e9\u00e9s en 2019 pour remplacer les organismes paritaires collecteurs agr\u00e9\u00e9s (OPCA), les OPCO se positionnent au c\u0153ur de l&rsquo;\u00e9cosyst\u00e8me de la formation. Ils forment le pont entre les besoins en formation des salari\u00e9-e-s, les besoins en comp\u00e9tences des entreprises, et les politiques de formation des branches professionnelles et de l\u2019Etat. Avec 11 OPCO d\u00e9di\u00e9s \u00e0<a href=\"https:\/\/factorial.fr\/blog\/operateur-competences-opco\/\" class=\"read-more\"> [&#8230;]<\/a><\/p>\n","protected":false},"author":216,"featured_media":130849,"comment_status":"closed","ping_status":"closed","sticky":false,"template":"","format":"standard","meta":{"_acf_changed":false,"footnotes":""},"categories":[452,445],"tags":[],"class_list":["post-130846","post","type-post","status-publish","format-standard","has-post-thumbnail","hentry","category-formation","category-talents"],"acf":{"topics":"talent-training"},"yoast_head":"<!-- This site is optimized with the Yoast SEO Premium plugin v21.5 (Yoast SEO v21.9.1) - https:\/\/yoast.com\/wordpress\/plugins\/seo\/ -->\n<title>OPCO : d\u00e9finition et r\u00f4le | Factorial<\/title>\n<meta name=\"description\" content=\"Qu\u2019est-ce qu\u2019un Op\u00e9rateur de Comp\u00e9tence (OPCO) ? Quel est son r\u00f4le ? D\u00e9couvrez ce qu\u2019il faut retenir sur les OPCO.\" \/>\n<meta name=\"robots\" content=\"index, follow, max-snippet:-1, max-image-preview:large, max-video-preview:-1\" \/>\n<link rel=\"canonical\" href=\"https:\/\/factorial.fr\/blog\/operateur-competences-opco\/\" \/>\n<meta property=\"og:locale\" content=\"fr_FR\" \/>\n<meta property=\"og:type\" content=\"article\" \/>\n<meta property=\"og:title\" content=\"Qu\u2019est-ce qu\u2019un op\u00e9rateur de comp\u00e9tences (OPCO) ?\" \/>\n<meta property=\"og:description\" content=\"Qu\u2019est-ce qu\u2019un Op\u00e9rateur de Comp\u00e9tence (OPCO) ? Quel est son r\u00f4le ? D\u00e9couvrez ce qu\u2019il faut retenir sur les OPCO.\" \/>\n<meta property=\"og:url\" content=\"https:\/\/factorial.fr\/blog\/operateur-competences-opco\/\" \/>\n<meta property=\"og:site_name\" content=\"Factorial\" \/>\n<meta property=\"article:publisher\" content=\"https:\/\/www.facebook.com\/people\/Factorial\/100064908455810\/\" \/>\n<meta property=\"article:published_time\" content=\"2024-04-08T07:17:13+00:00\" \/>\n<meta property=\"article:modified_time\" content=\"2025-05-13T15:47:41+00:00\" \/>\n<meta property=\"og:image\" content=\"https:\/\/factorial.fr\/wp-content\/uploads\/2024\/04\/08091706\/opco.jpg\" \/>\n\t<meta property=\"og:image:width\" content=\"1112\" \/>\n\t<meta property=\"og:image:height\" content=\"536\" \/>\n\t<meta property=\"og:image:type\" content=\"image\/jpeg\" \/>\n<meta name=\"author\" content=\"Laure Piana\" \/>\n<meta name=\"twitter:card\" content=\"summary_large_image\" \/>\n<meta name=\"twitter:creator\" content=\"@factorialapp\" \/>\n<meta name=\"twitter:site\" content=\"@factorialapp\" \/>\n<meta name=\"twitter:label1\" content=\"Written by\" \/>\n\t<meta name=\"twitter:data1\" content=\"Laure Piana\" \/>\n\t<meta name=\"twitter:label2\" content=\"Est. reading time\" \/>\n\t<meta name=\"twitter:data2\" content=\"5 minutes\" \/>\n<script type=\"application\/ld+json\" class=\"yoast-schema-graph\">{\"@context\":\"https:\/\/schema.org\",\"@graph\":[{\"@type\":\"Article\",\"@id\":\"https:\/\/factorial.fr\/blog\/operateur-competences-opco\/#article\",\"isPartOf\":{\"@id\":\"https:\/\/factorial.fr\/blog\/operateur-competences-opco\/\"},\"author\":{\"name\":\"Laure Piana\",\"@id\":\"https:\/\/factorial.fr\/blog\/#\/schema\/person\/f707b4a7619f5beef0a30b17c1490aaf\"},\"headline\":\"Qu\u2019est-ce qu\u2019un op\u00e9rateur de comp\u00e9tences (OPCO) ?\",\"datePublished\":\"2024-04-08T07:17:13+00:00\",\"dateModified\":\"2025-05-13T15:47:41+00:00\",\"mainEntityOfPage\":{\"@id\":\"https:\/\/factorial.fr\/blog\/operateur-competences-opco\/\"},\"wordCount\":1177,\"publisher\":{\"@id\":\"https:\/\/factorial.fr\/blog\/#organization\"},\"articleSection\":[\"Formation\",\"Gestion des talents\"],\"inLanguage\":\"fr-FR\"},{\"@type\":\"WebPage\",\"@id\":\"https:\/\/factorial.fr\/blog\/operateur-competences-opco\/\",\"url\":\"https:\/\/factorial.fr\/blog\/operateur-competences-opco\/\",\"name\":\"OPCO : d\u00e9finition et r\u00f4le | Factorial\",\"isPartOf\":{\"@id\":\"https:\/\/factorial.fr\/blog\/#website\"},\"datePublished\":\"2024-04-08T07:17:13+00:00\",\"dateModified\":\"2025-05-13T15:47:41+00:00\",\"description\":\"Qu\u2019est-ce qu\u2019un Op\u00e9rateur de Comp\u00e9tence (OPCO) ? Quel est son r\u00f4le ? D\u00e9couvrez ce qu\u2019il faut retenir sur les OPCO.\",\"inLanguage\":\"fr-FR\",\"potentialAction\":[{\"@type\":\"ReadAction\",\"target\":[\"https:\/\/factorial.fr\/blog\/operateur-competences-opco\/\"]}]},{\"@type\":\"WebSite\",\"@id\":\"https:\/\/factorial.fr\/blog\/#website\",\"url\":\"https:\/\/factorial.fr\/blog\/\",\"name\":\"Factorial\",\"description\":\"\",\"publisher\":{\"@id\":\"https:\/\/factorial.fr\/blog\/#organization\"},\"potentialAction\":[{\"@type\":\"SearchAction\",\"target\":{\"@type\":\"EntryPoint\",\"urlTemplate\":\"https:\/\/factorial.fr\/blog\/?s={search_term_string}\"},\"query-input\":\"required name=search_term_string\"}],\"inLanguage\":\"fr-FR\"},{\"@type\":\"Organization\",\"@id\":\"https:\/\/factorial.fr\/blog\/#organization\",\"name\":\"All-in-one business management software - Factorial\",\"url\":\"https:\/\/factorial.fr\/blog\/\",\"logo\":{\"@type\":\"ImageObject\",\"inLanguage\":\"fr-FR\",\"@id\":\"https:\/\/factorial.fr\/blog\/#\/schema\/logo\/image\/\",\"url\":\"https:\/\/factorial.fr\/wp-content\/uploads\/2023\/07\/18155144\/factorial-logo.png\",\"contentUrl\":\"https:\/\/factorial.fr\/wp-content\/uploads\/2023\/07\/18155144\/factorial-logo.png\",\"width\":946,\"height\":880,\"caption\":\"All-in-one business management software - Factorial\"},\"image\":{\"@id\":\"https:\/\/factorial.fr\/blog\/#\/schema\/logo\/image\/\"},\"sameAs\":[\"https:\/\/www.facebook.com\/people\/Factorial\/100064908455810\/\",\"https:\/\/twitter.com\/factorialapp\",\"https:\/\/www.linkedin.com\/company\/factorialhr\",\"https:\/\/www.youtube.com\/@factorialmedia\",\"https:\/\/www.instagram.com\/factorial\/#\"]},{\"@type\":\"Person\",\"@id\":\"https:\/\/factorial.fr\/blog\/#\/schema\/person\/f707b4a7619f5beef0a30b17c1490aaf\",\"name\":\"Laure Piana\",\"image\":{\"@type\":\"ImageObject\",\"inLanguage\":\"fr-FR\",\"@id\":\"https:\/\/factorial.fr\/blog\/#\/schema\/person\/image\/\",\"url\":\"https:\/\/secure.gravatar.com\/avatar\/ebceaf3c58fbc96b430672ac8bb05cfc?s=96&d=identicon&r=g\",\"contentUrl\":\"https:\/\/secure.gravatar.com\/avatar\/ebceaf3c58fbc96b430672ac8bb05cfc?s=96&d=identicon&r=g\",\"caption\":\"Laure Piana\"},\"description\":\"R\u00e9dactrice RH freelance, je poss\u00e8de dix ans d\u2019exp\u00e9riences professionnelles en tant que charg\u00e9e de mission, puis consultante RH, au sein d\u2019environnements vari\u00e9s de l\u2019industrie, du service public de l\u2019emploi et d'organismes de formation professionnelle continue. Ce parcours m\u2019a permis d\u2019aborder les th\u00e9matiques li\u00e9es \u00e0 la GPEC, \u00e0 la prospective RH et l'ing\u00e9nierie de formations et d\u2019accompagner les acteurs des territoires, les entreprises et les actifs dans la gestion des parcours et des comp\u00e9tences. Aujourd\u2019hui, j\u2019accompagne les diff\u00e9rents acteurs de la cha\u00eene de valeur RH \u00e0 gagner en visibilit\u00e9 et \u00e0 accompagner le changement, en produisant des contenus utiles et pertinents pour les professionnels RH et les actifs en transition.\",\"sameAs\":[\"https:\/\/semantik-rh.com\/le-blog-rh\/\",\"https:\/\/www.linkedin.com\/in\/laure-piana-2aaab834\/\"],\"url\":\"https:\/\/factorial.fr\/blog\/author\/laure\/\"}]}<\/script>\n<!-- \/ Yoast SEO Premium plugin. -->","yoast_head_json":{"title":"OPCO : d\u00e9finition et r\u00f4le | Factorial","description":"Qu\u2019est-ce qu\u2019un Op\u00e9rateur de Comp\u00e9tence (OPCO) ? Quel est son r\u00f4le ? D\u00e9couvrez ce qu\u2019il faut retenir sur les OPCO.","robots":{"index":"index","follow":"follow","max-snippet":"max-snippet:-1","max-image-preview":"max-image-preview:large","max-video-preview":"max-video-preview:-1"},"canonical":"https:\/\/factorial.fr\/blog\/operateur-competences-opco\/","og_locale":"fr_FR","og_type":"article","og_title":"Qu\u2019est-ce qu\u2019un op\u00e9rateur de comp\u00e9tences (OPCO) ?","og_description":"Qu\u2019est-ce qu\u2019un Op\u00e9rateur de Comp\u00e9tence (OPCO) ? Quel est son r\u00f4le ? D\u00e9couvrez ce qu\u2019il faut retenir sur les OPCO.","og_url":"https:\/\/factorial.fr\/blog\/operateur-competences-opco\/","og_site_name":"Factorial","article_publisher":"https:\/\/www.facebook.com\/people\/Factorial\/100064908455810\/","article_published_time":"2024-04-08T07:17:13+00:00","article_modified_time":"2025-05-13T15:47:41+00:00","og_image":[{"width":1112,"height":536,"url":"https:\/\/factorial.fr\/wp-content\/uploads\/2024\/04\/08091706\/opco.jpg","type":"image\/jpeg"}],"author":"Laure Piana","twitter_card":"summary_large_image","twitter_creator":"@factorialapp","twitter_site":"@factorialapp","twitter_misc":{"Written by":"Laure Piana","Est. reading time":"5 minutes"},"schema":{"@context":"https:\/\/schema.org","@graph":[{"@type":"Article","@id":"https:\/\/factorial.fr\/blog\/operateur-competences-opco\/#article","isPartOf":{"@id":"https:\/\/factorial.fr\/blog\/operateur-competences-opco\/"},"author":{"name":"Laure Piana","@id":"https:\/\/factorial.fr\/blog\/#\/schema\/person\/f707b4a7619f5beef0a30b17c1490aaf"},"headline":"Qu\u2019est-ce qu\u2019un op\u00e9rateur de comp\u00e9tences (OPCO) ?","datePublished":"2024-04-08T07:17:13+00:00","dateModified":"2025-05-13T15:47:41+00:00","mainEntityOfPage":{"@id":"https:\/\/factorial.fr\/blog\/operateur-competences-opco\/"},"wordCount":1177,"publisher":{"@id":"https:\/\/factorial.fr\/blog\/#organization"},"articleSection":["Formation","Gestion des talents"],"inLanguage":"fr-FR"},{"@type":"WebPage","@id":"https:\/\/factorial.fr\/blog\/operateur-competences-opco\/","url":"https:\/\/factorial.fr\/blog\/operateur-competences-opco\/","name":"OPCO : d\u00e9finition et r\u00f4le | Factorial","isPartOf":{"@id":"https:\/\/factorial.fr\/blog\/#website"},"datePublished":"2024-04-08T07:17:13+00:00","dateModified":"2025-05-13T15:47:41+00:00","description":"Qu\u2019est-ce qu\u2019un Op\u00e9rateur de Comp\u00e9tence (OPCO) ? Quel est son r\u00f4le ? D\u00e9couvrez ce qu\u2019il faut retenir sur les OPCO.","inLanguage":"fr-FR","potentialAction":[{"@type":"ReadAction","target":["https:\/\/factorial.fr\/blog\/operateur-competences-opco\/"]}]},{"@type":"WebSite","@id":"https:\/\/factorial.fr\/blog\/#website","url":"https:\/\/factorial.fr\/blog\/","name":"Factorial","description":"","publisher":{"@id":"https:\/\/factorial.fr\/blog\/#organization"},"potentialAction":[{"@type":"SearchAction","target":{"@type":"EntryPoint","urlTemplate":"https:\/\/factorial.fr\/blog\/?s={search_term_string}"},"query-input":"required name=search_term_string"}],"inLanguage":"fr-FR"},{"@type":"Organization","@id":"https:\/\/factorial.fr\/blog\/#organization","name":"All-in-one business management software - Factorial","url":"https:\/\/factorial.fr\/blog\/","logo":{"@type":"ImageObject","inLanguage":"fr-FR","@id":"https:\/\/factorial.fr\/blog\/#\/schema\/logo\/image\/","url":"https:\/\/factorial.fr\/wp-content\/uploads\/2023\/07\/18155144\/factorial-logo.png","contentUrl":"https:\/\/factorial.fr\/wp-content\/uploads\/2023\/07\/18155144\/factorial-logo.png","width":946,"height":880,"caption":"All-in-one business management software - Factorial"},"image":{"@id":"https:\/\/factorial.fr\/blog\/#\/schema\/logo\/image\/"},"sameAs":["https:\/\/www.facebook.com\/people\/Factorial\/100064908455810\/","https:\/\/twitter.com\/factorialapp","https:\/\/www.linkedin.com\/company\/factorialhr","https:\/\/www.youtube.com\/@factorialmedia","https:\/\/www.instagram.com\/factorial\/#"]},{"@type":"Person","@id":"https:\/\/factorial.fr\/blog\/#\/schema\/person\/f707b4a7619f5beef0a30b17c1490aaf","name":"Laure Piana","image":{"@type":"ImageObject","inLanguage":"fr-FR","@id":"https:\/\/factorial.fr\/blog\/#\/schema\/person\/image\/","url":"https:\/\/secure.gravatar.com\/avatar\/ebceaf3c58fbc96b430672ac8bb05cfc?s=96&d=identicon&r=g","contentUrl":"https:\/\/secure.gravatar.com\/avatar\/ebceaf3c58fbc96b430672ac8bb05cfc?s=96&d=identicon&r=g","caption":"Laure Piana"},"description":"R\u00e9dactrice RH freelance, je poss\u00e8de dix ans d\u2019exp\u00e9riences professionnelles en tant que charg\u00e9e de mission, puis consultante RH, au sein d\u2019environnements vari\u00e9s de l\u2019industrie, du service public de l\u2019emploi et d'organismes de formation professionnelle continue. Ce parcours m\u2019a permis d\u2019aborder les th\u00e9matiques li\u00e9es \u00e0 la GPEC, \u00e0 la prospective RH et l'ing\u00e9nierie de formations et d\u2019accompagner les acteurs des territoires, les entreprises et les actifs dans la gestion des parcours et des comp\u00e9tences. Aujourd\u2019hui, j\u2019accompagne les diff\u00e9rents acteurs de la cha\u00eene de valeur RH \u00e0 gagner en visibilit\u00e9 et \u00e0 accompagner le changement, en produisant des contenus utiles et pertinents pour les professionnels RH et les actifs en transition.","sameAs":["https:\/\/semantik-rh.com\/le-blog-rh\/","https:\/\/www.linkedin.com\/in\/laure-piana-2aaab834\/"],"url":"https:\/\/factorial.fr\/blog\/author\/laure\/"}]}},"_links":{"self":[{"href":"https:\/\/factorial.fr\/blog\/wp-json\/wp\/v2\/posts\/130846"}],"collection":[{"href":"https:\/\/factorial.fr\/blog\/wp-json\/wp\/v2\/posts"}],"about":[{"href":"https:\/\/factorial.fr\/blog\/wp-json\/wp\/v2\/types\/post"}],"author":[{"embeddable":true,"href":"https:\/\/factorial.fr\/blog\/wp-json\/wp\/v2\/users\/216"}],"replies":[{"embeddable":true,"href":"https:\/\/factorial.fr\/blog\/wp-json\/wp\/v2\/comments?post=130846"}],"version-history":[{"count":9,"href":"https:\/\/factorial.fr\/blog\/wp-json\/wp\/v2\/posts\/130846\/revisions"}],"predecessor-version":[{"id":158484,"href":"https:\/\/factorial.fr\/blog\/wp-json\/wp\/v2\/posts\/130846\/revisions\/158484"}],"wp:featuredmedia":[{"embeddable":true,"href":"https:\/\/factorial.fr\/blog\/wp-json\/wp\/v2\/media\/130849"}],"wp:attachment":[{"href":"https:\/\/factorial.fr\/blog\/wp-json\/wp\/v2\/media?parent=130846"}],"wp:term":[{"taxonomy":"category","embeddable":true,"href":"https:\/\/factorial.fr\/blog\/wp-json\/wp\/v2\/categories?post=130846"},{"taxonomy":"post_tag","embeddable":true,"href":"https:\/\/factorial.fr\/blog\/wp-json\/wp\/v2\/tags?post=130846"}],"curies":[{"name":"wp","href":"https:\/\/api.w.org\/{rel}","templated":true}]}}