{"id":121814,"date":"2023-11-29T10:50:45","date_gmt":"2023-11-29T08:50:45","guid":{"rendered":"https:\/\/factorialhr.com\/blog\/?p=121814"},"modified":"2026-03-19T11:44:20","modified_gmt":"2026-03-19T09:44:20","slug":"exemple-entretien-annuel-rempli","status":"publish","type":"post","link":"https:\/\/factorial.fr\/blog\/exemple-entretien-annuel-rempli\/","title":{"rendered":"Gagnez du temps avec notre exemple d\u2019entretien individuel"},"content":{"rendered":"<p><script type=\"application\/ld+json\">\n{\n  \"@context\": \"https:\/\/schema.org\",\n  \"@type\": \"FAQPage\",\n  \"mainEntity\": [{\n    \"@type\": \"Question\",\n    \"name\": \"\u00c0 quelle fr\u00e9quence faut-il organiser un entretien individuel ou annuel ?\",\n    \"acceptedAnswer\": {\n      \"@type\": \"Answer\",\n      \"text\": \"La fr\u00e9quence d\u00e9pend de la maturit\u00e9 manag\u00e9riale et du niveau d\u2019autonomie des \u00e9quipes. L\u2019entretien annuel reste le minimum r\u00e9glementaire lorsqu\u2019il est pr\u00e9vu par accord interne, mais un rythme semestriel ou trimestriel permet un suivi plus fin des objectifs et \u00e9vite les d\u00e9calages entre les attentes et la r\u00e9alit\u00e9 du terrain. Les entretiens individuels ponctuels compl\u00e8tent ce dispositif et servent d\u2019ajustement rapide lorsque la situation l\u2019exige.\"\n    }\n  },{\n    \"@type\": \"Question\",\n    \"name\": \"Un collaborateur peut-il refuser un entretien annuel ou individuel ?\",\n    \"acceptedAnswer\": {\n      \"@type\": \"Answer\",\n      \"text\": \"Le refus est rare, mais il arrive. S\u2019il existe un accord collectif ou une proc\u00e9dure interne rendant l\u2019entretien obligatoire, le collaborateur doit s\u2019y conformer. En revanche, l\u2019employeur ne peut pas imposer la signature du compte rendu si le collaborateur n\u2019est pas d\u2019accord avec son contenu. Dans ce cas, un espace de commentaires ou un avis dissoci\u00e9 doit \u00eatre ajout\u00e9 pour consigner les divergences de perception.\"\n    }\n  },{\n    \"@type\": \"Question\",\n    \"name\": \"Que faire si l\u2019entretien d\u00e9rive vers des sujets personnels ou hors cadre ?\",\n    \"acceptedAnswer\": {\n      \"@type\": \"Answer\",\n      \"text\": \"Le manager doit recentrer l\u2019\u00e9change sur des \u00e9l\u00e9ments professionnels et factuels. Lorsque le collaborateur \u00e9voque un \u00e9l\u00e9ment personnel ayant un impact r\u00e9el sur le travail, le manager \u00e9coute, reformule et \u00e9value s\u2019il doit orienter vers les RH ou vers un interlocuteur sp\u00e9cialis\u00e9. L\u2019objectif est d\u2019\u00e9viter la confusion des r\u00f4les tout en prenant en compte les signaux qui peuvent affecter la performance ou la sant\u00e9 au travail.\"\n    }\n  },{\n    \"@type\": \"Question\",\n    \"name\": \"Comment traiter une demande d\u2019augmentation \u00e9voqu\u00e9e pendant l\u2019entretien annuel ?\",\n    \"acceptedAnswer\": {\n      \"@type\": \"Answer\",\n      \"text\": \"La demande doit \u00eatre accueillie, not\u00e9e et analys\u00e9e, mais sans prise d\u2019engagement imm\u00e9diate si l\u2019entreprise s\u00e9pare l\u2019\u00e9valuation de la r\u00e9mun\u00e9ration. Le manager explique le processus d\u00e9cisionnel, les crit\u00e8res utilis\u00e9s et les \u00e9ch\u00e9ances pr\u00e9vues. Inscrire la demande dans le compte rendu permet un suivi transparent, tout en \u00e9vitant que l\u2019entretien devienne exclusivement centr\u00e9 sur la r\u00e9mun\u00e9ration.\"\n    }\n  },{\n    \"@type\": \"Question\",\n    \"name\": \"Comment assurer un suivi r\u00e9ellement efficace apr\u00e8s l\u2019entretien annuel ?\",\n    \"acceptedAnswer\": {\n      \"@type\": \"Answer\",\n      \"text\": \"Le suivi repose sur trois \u00e9l\u00e9ments: un plan d\u2019action clair, des points r\u00e9guliers pour v\u00e9rifier l\u2019avancement et un historique centralis\u00e9 des d\u00e9cisions. Sans ces ancrages, les engagements pris restent th\u00e9oriques. Formaliser les objectifs, les moyens accord\u00e9s et les jalons rend le suivi plus fiable et facilite les ajustements en cours d\u2019ann\u00e9e. Une solution RH d\u00e9di\u00e9e renforce cette continuit\u00e9 en rendant les informations accessibles \u00e0 toutes les parties prenantes.\"\n    }\n  }]\n}\n<\/script><\/p>\n<p>Un <strong>entretien individuel<\/strong> se passe bien quand il est <strong>pr\u00e9par\u00e9, structur\u00e9 et centr\u00e9 sur des faits<\/strong>. La difficult\u00e9 vient souvent du manque de m\u00e9thode : questions trop vagues, \u00e9changes qui partent dans tous les sens, objectifs mal cadr\u00e9s ou absence de donn\u00e9es concr\u00e8tes pour \u00e9valuer l\u2019ann\u00e9e. Le r\u00e9sultat est un rendez-vous qui produit peu d\u2019informations utiles et ne d\u00e9bouche sur aucune d\u00e9cision claire.<\/p>\n<p>Pour bien <strong>conduire un entretien individuel<\/strong>, il faut <strong>savoir quoi analyser, comment questionner et comment transformer l\u2019\u00e9change en actions concr\u00e8tes<\/strong>. C\u2019est l\u2019un des leviers les plus accessibles pour <strong>am\u00e9liorer la <a href=\"https:\/\/factorial.fr\/blog\/gestion-des-carrieres\/\">gestion de carri\u00e8re<\/a> et donner de la visibilit\u00e9 au collaborateur sur sa progression<\/strong>.<\/p>\n<style>\r\n    .image-wrapper .image-container {\r\n        position: relative;\r\n        overflow: hidden;\r\n    }\r\n    .image-wrapper .image-container img {\r\n\t\tborder-radius: 0;\r\n        width: 100%;\r\n        height: 100%;\r\n        object-fit: cover; \/* maintains aspect ratio *\/\r\n\t\tmargin: 0;\r\n    }\r\n\t\r\n\t.image-wrapper{\r\n\t\tdisplay: block;\r\n\t}\r\n\t\r\n\r\n\t.rounded-2xl {\r\n        border-radius: 1rem;\r\n    }\r\n\t\r\n\t.image-inner-container {\r\n\t\twidth: 100%;\r\n\t\tborder-radius: 1rem;\r\n\t\tdisplay: flex;\r\n\t\toverflow: hidden;\r\n\t\tbox-shadow: 0 1px 3px 0 rgba(0, 0, 0, 0.1), 0 1px 2px 0 rgba(0, 0, 0, 0.06);\r\n\t}\r\n\r\n\t\/* Media Queries *\/\r\n\t@media (min-width: 768px) {\r\n\t\t.image-container {\r\n\t\t\tdisplay: block;\r\n\t\t}\r\n\t}\r\n<\/style>\r\n\r\n<a role='button' id='image-banner-157949' class='image-wrapper' href=\"https:\/\/factorial.fr\/ebooks\/factorial-mag-printemps-ete-2025\">\r\n<div class=\"image-inner-container\">\r\n    <div class=\"bg-gray-200 image-container\">\r\n        <img decoding=\"async\" id=\"bannerImage\" src=\"https:\/\/factorial.fr\/wp-content\/uploads\/2025\/05\/06173323\/ebook-factorial-mag.webp\">\r\n    <\/div>\r\n<\/div>\r\n<\/a>\r\n<script>\r\n(() => {\r\n  const banner = document.getElementById(\"image-banner-157949\"); \r\n    if (banner) {\r\n      banner.addEventListener(\"click\", () => {\r\n        window.GoogleAnalytics.trackEvent({\r\n          action: \"banner_click\",\r\n          category: \"blog_banner_inline_image\",\r\n          isoCode: \"\",\r\n        });\r\n      });\r\n\t  \r\n\t  const options = {\t  \r\n\t\t  rootMargin: \"0px\",\r\n\t\t  threshold: 1.0,\r\n\t\t};\r\n\r\n\t\tconst observer = new IntersectionObserver((entries) => {\r\n\t\t\t entries.forEach((entry) => {\r\n\t\t\t\tif (entry.isIntersecting) {\r\n\t\t\t\t\tobserver.disconnect();\r\n\t\t\t\t\twindow.GoogleAnalytics.trackEvent({\r\n\t\t\t\t\t\taction: 'banner_view',\r\n\t\t\t\t\t\tcategory: \"blog_banner_inline_image\",\r\n          \t\t\t\tisoCode: \"\",\r\n\t\t\t\t\t});\r\n\t\t\t\t}\r\n\t\t\t  });\r\n\t\t}, options);\r\n\r\n\r\n\r\n\t\tobserver.observe(banner);\r\n    }\r\n\t\r\n})()\r\n\t\r\n<\/script>\n<div class=\"js-toc toc\">\n<p class=\"js-toc-title toc__title\">Table des mati\u00e8res<\/p>\n<nav id=\"fac_toc_nav\" class=\"js-toc-nav toc__nav\" aria-label=\"Table des mati\u00e8res\"><ol class=\"toc__list toc__list--level-1\"><li class=\"toc-heading-level-2\"><a class=\"toc__link toc-link-heading-1\" href=\"https:\/\/factorial.fr\/blog\/exemple-entretien-annuel-rempli\/#qu\u2019est-ce-qu\u2019un-entretien-annuel-d\u2019evaluation\" title=\"Qu\u2019est-ce qu\u2019un entretien annuel d\u2019\u00e9valuation ?\" data-target-id=\"qu\u2019est-ce-qu\u2019un-entretien-annuel-d\u2019evaluation\">Qu\u2019est-ce qu\u2019un entretien annuel d\u2019\u00e9valuation ?<\/a><\/li><li class=\"toc-heading-level-2\"><a class=\"toc__link toc-link-heading-2\" href=\"https:\/\/factorial.fr\/blog\/exemple-entretien-annuel-rempli\/#notre-modele-d\u2019entretien-annuel-a-telecharger\" title=\"Notre mod\u00e8le d\u2019entretien annuel \u00e0 t\u00e9l\u00e9charger\" data-target-id=\"notre-modele-d\u2019entretien-annuel-a-telecharger\">Notre mod\u00e8le d\u2019entretien annuel \u00e0 t\u00e9l\u00e9charger<\/a><\/li><li class=\"toc-heading-level-2\"><a class=\"toc__link toc-link-heading-3\" href=\"https:\/\/factorial.fr\/blog\/exemple-entretien-annuel-rempli\/#pourquoi-utiliser-un-exemple-d\u2019entretien-individuel\" title=\"Pourquoi utiliser un exemple d\u2019entretien individuel ?\" data-target-id=\"pourquoi-utiliser-un-exemple-d\u2019entretien-individuel\">Pourquoi utiliser un exemple d\u2019entretien individuel ?<\/a><\/li><li class=\"toc-heading-level-2\"><a class=\"toc__link toc-link-heading-4\" href=\"https:\/\/factorial.fr\/blog\/exemple-entretien-annuel-rempli\/#les-erreurs-frequentes-lors-d\u2019un-entretien-annuel-et-comment-les-eviter\" title=\"Les erreurs fr\u00e9quentes lors d\u2019un entretien annuel et comment les \u00e9viter\" data-target-id=\"les-erreurs-frequentes-lors-d\u2019un-entretien-annuel-et-comment-les-eviter\">Les erreurs fr\u00e9quentes lors d\u2019un entretien annuel et comment les \u00e9viter<\/a><\/li><li class=\"toc-heading-level-2\"><a class=\"toc__link toc-link-heading-5\" href=\"https:\/\/factorial.fr\/blog\/exemple-entretien-annuel-rempli\/#comment-preparer-l\u2019entretien-annuel-d\u2019evaluation\" title=\"Comment pr\u00e9parer l\u2019entretien annuel d\u2019\u00e9valuation ?\" data-target-id=\"comment-preparer-l\u2019entretien-annuel-d\u2019evaluation\">Comment pr\u00e9parer l\u2019entretien annuel d\u2019\u00e9valuation ?<\/a><\/li><li class=\"toc-heading-level-2\"><a class=\"toc__link toc-link-heading-6\" href=\"https:\/\/factorial.fr\/blog\/exemple-entretien-annuel-rempli\/#exemple-d\u2019entretien-annuel-d\u2019evaluation-rempli\" title=\"Exemple d\u2019entretien annuel d\u2019\u00e9valuation rempli\" data-target-id=\"exemple-d\u2019entretien-annuel-d\u2019evaluation-rempli\">Exemple d\u2019entretien annuel d\u2019\u00e9valuation rempli<\/a><\/li><li class=\"toc-heading-level-2\"><a class=\"toc__link toc-link-heading-7\" href=\"https:\/\/factorial.fr\/blog\/exemple-entretien-annuel-rempli\/#simplifiez-l&#039;organisation-de-vos-entretiens-professionnels-factorial-!\" title=\"Simplifiez l&#039;organisation de vos entretiens professionnels Factorial !\" data-target-id=\"simplifiez-l&#039;organisation-de-vos-entretiens-professionnels-factorial-!\">Simplifiez l'organisation de vos entretiens professionnels Factorial !<\/a><\/li><li class=\"toc-heading-level-2\"><a class=\"toc__link toc-link-heading-8\" href=\"https:\/\/factorial.fr\/blog\/exemple-entretien-annuel-rempli\/#questions-frequemment-posees\" title=\"Questions fr\u00e9quemment pos\u00e9es\" data-target-id=\"questions-frequemment-posees\">Questions fr\u00e9quemment pos\u00e9es<\/a><\/li><\/ol><\/nav><\/div>\n<h2>Qu\u2019est-ce qu\u2019un entretien annuel d\u2019\u00e9valuation ?<\/h2>\n<p>L\u2019<a href=\"https:\/\/factorial.fr\/blog\/entretien-annuel-evaluation\/\">entretien annuel d\u2019\u00e9valuation<\/a> est un <strong>\u00e9change structur\u00e9 entre le manager et le collaborateur pour analyser les r\u00e9sultats obtenus, les comp\u00e9tences mobilis\u00e9es et l\u2019\u00e9volution du poste au cours de l\u2019ann\u00e9e<\/strong>. C\u2019est un <strong>outil de mesure<\/strong>, mais surtout un espace de r\u00e9gulation qui <strong>permet d\u2019objectiver les performances et d\u2019identifier les \u00e9carts entre attentes et r\u00e9alisations<\/strong>.<\/p>\n<p><em>Factorial centralise les objectifs, les feedbacks et l\u2019historique du collaborateur. Le manager arrive \u00e0 l\u2019entretien avec toutes les infos d\u00e9j\u00e0 structur\u00e9es.<\/em><\/p>\n<p>Si le Code du travail ne le rend pas obligatoire, il peut l\u2019\u00eatre via une convention collective interne \u00e0 l\u2019entreprise. Lorsqu\u2019il existe, l\u2019entreprise doit en respecter le cadre: crit\u00e8res d\u2019\u00e9valuation connus \u00e0 l\u2019avance, \u00e9galit\u00e9 de traitement, tra\u00e7abilit\u00e9 des d\u00e9cisions prises.<\/p>\n<p>M\u00eame s\u2019il est annuel, certaines organisations optent pour un rythme semestriel pour suivre plus finement les objectifs. L\u2019entretien n\u2019est pas un jugement isol\u00e9: il repose sur des donn\u00e9es factuelles, des exemples concrets et une discussion orient\u00e9e collaboration plut\u00f4t que sanction.<\/p>\n<p>Bien pr\u00e9par\u00e9 et bien men\u00e9, il devient un <strong>levier de reconnaissance, d\u2019engagement et d\u2019alignement<\/strong> entre les collaborateurs, les managers et la direction RH. C\u2019est aussi l\u2019un des meilleurs moyens d\u2019identifier les potentiels, d\u2019anticiper les besoins en comp\u00e9tences et de nourrir une culture du feedback constructive.<\/p>\n<p>\u00c0 noter : Il est important de ne pas confondre l&rsquo;entretien annuel d\u2019\u00e9valuation avec le feeedback 360. <a href=\"https:\/\/factorial.fr\/blog\/evaluation-performance-entretien-annuel-feedback-360\/\">Cliquez sur ce lien pour d\u00e9couvrir notre article de comparaison \ud83d\ude80<\/a><\/p>\n<h3>Quelles diff\u00e9rences entre entretien annuel, entretien professionnel et entretien individuel ?<\/h3>\n<p>L\u2019<strong>entretien annuel<\/strong> \u00e9value la performance sur l\u2019ann\u00e9e \u00e9coul\u00e9e. Il s\u2019appuie sur des objectifs mesurables, des exemples de r\u00e9sultats et une analyse des comp\u00e9tences r\u00e9ellement mobilis\u00e9es. C\u2019est un outil de pilotage op\u00e9rationnel.<\/p>\n<p>L\u2019<a href=\"https:\/\/factorial.fr\/blog\/entretien-professionnel\/\"><strong>entretien professionnel<\/strong><\/a> est obligatoire tous les deux ans. Il ne juge pas la performance. Il sert \u00e0 examiner les perspectives d\u2019\u00e9volution, les besoins de formation et la trajectoire professionnelle du collaborateur. L\u2019enjeu est la progression et la s\u00e9curisation du parcours.<\/p>\n<p>L\u2019<strong>entretien individuel<\/strong> d\u00e9signe un \u00e9change ponctuel, formel ou non, utilis\u00e9 pour ajuster une mission, r\u00e9soudre une difficult\u00e9 ou suivre un objectif en cours. Il r\u00e9pond \u00e0 un besoin imm\u00e9diat plut\u00f4t qu\u2019\u00e0 un cadre norm\u00e9.<\/p>\n<p>Clarifier ces distinctions est essentiel pour \u00e9viter les confusions dans les \u00e9quipes et structurer une politique RH coh\u00e9rente. L\u2019entretien annuel d\u2019\u00e9valuation reste le socle sur lequel construire des plans d\u2019action individuels et collectifs.<\/p>\n<h3>Objectifs pour les RH, managers et collaborateurs<\/h3>\n<p>L\u2019entretien annuel n\u2019a de sens que s\u2019il est porteur d\u2019objectifs clairs pour toutes les parties prenantes :<\/p>\n<ul>\n<li><strong>Pour les RH<\/strong> : c\u2019est un point de collecte strat\u00e9gique d\u2019informations terrain, qui alimente les d\u00e9cisions en mati\u00e8re de <a href=\"https:\/\/factorial.fr\/blog\/gpec\/\">GPEC<\/a>, de formation, de r\u00e9organisation ou de mobilit\u00e9\u00a0;<\/li>\n<li><strong>Pour les managers<\/strong> : c\u2019est un moment-cl\u00e9 pour faire un retour qualitatif sur les r\u00e9sultats, lever les irritants, renforcer la relation de confiance et co-construire la feuille de route \u00e0 venir\u00a0;<\/li>\n<li><strong>Pour les collaborateurs<\/strong> : c\u2019est un espace d\u2019expression, de reconnaissance et de projection, o\u00f9 il est possible d\u2019exposer ses attentes, de valoriser ses efforts et de se positionner dans l\u2019entreprise.<\/li>\n<\/ul>\n<p>Bref, un <strong>outil \u00e0 la fois RH, manag\u00e9rial et strat\u00e9gique<\/strong>, \u00e0 condition d\u2019\u00eatre bien structur\u00e9, bien document\u00e9\u2026 et bien compris.<\/p>\n<p><em>Factorial harmonise les objectifs et les suivis pour que RH, managers et collaborateurs avancent avec les m\u00eames rep\u00e8res.<\/em><\/p>\n<div class=\"factorial-banner inline-banner banner-demo category-gestion-des-talents\"\n    data-banner-id=\"174228\"\n    data-banner-type=\"demo\"\n    data-category=\"Gestion des talents\">\n    <div class=\"banner-content\">\n        <div class=\"banner-text\">\n                            <h4>Automatisez vos \u00e9valuations avec Factorial, le logiciel de gestion des entretiens.<\/h4>\n            \n            \n                            <a href=\"https:\/\/factorial.fr\/demander-demo\"\n                    class=\"factorial-cta-button not-prose demo btn-brand\" data-cta=\"demo\" data-cta-position=\"inline-banner\">\n                    Demander une d\u00e9mo                <\/a>\n                    <\/div>\n\n        <div class=\"banner-image has-image\">\n            <img decoding=\"async\" src=\"https:\/\/factorialhr.com\/wp-content\/uploads\/2025\/11\/26171233\/evaluations.png\" class=\"not-prose\" \/>\n        <\/div>\n    <\/div>\n<\/div>\n<h2>Notre mod\u00e8le d\u2019entretien annuel \u00e0 t\u00e9l\u00e9charger<\/h2>\n<p>L\u2019entretien annuel d\u2019\u00e9valuation reste un rendez-vous strat\u00e9gique pour les PME. Bien men\u00e9, il structure le dialogue entre le collaborateur, son manager et les ressources humaines. Il aligne les attentes, identifie les leviers de progression et oriente les trajectoires individuelles dans le sens des enjeux collectifs. Encore faut-il disposer du bon support.<\/p>\n<p>C\u2019est pourquoi nous avons con\u00e7u un <strong>mod\u00e8le d\u2019entretien annuel<\/strong>, directement inspir\u00e9 des meilleures pratiques observ\u00e9es dans les PME et ETI. Clair, structur\u00e9 et op\u00e9rationnel, il accompagne les managers pas \u00e0 pas dans la pr\u00e9paration, l\u2019animation et la formalisation de l\u2019\u00e9change. Il inclut des exemples de questions, des axes de r\u00e9flexion pour les collaborateurs, et une grille de synth\u00e8se facilitant le suivi dans le temps.<\/p>\n<style>\r\n    .image-wrapper .image-container {\r\n        position: relative;\r\n        overflow: hidden;\r\n    }\r\n    .image-wrapper .image-container img {\r\n\t\tborder-radius: 0;\r\n        width: 100%;\r\n        height: 100%;\r\n        object-fit: cover; \/* maintains aspect ratio *\/\r\n\t\tmargin: 0;\r\n    }\r\n\t\r\n\t.image-wrapper{\r\n\t\tdisplay: block;\r\n\t}\r\n\t\r\n\r\n\t.rounded-2xl {\r\n        border-radius: 1rem;\r\n    }\r\n\t\r\n\t.image-inner-container {\r\n\t\twidth: 100%;\r\n\t\tborder-radius: 1rem;\r\n\t\tdisplay: flex;\r\n\t\toverflow: hidden;\r\n\t\tbox-shadow: 0 1px 3px 0 rgba(0, 0, 0, 0.1), 0 1px 2px 0 rgba(0, 0, 0, 0.06);\r\n\t}\r\n\r\n\t\/* Media Queries *\/\r\n\t@media (min-width: 768px) {\r\n\t\t.image-container {\r\n\t\t\tdisplay: block;\r\n\t\t}\r\n\t}\r\n<\/style>\r\n\r\n<a role='button' id='image-banner-150315' class='image-wrapper' href=\"https:\/\/factorial.fr\/modeles\/modele-entretien-annuel\">\r\n<div class=\"image-inner-container\">\r\n    <div class=\"bg-gray-200 image-container\">\r\n        <img decoding=\"async\" id=\"bannerImage\" src=\"https:\/\/factorial.fr\/wp-content\/uploads\/2025\/01\/06093423\/freebie-entretien-annuel.png\">\r\n    <\/div>\r\n<\/div>\r\n<\/a>\r\n<script>\r\n(() => {\r\n  const banner = document.getElementById(\"image-banner-150315\"); \r\n    if (banner) {\r\n      banner.addEventListener(\"click\", () => {\r\n        window.GoogleAnalytics.trackEvent({\r\n          action: \"banner_click\",\r\n          category: \"blog_banner_inline_image\",\r\n          isoCode: \"\",\r\n        });\r\n      });\r\n\t  \r\n\t  const options = {\t  \r\n\t\t  rootMargin: \"0px\",\r\n\t\t  threshold: 1.0,\r\n\t\t};\r\n\r\n\t\tconst observer = new IntersectionObserver((entries) => {\r\n\t\t\t entries.forEach((entry) => {\r\n\t\t\t\tif (entry.isIntersecting) {\r\n\t\t\t\t\tobserver.disconnect();\r\n\t\t\t\t\twindow.GoogleAnalytics.trackEvent({\r\n\t\t\t\t\t\taction: 'banner_view',\r\n\t\t\t\t\t\tcategory: \"blog_banner_inline_image\",\r\n          \t\t\t\tisoCode: \"\",\r\n\t\t\t\t\t});\r\n\t\t\t\t}\r\n\t\t\t  });\r\n\t\t}, options);\r\n\r\n\r\n\r\n\t\tobserver.observe(banner);\r\n    }\r\n\t\r\n})()\r\n\t\r\n<\/script>\n<p>Utiliser un mod\u00e8le commun, c\u2019est gagner en coh\u00e9rence entre \u00e9quipes, <strong>harmoniser les pratiques RH<\/strong> et permettre aux managers de se concentrer sur l\u2019essentiel : cr\u00e9er les conditions d\u2019un dialogue ouvert, constructif et orient\u00e9 performance.<\/p>\n<h2>Pourquoi utiliser un exemple d\u2019entretien individuel ?<\/h2>\n<p>M\u00eame si chaque entretien individuel doit refl\u00e9ter la r\u00e9alit\u00e9 de l\u2019entreprise et la singularit\u00e9 du collaborateur, s\u2019appuyer sur un exemple structur\u00e9 permet d\u2019en garantir la coh\u00e9rence, la qualit\u00e9 et l\u2019efficacit\u00e9. Pour les \u00e9quipes RH comme pour les managers, disposer d\u2019un mod\u00e8le facilite la pr\u00e9paration, la conduite et l\u2019exploitation de l\u2019\u00e9change.<\/p>\n<p>C\u2019est aussi un moyen d\u2019aligner les pratiques et de gagner un temps pr\u00e9cieux, tout en s\u00e9curisant le cadre juridique et manag\u00e9rial de l\u2019exercice. Voici les trois grands b\u00e9n\u00e9fices identifi\u00e9s.<\/p>\n<h3>Clarifier les attentes des deux parties<\/h3>\n<p>Un exemple bien con\u00e7u agit comme une feuille de route partag\u00e9e. Il permet d\u2019objectiver l\u2019\u00e9change, de poser un cadre clair et d\u2019\u00e9viter les zones d\u2019ombre qui g\u00e9n\u00e8rent frustration ou malentendus. Du c\u00f4t\u00e9 du collaborateur, cela aide \u00e0 mieux se projeter, \u00e0 pr\u00e9parer ses r\u00e9ponses et \u00e0 comprendre le sens de la d\u00e9marche. Du c\u00f4t\u00e9 du manager, c\u2019est l\u2019assurance de ne rien oublier et de formuler des attentes de mani\u00e8re transparente et structur\u00e9e.<\/p>\n<h3>Guider les managers dans la conduite de l\u2019\u00e9change<\/h3>\n<p>Tous les managers ne sont pas \u00e0 l\u2019aise avec l\u2019exercice de l\u2019entretien annuel. Proposer un exemple les aide \u00e0 gagner en l\u00e9gitimit\u00e9 et en posture, en leur fournissant une trame logique, des formulations claires et des axes d\u2019\u00e9valuation pertinents. Cela favorise une approche bienveillante mais exigeante, orient\u00e9e r\u00e9sultats et d\u00e9veloppement. Une trame solide, c\u2019est aussi un soutien concret pour faire face \u00e0 des sujets sensibles ou \u00e0 des collaborateurs plus r\u00e9serv\u00e9s.<\/p>\n<h3>Harmoniser les pratiques RH dans les PME<\/h3>\n<p>Dans une PME ou une ETI, o\u00f9 plusieurs managers peuvent mener des entretiens, la standardisation est un levier de professionnalisation RH. Un mod\u00e8le commun assure une \u00e9valuation \u00e9quitable, facilite la consolidation des donn\u00e9es et renforce la cr\u00e9dibilit\u00e9 du processus. Cela permet aussi aux RH d\u2019identifier plus facilement les signaux faibles, de rep\u00e9rer les besoins r\u00e9currents et de mettre en place des actions globales de pilotage ou de transformation.<\/p>\n<h2>Les erreurs fr\u00e9quentes lors d\u2019un entretien annuel et comment les \u00e9viter<\/h2>\n<p>Les questions orient\u00e9es faussent la qualit\u00e9 de l\u2019entretien. Lorsqu\u2019un manager sugg\u00e8re d\u00e9j\u00e0 la r\u00e9ponse, le collaborateur s\u2019autocensure et masque des signaux utiles. <strong>Les questions neutres et ouvertes sont plus efficaces<\/strong>, car elles <strong>donnent acc\u00e8s au ressenti r\u00e9el et facilitent un \u00e9change honn\u00eate<\/strong>.<\/p>\n<p>Prendre des notes mot \u00e0 mot bloque la dynamique. Le collaborateur se ferme et l\u2019entretien perd en profondeur. Ce qui compte, ce sont les faits saillants et les d\u00e9cisions \u00e0 retenir. <strong>Une courte synth\u00e8se en fin de s\u00e9quence suffit<\/strong>, surtout si un outil RH permet de formaliser proprement le compte rendu apr\u00e8s coup.<\/p>\n<p>La confusion entre \u00e9valuation et r\u00e9mun\u00e9ration brouille le cadre. <strong>M\u00e9langer bilan annuel et n\u00e9gociation salariale cr\u00e9e des attentes irr\u00e9alistes et d\u00e9tourne l\u2019\u00e9change de son objectif<\/strong>. Mieux vaut garder des temps distincts pour pr\u00e9server la clart\u00e9 et la confiance.<\/p>\n<p>Un <strong>entretien sans donn\u00e9es chiffr\u00e9es reste trop vague<\/strong>. Les r\u00e9sultats doivent \u00eatre \u00e9tay\u00e9s par des indicateurs simples, pr\u00e9par\u00e9s en amont. Sans cela, l\u2019\u00e9valuation devient subjective et les d\u00e9cisions plus difficiles \u00e0 justifier. <strong>Centraliser ces donn\u00e9es dans un outil RH \u00e9vite les angles morts et s\u00e9curise l\u2019analyse<\/strong>.<\/p>\n<p>Des <strong>objectifs flous fragilisent la projection<\/strong>. Un collaborateur a besoin d\u2019un cadre pr\u00e9cis pour s\u2019engager. <strong>D\u00e9finir des objectifs mesurables<\/strong>, avec un p\u00e9rim\u00e8tre clair, donne du relief \u00e0 la discussion et facilite le suivi.<\/p>\n<p>Le <strong>manque de suivi apr\u00e8s l\u2019entretien est une erreur majeure<\/strong>. Sans plan d\u2019action et sans points r\u00e9guliers, l\u2019exercice perd tout impact. La <strong>centralisation des comptes rendus dans une solution RH<\/strong> garantit que les d\u00e9cisions prises deviennent effectives et suivies dans le temps.<\/p>\n<h2>Comment pr\u00e9parer l\u2019entretien annuel d\u2019\u00e9valuation ?<\/h2>\n<p>Un <strong>entretien annuel bien men\u00e9 d\u00e9pend d\u2019une pr\u00e9paration solide<\/strong>. Le manager doit arriver avec des donn\u00e9es factuelles, des exemples v\u00e9rifiables et une vision claire des objectifs \u00e0 analyser. Sans ce travail en amont, l\u2019\u00e9change devient flou et perd sa valeur op\u00e9rationnelle.<\/p>\n<p>Dans un premier temps, l\u2019employeur doit informer le collaborateur ou la collaboratrice de la tenue de cet entretien par l\u2019envoi d\u2019une convocation. Les m\u00e9thodes et techniques d\u2019\u00e9valuation professionnelle devront y \u00eatre d\u00e9taill\u00e9es ainsi que les points qui seront abord\u00e9s afin que le ou la salari\u00e9(e) puisse se pr\u00e9parer.<\/p>\n<p><strong>L\u2019employeur ou le manager devra pr\u00e9parer sa trame d\u2019entretien<\/strong> avec notamment la pr\u00e9paration d\u2019une liste de questions \u00e0 poser au salari\u00e9. De son c\u00f4t\u00e9, l&#8217;employ\u00e9 pourra en faire de m\u00eame.<\/p>\n<p>Il est \u00e9galement recommand\u00e9 de pr\u00e9parer une <a href=\"https:\/\/factorial.fr\/blog\/grille-dentretien-individuel\/\">grille d&rsquo;entretien<\/a> afin d&rsquo;extraire des donn\u00e9es objectives, donn\u00e9es qui devront rester confidentielles. Le mieux est encore de voir un exemple d&rsquo;entretien annuel d&rsquo;\u00e9valuation rempli pour vous guider.<\/p>\n<h3>Comment g\u00e9rer les sujets sensibles pendant l\u2019entretien ?<\/h3>\n<p>Une <strong>performance insuffisante se traite avec des faits pr\u00e9cis et v\u00e9rifiables<\/strong>. Le manager pose le constat, v\u00e9rifie la compr\u00e9hension, puis explore les causes sans jugement pour construire un correctif cr\u00e9dible.<\/p>\n<p>Les <strong>comportements probl\u00e9matiques demandent une description factuelle et l\u2019explication de leur impact<\/strong>. Le collaborateur r\u00e9agit ensuite, ce qui permet de distinguer la perception de la r\u00e9alit\u00e9 et d\u2019ajuster les attentes.<\/p>\n<p>Les <strong>tensions d\u2019\u00e9quipe se g\u00e8rent en revenant au fonctionnement professionnel<\/strong>. Le manager analyse les m\u00e9thodes, la communication et les responsabilit\u00e9s pour d\u00e9gager un ajustement simple et imm\u00e9diatement actionnable.<\/p>\n<p>Les <strong>sujets li\u00e9s au risque psycho-social exigent un cadrage strict<\/strong>. Le manager \u00e9coute, reformule et oriente le collaborateur vers les RH ou un r\u00e9f\u00e9rent adapt\u00e9 pour garantir un traitement appropri\u00e9.<\/p>\n<h2>Exemple d\u2019entretien annuel d\u2019\u00e9valuation rempli<\/h2>\n<p>Vous avez donc pu pr\u00e9parer votre entretien et le jour J approche. L\u2019entretien annuel d\u2019\u00e9valuation s\u2019organise g\u00e9n\u00e9ralement autour de 3 \u00e9tapes : le bilan de l\u2019ann\u00e9e qui vient de passer, l\u2019\u00e9valuation des objectifs et des comp\u00e9tences et enfin, une projection sur l\u2019ann\u00e9e \u00e0 venir.<\/p>\n<p>Voici un exemple d\u00e9taill\u00e9 d\u2019un entretien annuel d\u2019\u00e9valuation r\u00e9ussi.<\/p>\n<h3>Le bilan de l\u2019ann\u00e9e \u00e9coul\u00e9e<\/h3>\n<p>L\u2019entretien annuel d\u2019\u00e9valuation s&rsquo;int\u00e9resse tout particuli\u00e8rement \u00e0 l&rsquo;ann\u00e9e qui vient de s\u2019\u00e9couler puisqu\u2019il s\u2019agit avant tout de r\u00e9aliser un bilan. Plusieurs questions pourront par exemple \u00eatre pos\u00e9es pour en savoir un peu plus.<\/p>\n<h4>Question 1 : \u00cates-vous satisfait(e) de l\u2019ambiance g\u00e9n\u00e9rale de l\u2019entreprise ?<\/h4>\n<p>Alors qu\u2019elle pourrait para\u00eetre anodine, cette question est capitale, surtout avec les nouvelles g\u00e9n\u00e9rations de travailleurs et travailleuses qui accordent beaucoup d\u2019importance \u00e0 ce genre de d\u00e9tails.<\/p>\n<p>L\u2019interrog\u00e9(e) pourra r\u00e9pondre selon un bar\u00e8me \u00e9tabli : tr\u00e8s satisfait(e), satisfait(e), neutre, peu satisfait(e) ou pas du tout satisfait(e).<\/p>\n<p>Bien \u00e9videmment, l\u2019employ\u00e9(e) devra expliquer sa r\u00e9ponse et d\u00e9tailler son ressenti, \u00e0 plus forte raison si le retour est plut\u00f4t n\u00e9gatif. L\u2019objectif est de comprendre la raison du malaise et d\u2019instaurer le dialogue pour ensuite trouver une solution ad\u00e9quate.<\/p>\n<h4>Question 2 : Quelles sont vos principales satisfactions relatives \u00e0 l\u2019ann\u00e9e \u00e9coul\u00e9e ?<\/h4>\n<p>Ici, le ou la salari\u00e9(e) pourra revenir sur quelques \u00e9v\u00e9nements cl\u00e9s de l\u2019ann\u00e9e pass\u00e9e et illustrer son propos par des exemples concrets. Les r\u00e9ponses peuvent \u00eatre nombreuses et d\u00e9pendent du poste occup\u00e9 :<\/p>\n<ul>\n<li>Un projet boucl\u00e9 avec succ\u00e8s\u00a0;<\/li>\n<li>le <a href=\"https:\/\/factorial.fr\/blog\/developpement-competences\/\">d\u00e9veloppement de comp\u00e9tences<\/a>\u00a0;<\/li>\n<li>un nouveau poste\u00a0;<\/li>\n<li>plus de responsabilit\u00e9s\u00a0;<\/li>\n<li>ou une formation accomplie\u2026<\/li>\n<\/ul>\n<p>Le but est de conna\u00eetre les r\u00e9alisations positives de l\u2019employ\u00e9(e) et ce que ces accomplissement lui ont apport\u00e9.<\/p>\n<h4>Question 3 : Quelles sont les principales difficult\u00e9s que vous avez rencontr\u00e9es cette ann\u00e9e ?<\/h4>\n<p>Apr\u00e8s le rayon des satisfactions vient celui des d\u00e9ceptions. Il est primordial d\u2019en savoir un peu plus sur les difficult\u00e9s qu\u2019aurait pu rencontrer le collaborateur ou la collaboratrice durant l\u2019ann\u00e9e concern\u00e9e.<\/p>\n<p>En effet, le parcours professionnel de tout individu s\u2019accompagne de hauts et de bas. L\u2019entretien annuel d\u2019\u00e9valuation est le moment id\u00e9al pour discuter des \u00e9ventuels probl\u00e8mes v\u00e9cus.<\/p>\n<p>Difficult\u00e9s d\u2019adaptation, changement significatif au sein de l\u2019entreprise, \u00e9chec sur un projet, outils et\/ou comp\u00e9tences manquantes, \u00e9v\u00e9nement personnel ayant impact\u00e9 son travail\u2026 l\u2019employ\u00e9(e) devra \u00eatre le plus concret possible et pouvoir s&rsquo;exprimer librement.<\/p>\n<h4>Question 4 : Quel est votre degr\u00e9 de satisfaction sur les \u00e9l\u00e9ments suivants ?<\/h4>\n<p>Cette question est elle aussi une \u00e9tape essentielle de l\u2019\u00e9valuation car elle permet de savoir pr\u00e9cis\u00e9ment quels sont les domaines apportant satisfaction ou frustrations \u00e0 votre interlocuteur(trice).<\/p>\n<p>Un bar\u00e8me de notes allant de 1 \u00e0 5 est ici pr\u00e9conis\u00e9 sur des sujets vari\u00e9s comme la <a href=\"https:\/\/factorial.fr\/blog\/reconnaissance-au-travail\/\">reconnaissance au travail<\/a>, l\u2019\u00e9quilibre entre vie professionnelle et vie priv\u00e9e, les missions propos\u00e9es ou encore le d\u00e9veloppement professionnel. Vous pouvez ajouter autant de th\u00e8mes que vous jugez n\u00e9cessaires.<\/p>\n<p>Une nouvelle fois, n\u2019h\u00e9sitez pas \u00e0 en savoir plus si les feedbacks sont plut\u00f4t n\u00e9gatifs.<\/p>\n<h4>Question 5 : Comment \u00e9valuez-vous votre engagement au sein de l\u2019entreprise ?<\/h4>\n<p>Avec cette question on creuse un peu plus et on essaie de savoir si le collaborateur ou la collaboratrice se sent impliqu\u00e9(e) dans la vie de la soci\u00e9t\u00e9 et surtout, \u00e0 quel degr\u00e9.<\/p>\n<p>Comme toutes les questions de l\u2019entretien annuel, la r\u00e9ponse doit \u00eatre ferm\u00e9e et donn\u00e9e selon un bar\u00e8me de satisfaction : Tr\u00e8s bon, bon, neutre, faible et mauvais. Aussi, elle doit ouvrir le d\u00e9bat et la discussion.<\/p>\n<h4>Question 6 : Comment \u00e9valuez-vous votre charge de travail ?<\/h4>\n<p>L\u2019id\u00e9e ici est de d\u00e9finir si l\u2019employ\u00e9(e) estime sa charge de travail trop importante, normale voire m\u00eame peu suffisante.<\/p>\n<p>Comme cette interrogation am\u00e8nera une r\u00e9ponse subjective, elle devra forc\u00e9ment \u00eatre accompagn\u00e9e d\u2019explications. Le plus important est de conna\u00eetre le ressenti du ou de la salari\u00e9(e) et si besoin, de prendre connaissance des difficult\u00e9s qu\u2019il ou elle rencontre.<\/p>\n<h3>L\u2019\u00e9valuation des objectifs et comp\u00e9tences<\/h3>\n<p>Lors de ce bilan annuel, voici une partie qui est aussi d\u2019une importance capitale puisque l\u2019on s\u2019attarde sur les objectifs de l\u2019employ\u00e9(e) et des comp\u00e9tences qu\u2019il a pu acqu\u00e9rir ou non.<\/p>\n<h4>Question 1 : Avez-vous r\u00e9ussi \u00e0 atteindre vos objectifs de l\u2019ann\u00e9e pass\u00e9e ?<\/h4>\n<p>La grande majorit\u00e9 des postes au sein d\u2019une entreprise s\u2019accompagnent d\u2019objectifs \u00e0 atteindre. Le ou la manager pourra imaginer une grille reprenant le taux de compl\u00e9tion pour chaque objectif qui sera list\u00e9 et les commentaires associ\u00e9s \u00e0 c\u00f4t\u00e9.<\/p>\n<p>On abordera entre autres :<\/p>\n<ul>\n<li>L\u2019excellence du travail du ou de la salari\u00e9(e)\u00a0;<\/li>\n<li>les objectifs qui lui restent \u00e0 accomplir<\/li>\n<li>ou encore ceux qu\u2019il ou elle n\u2019est pas parvenu(e) \u00e0 atteindre.<\/li>\n<\/ul>\n<p>L\u2019objectivit\u00e9 doit \u00eatre de mise. Il est d&rsquo;ailleurs conseill\u00e9 de s\u2019appuyer sur des chiffres et donn\u00e9es concr\u00e8tes pour un meilleur r\u00e9sultat.<\/p>\n<h4>Question 2 : Quels \u00e9l\u00e9ments ont favoris\u00e9 ou frein\u00e9 l\u2019atteinte de ces objectifs ?<\/h4>\n<p>Encouragez le collaborateur ou la collaboratrice \u00e0 s\u2019exprimer pleinement, objectif apr\u00e8s objectif, que l\u2019issue soit positive ou n\u00e9gative.<\/p>\n<p>L\u2019entretien annuel d\u2019\u00e9valuation repose sur la transparence. Le climat instaur\u00e9 doit inciter l\u2019employ\u00e9(e) \u00e0 jouer la carte de l\u2019honn\u00eatet\u00e9. La non-atteinte d\u2019objectif est li\u00e9 \u00e0 de nombreux crit\u00e8res et il est essentiel de conna\u00eetre les obstacles rencontr\u00e9es.<\/p>\n<p>Bien entendu, on \u00e9voquera aussi les \u00e9l\u00e9ments qui ont permis l\u2019atteinte d&rsquo;objectifs comme la mise en place d\u2019une formation ad\u00e9quate, le d\u00e9veloppement d\u2019une \u00e9quipe ou la mise \u00e0 disposition d\u2019outils d\u00e9terminants.<\/p>\n<h4>Question 3 : Quelles nouvelles comp\u00e9tences avez-vous acquises ou quelles sont celles que vous avez am\u00e9lior\u00e9es<\/h4>\n<p>Avec cette question, on rentre dans le vif du sujet. On essaie de d\u00e9finir concr\u00e8tement les nouvelles comp\u00e9tences acquises et celles am\u00e9lior\u00e9es par le ou la salari\u00e9(e), qui devra d\u2019ailleurs donner des exemples.<\/p>\n<p>Dans cette partie, on pourra aussi \u00e9valuer le niveau de progression sur les comp\u00e9tences attendues sur le poste. <a href=\"https:\/\/factorial.fr\/blog\/competences-transversales\/\">Comp\u00e9tences transversales<\/a> et techniques seront \u00e9voqu\u00e9es et la notation pourra se faire sur une \u00e9chelle de 1 \u00e0 5.<\/p>\n<p>\u00c0 noter : Les comp\u00e9tences attendues doivent \u00eatre connues de l\u2019employ\u00e9(e) d\u00e8s sa prise de poste et ne doivent en aucun cas \u00eatre une d\u00e9couverte lors de l\u2019entretien.<\/p>\n<h3>La projection sur l\u2019ann\u00e9e \u00e0 venir<\/h3>\n<p>Une fois le point sur l\u2019ann\u00e9e qui vient de se terminer effectu\u00e9, il est temps de se projeter sur celle \u00e0 venir.<\/p>\n<h4>Question 1 : Souhaitez-vous vous investir davantage sur d\u2019autres projets ?<\/h4>\n<p>La capacit\u00e9 de projection d\u2019un ou d\u2019une salari\u00e9(e) d\u00e9pend de nombreux facteurs. Cette question ne doit pas pour autant \u00eatre ressentie comme un pi\u00e8ge. Laissez-le ou la exprimer honn\u00eatement son point de vue.<\/p>\n<p>Ici, 2 cas de figure : l\u2019employ\u00e9(e) peut de lui-m\u00eame \u00e9noncer des projets sur lesquels il aimerait travailler ou vous pouvez lui proposer une liste de projets qui pourraient l\u2019int\u00e9resser.<\/p>\n<h4>Question 2 : Comment aimeriez-vous que votre carri\u00e8re \u00e9volue, \u00e0 plus ou moins long terme ?<\/h4>\n<p>L\u00e0 encore, on essaie de d\u00e9celer la place que souhaite occuper le collaborateur ou la collaboratrice au sein de l\u2019entreprise. Il ou elle peut faire ainsi part de ses ambitions et de son <a href=\"https:\/\/factorial.fr\/blog\/etablir-plan-de-carriere\/\">plan de carri\u00e8re<\/a>.<\/p>\n<p>Avoir plus de responsabilit\u00e9s, changer de poste ou progresser hi\u00e9rarchiquement, il ou elle devra exprimer clairement ses d\u00e9sirs et comment est envisag\u00e9 son avenir au sein de votre structure.<\/p>\n<h4>Question 3 : Quelles sont vos attentes vis-\u00e0-vis du management ?<\/h4>\n<p>L\u2019entretien annuel d\u2019\u00e9valuation ne porte pas uniquement sur l\u2019employ\u00e9(e). Il est aussi question de l\u2019employeur et donc du management dans sa globalit\u00e9.<\/p>\n<p>A cette question, le ou la salari\u00e9(e) pourra \u00e9voquer des besoins sp\u00e9cifiques comme :<\/p>\n<ul>\n<li>Avoir plus de soutien sur un projet donn\u00e9\u00a0;<\/li>\n<li>plus de bienveillance\u00a0;<\/li>\n<li>ou encore plus de feedback de la part du ou des manager(s).<\/li>\n<\/ul>\n<h4>Question 4 : Quels sont vos objectifs pour l\u2019ann\u00e9e \u00e0 venir et de quoi avez-vous besoin pour les atteindre ?<\/h4>\n<p>Il est crucial pour le ou la salari\u00e9(e) de se fixer de nouveaux objectifs \u00e0 atteindre. Cela lui permet de <a href=\"https:\/\/factorial.fr\/blog\/entretien-remotivation\/\">rester motiv\u00e9(e)<\/a> et donner du sens \u00e0 son travail. Il ou elle devra donc d\u00e9tailler les objectifs qu\u2019il veut atteindre et comment faire pour y parvenir.<\/p>\n<p>L\u2019employ\u00e9(e) pourra alors \u00e9voquer les formations d\u00e9sir\u00e9es et\/ou les outils n\u00e9cessaires \u00e0 l&rsquo;accomplissement de ses objectifs. De votre c\u00f4t\u00e9, n\u2019h\u00e9sitez pas \u00e0 conseiller des formations que vous jugerez pertinentes pour son d\u00e9veloppement professionnel.<\/p>\n<p>Lorsque l\u2019entretien annuel d\u2019\u00e9valuation arrive \u00e0 sa fin, pensez \u00e0 demander \u00e0 votre interlocuteur ou interlocutrice si il ou elle d\u00e9sire aborder d\u2019autre sujets ou formuler des remarques.<\/p>\n<p>La trame propos\u00e9e dans cet article vous permet de disposer d\u2019une bonne base pour mener \u00e0 bien cet \u00e9change. Mais il ne tient qu\u2019\u00e0 vous d\u2019y ajouter d\u2019autres questions et de personnaliser l\u2019entretien annuel \u00e0 votre guise, en fonction des profils rencontr\u00e9s et de votre secteur d\u2019activit\u00e9.<\/p>\n<p>Maintenant que vous avez un <strong>exemple d&rsquo;entretien annuel d&rsquo;\u00e9valuation rempli<\/strong>, \u00e0 vous de jouer !<\/p>\n<h2>Simplifiez l&rsquo;organisation de vos entretiens professionnels Factorial !<\/h2>\n<p>Quand une entreprise se d\u00e9veloppe et voit son nombre de collaborateurs \u00e9voluer, les entretiens professionnels ne peuvent plus reposer sur des fichiers Excel partag\u00e9s ou des relances manuelles. L\u2019enjeu devient strat\u00e9gique\u202f: assurer le suivi des obligations l\u00e9gales, garantir l\u2019\u00e9quit\u00e9 entre les \u00e9quipes, structurer les parcours de d\u00e9veloppement\u2026 sans alourdir la charge op\u00e9rationnelle des managers et des RH.<\/p>\n<p>Avec Factorial, vous pouvez centraliser, planifier et documenter l\u2019ensemble de vos entretiens professionnels \u2014 annuels, individuels ou de suivi \u2014 sur une plateforme unique. Gr\u00e2ce \u00e0 des mod\u00e8les personnalisables, \u00e0 des rappels automatiques et \u00e0 une interface pens\u00e9e pour l\u2019exp\u00e9rience collaborateur, vous standardisez vos processus tout en gardant une approche humaine et personnalis\u00e9e.<\/p>\n<p>Chaque compte-rendu est facilement accessible, r\u00e9utilisable, et int\u00e9gr\u00e9 au dossier RH du collaborateur. Ce niveau de structuration vous aide \u00e0 passer d\u2019un simple \u00e9change annuel \u00e0 une <strong>vraie d\u00e9marche de gestion des comp\u00e9tences<\/strong>, continue et pilot\u00e9e.<\/p>\n<div class=\"factorial-banner inline-banner banner-demo category-gestion-des-talents\"\n    data-banner-id=\"174228\"\n    data-banner-type=\"demo\"\n    data-category=\"Gestion des talents\">\n    <div class=\"banner-content\">\n        <div class=\"banner-text\">\n                            <h4>Automatisez vos \u00e9valuations avec Factorial, le logiciel de gestion des entretiens.<\/h4>\n            \n            \n                            <a href=\"https:\/\/factorial.fr\/demander-demo\"\n                    class=\"factorial-cta-button not-prose demo btn-brand\" data-cta=\"demo\" data-cta-position=\"inline-banner\">\n                    Demander une d\u00e9mo                <\/a>\n                    <\/div>\n\n        <div class=\"banner-image has-image\">\n            <img decoding=\"async\" src=\"https:\/\/factorialhr.com\/wp-content\/uploads\/2025\/11\/26171233\/evaluations.png\" class=\"not-prose\" \/>\n        <\/div>\n    <\/div>\n<\/div>\n<h2>Questions fr\u00e9quemment pos\u00e9es<\/h2>\n<h3>\u00c0 quelle fr\u00e9quence faut-il organiser un entretien individuel ou annuel ?<\/h3>\n<p>La fr\u00e9quence d\u00e9pend de la maturit\u00e9 manag\u00e9riale et du niveau d\u2019autonomie des \u00e9quipes. L\u2019entretien annuel reste le minimum r\u00e9glementaire lorsqu\u2019il est pr\u00e9vu par accord interne, mais un rythme semestriel ou trimestriel permet un suivi plus fin des objectifs et \u00e9vite les d\u00e9calages entre les attentes et la r\u00e9alit\u00e9 du terrain. Les entretiens individuels ponctuels compl\u00e8tent ce dispositif et servent d\u2019ajustement rapide lorsque la situation l\u2019exige.<\/p>\n<h3>Un collaborateur peut-il refuser un entretien annuel ou individuel ?<\/h3>\n<p>Le refus est rare, mais il arrive. S\u2019il existe un accord collectif ou une proc\u00e9dure interne rendant l\u2019entretien obligatoire, le collaborateur doit s\u2019y conformer. En revanche, l\u2019employeur ne peut pas imposer la signature du compte rendu si le collaborateur n\u2019est pas d\u2019accord avec son contenu. Dans ce cas, un espace de commentaires ou un avis dissoci\u00e9 doit \u00eatre ajout\u00e9 pour consigner les divergences de perception.<\/p>\n<h3>Que faire si l\u2019entretien d\u00e9rive vers des sujets personnels ou hors cadre ?<\/h3>\n<p>Le manager doit recentrer l\u2019\u00e9change sur des \u00e9l\u00e9ments professionnels et factuels. Lorsque le collaborateur \u00e9voque un \u00e9l\u00e9ment personnel ayant un impact r\u00e9el sur le travail, le manager \u00e9coute, reformule et \u00e9value s\u2019il doit orienter vers les RH ou vers un interlocuteur sp\u00e9cialis\u00e9. L\u2019objectif est d\u2019\u00e9viter la confusion des r\u00f4les tout en prenant en compte les signaux qui peuvent affecter la performance ou la sant\u00e9 au travail.<\/p>\n<h3>Comment traiter une demande d\u2019augmentation \u00e9voqu\u00e9e pendant l\u2019entretien annuel ?<\/h3>\n<p>La demande doit \u00eatre accueillie, not\u00e9e et analys\u00e9e, mais sans prise d\u2019engagement imm\u00e9diate si l\u2019entreprise s\u00e9pare l\u2019\u00e9valuation de la r\u00e9mun\u00e9ration. Le manager explique le processus d\u00e9cisionnel, les crit\u00e8res utilis\u00e9s et les \u00e9ch\u00e9ances pr\u00e9vues. Inscrire la demande dans le compte rendu permet un suivi transparent, tout en \u00e9vitant que l\u2019entretien devienne exclusivement centr\u00e9 sur la r\u00e9mun\u00e9ration.<\/p>\n<h3>Comment assurer un suivi r\u00e9ellement efficace apr\u00e8s l\u2019entretien annuel ?<\/h3>\n<p>Le suivi repose sur trois \u00e9l\u00e9ments: un plan d\u2019action clair, des points r\u00e9guliers pour v\u00e9rifier l\u2019avancement et un historique centralis\u00e9 des d\u00e9cisions. Sans ces ancrages, les engagements pris restent th\u00e9oriques. Formaliser les objectifs, les moyens accord\u00e9s et les jalons rend le suivi plus fiable et facilite les ajustements en cours d\u2019ann\u00e9e. Une solution RH d\u00e9di\u00e9e renforce cette continuit\u00e9 en rendant les informations accessibles \u00e0 toutes les parties prenantes.<\/p>\n","protected":false},"excerpt":{"rendered":"<p>Un entretien individuel se passe bien quand il est pr\u00e9par\u00e9, structur\u00e9 et centr\u00e9 sur des faits. La difficult\u00e9 vient souvent du manque de m\u00e9thode : questions trop vagues, \u00e9changes qui partent dans tous les sens, objectifs mal cadr\u00e9s ou absence de donn\u00e9es concr\u00e8tes pour \u00e9valuer l\u2019ann\u00e9e. Le r\u00e9sultat est un rendez-vous qui produit peu d\u2019informations<a href=\"https:\/\/factorial.fr\/blog\/exemple-entretien-annuel-rempli\/\" class=\"read-more\"> [&#8230;]<\/a><\/p>\n","protected":false},"author":224,"featured_media":155071,"comment_status":"closed","ping_status":"closed","sticky":false,"template":"","format":"standard","meta":{"_acf_changed":false,"footnotes":""},"categories":[445,453],"tags":[],"class_list":["post-121814","post","type-post","status-publish","format-standard","has-post-thumbnail","hentry","category-talents","category-performance"],"acf":{"topics":"talent-performance-review"},"yoast_head":"<!-- This site is optimized with the Yoast SEO Premium plugin v21.5 (Yoast SEO v21.9.1) - https:\/\/yoast.com\/wordpress\/plugins\/seo\/ -->\n<title>Exemple d\u2019entretien individuel : mod\u00e8le et trame compl\u00e8te<\/title>\n<meta name=\"description\" content=\"Gagnez du temps avec notre exemple d\u2019entretien individuel. T\u00e9l\u00e9chargez une trame claire, pr\u00eate \u00e0 l\u2019emploi, pour des \u00e9changes efficaces et constructifs.\" \/>\n<meta name=\"robots\" content=\"index, follow, max-snippet:-1, max-image-preview:large, max-video-preview:-1\" \/>\n<link rel=\"canonical\" href=\"https:\/\/factorial.fr\/blog\/exemple-entretien-annuel-rempli\/\" \/>\n<meta property=\"og:locale\" content=\"fr_FR\" \/>\n<meta property=\"og:type\" content=\"article\" \/>\n<meta property=\"og:title\" content=\"Gagnez du temps avec notre exemple d\u2019entretien individuel\" \/>\n<meta property=\"og:description\" content=\"Gagnez du temps avec notre exemple d\u2019entretien individuel. T\u00e9l\u00e9chargez une trame claire, pr\u00eate \u00e0 l\u2019emploi, pour des \u00e9changes efficaces et constructifs.\" \/>\n<meta property=\"og:url\" content=\"https:\/\/factorial.fr\/blog\/exemple-entretien-annuel-rempli\/\" \/>\n<meta property=\"og:site_name\" content=\"Factorial\" \/>\n<meta property=\"article:publisher\" content=\"https:\/\/www.facebook.com\/people\/Factorial\/100064908455810\/\" \/>\n<meta property=\"article:published_time\" content=\"2023-11-29T08:50:45+00:00\" \/>\n<meta property=\"article:modified_time\" content=\"2026-03-19T09:44:20+00:00\" \/>\n<meta property=\"og:image\" content=\"https:\/\/factorial.fr\/wp-content\/uploads\/2022\/01\/02212320\/blog_thumbnail_fr8.webp\" \/>\n\t<meta property=\"og:image:width\" content=\"1280\" \/>\n\t<meta property=\"og:image:height\" content=\"720\" \/>\n\t<meta property=\"og:image:type\" content=\"image\/webp\" \/>\n<meta name=\"author\" content=\"Medhi Poirier\" \/>\n<meta name=\"twitter:card\" content=\"summary_large_image\" \/>\n<meta name=\"twitter:creator\" content=\"@factorialapp\" \/>\n<meta name=\"twitter:site\" content=\"@factorialapp\" \/>\n<meta name=\"twitter:label1\" content=\"Written by\" \/>\n\t<meta name=\"twitter:data1\" content=\"Medhi Poirier\" \/>\n\t<meta name=\"twitter:label2\" content=\"Est. reading time\" \/>\n\t<meta name=\"twitter:data2\" content=\"16 minutes\" \/>\n<script type=\"application\/ld+json\" class=\"yoast-schema-graph\">{\"@context\":\"https:\/\/schema.org\",\"@graph\":[{\"@type\":\"Article\",\"@id\":\"https:\/\/factorial.fr\/blog\/exemple-entretien-annuel-rempli\/#article\",\"isPartOf\":{\"@id\":\"https:\/\/factorial.fr\/blog\/exemple-entretien-annuel-rempli\/\"},\"author\":{\"name\":\"Medhi Poirier\",\"@id\":\"https:\/\/factorial.fr\/blog\/#\/schema\/person\/b4c43e5721de6d2f99fcc74ceafdb18d\"},\"headline\":\"Gagnez du temps avec notre exemple d\u2019entretien individuel\",\"datePublished\":\"2023-11-29T08:50:45+00:00\",\"dateModified\":\"2026-03-19T09:44:20+00:00\",\"mainEntityOfPage\":{\"@id\":\"https:\/\/factorial.fr\/blog\/exemple-entretien-annuel-rempli\/\"},\"wordCount\":4194,\"publisher\":{\"@id\":\"https:\/\/factorial.fr\/blog\/#organization\"},\"articleSection\":[\"Gestion des talents\",\"GPEC\"],\"inLanguage\":\"fr-FR\"},{\"@type\":\"WebPage\",\"@id\":\"https:\/\/factorial.fr\/blog\/exemple-entretien-annuel-rempli\/\",\"url\":\"https:\/\/factorial.fr\/blog\/exemple-entretien-annuel-rempli\/\",\"name\":\"Exemple d\u2019entretien individuel : mod\u00e8le et trame compl\u00e8te\",\"isPartOf\":{\"@id\":\"https:\/\/factorial.fr\/blog\/#website\"},\"datePublished\":\"2023-11-29T08:50:45+00:00\",\"dateModified\":\"2026-03-19T09:44:20+00:00\",\"description\":\"Gagnez du temps avec notre exemple d\u2019entretien individuel. T\u00e9l\u00e9chargez une trame claire, pr\u00eate \u00e0 l\u2019emploi, pour des \u00e9changes efficaces et constructifs.\",\"inLanguage\":\"fr-FR\",\"potentialAction\":[{\"@type\":\"ReadAction\",\"target\":[\"https:\/\/factorial.fr\/blog\/exemple-entretien-annuel-rempli\/\"]}]},{\"@type\":\"WebSite\",\"@id\":\"https:\/\/factorial.fr\/blog\/#website\",\"url\":\"https:\/\/factorial.fr\/blog\/\",\"name\":\"Factorial\",\"description\":\"\",\"publisher\":{\"@id\":\"https:\/\/factorial.fr\/blog\/#organization\"},\"potentialAction\":[{\"@type\":\"SearchAction\",\"target\":{\"@type\":\"EntryPoint\",\"urlTemplate\":\"https:\/\/factorial.fr\/blog\/?s={search_term_string}\"},\"query-input\":\"required name=search_term_string\"}],\"inLanguage\":\"fr-FR\"},{\"@type\":\"Organization\",\"@id\":\"https:\/\/factorial.fr\/blog\/#organization\",\"name\":\"All-in-one business management software - Factorial\",\"url\":\"https:\/\/factorial.fr\/blog\/\",\"logo\":{\"@type\":\"ImageObject\",\"inLanguage\":\"fr-FR\",\"@id\":\"https:\/\/factorial.fr\/blog\/#\/schema\/logo\/image\/\",\"url\":\"https:\/\/factorial.fr\/wp-content\/uploads\/2023\/07\/18155144\/factorial-logo.png\",\"contentUrl\":\"https:\/\/factorial.fr\/wp-content\/uploads\/2023\/07\/18155144\/factorial-logo.png\",\"width\":946,\"height\":880,\"caption\":\"All-in-one business management software - Factorial\"},\"image\":{\"@id\":\"https:\/\/factorial.fr\/blog\/#\/schema\/logo\/image\/\"},\"sameAs\":[\"https:\/\/www.facebook.com\/people\/Factorial\/100064908455810\/\",\"https:\/\/twitter.com\/factorialapp\",\"https:\/\/www.linkedin.com\/company\/factorialhr\",\"https:\/\/www.youtube.com\/@factorialmedia\",\"https:\/\/www.instagram.com\/factorial\/#\"]},{\"@type\":\"Person\",\"@id\":\"https:\/\/factorial.fr\/blog\/#\/schema\/person\/b4c43e5721de6d2f99fcc74ceafdb18d\",\"name\":\"Medhi Poirier\",\"image\":{\"@type\":\"ImageObject\",\"inLanguage\":\"fr-FR\",\"@id\":\"https:\/\/factorial.fr\/blog\/#\/schema\/person\/image\/\",\"url\":\"https:\/\/secure.gravatar.com\/avatar\/ee634c8be596706f9ef892fee19eb84d?s=96&d=identicon&r=g\",\"contentUrl\":\"https:\/\/secure.gravatar.com\/avatar\/ee634c8be596706f9ef892fee19eb84d?s=96&d=identicon&r=g\",\"caption\":\"Medhi Poirier\"},\"description\":\"R\u00e9dacteur web freelance avec plus de 10 ans d\u2019exp\u00e9rience, je r\u00e9dige tout type de contenu et aide les entreprises \u00e0 affirmer leur identit\u00e9 \u00e9ditoriale. Gr\u00e2ce \u00e0 ma ma\u00eetrise des techniques SEO, je d\u00e9veloppe et renforce leur pr\u00e9sence sur la toile et les moteurs de recherche. Peu importe le sujet, ma plume s'exprime.\",\"url\":\"https:\/\/factorial.fr\/blog\/author\/medhi\/\"}]}<\/script>\n<!-- \/ Yoast SEO Premium plugin. -->","yoast_head_json":{"title":"Exemple d\u2019entretien individuel : mod\u00e8le et trame compl\u00e8te","description":"Gagnez du temps avec notre exemple d\u2019entretien individuel. T\u00e9l\u00e9chargez une trame claire, pr\u00eate \u00e0 l\u2019emploi, pour des \u00e9changes efficaces et constructifs.","robots":{"index":"index","follow":"follow","max-snippet":"max-snippet:-1","max-image-preview":"max-image-preview:large","max-video-preview":"max-video-preview:-1"},"canonical":"https:\/\/factorial.fr\/blog\/exemple-entretien-annuel-rempli\/","og_locale":"fr_FR","og_type":"article","og_title":"Gagnez du temps avec notre exemple d\u2019entretien individuel","og_description":"Gagnez du temps avec notre exemple d\u2019entretien individuel. T\u00e9l\u00e9chargez une trame claire, pr\u00eate \u00e0 l\u2019emploi, pour des \u00e9changes efficaces et constructifs.","og_url":"https:\/\/factorial.fr\/blog\/exemple-entretien-annuel-rempli\/","og_site_name":"Factorial","article_publisher":"https:\/\/www.facebook.com\/people\/Factorial\/100064908455810\/","article_published_time":"2023-11-29T08:50:45+00:00","article_modified_time":"2026-03-19T09:44:20+00:00","og_image":[{"width":1280,"height":720,"url":"https:\/\/factorial.fr\/wp-content\/uploads\/2022\/01\/02212320\/blog_thumbnail_fr8.webp","type":"image\/webp"}],"author":"Medhi Poirier","twitter_card":"summary_large_image","twitter_creator":"@factorialapp","twitter_site":"@factorialapp","twitter_misc":{"Written by":"Medhi Poirier","Est. reading time":"16 minutes"},"schema":{"@context":"https:\/\/schema.org","@graph":[{"@type":"Article","@id":"https:\/\/factorial.fr\/blog\/exemple-entretien-annuel-rempli\/#article","isPartOf":{"@id":"https:\/\/factorial.fr\/blog\/exemple-entretien-annuel-rempli\/"},"author":{"name":"Medhi Poirier","@id":"https:\/\/factorial.fr\/blog\/#\/schema\/person\/b4c43e5721de6d2f99fcc74ceafdb18d"},"headline":"Gagnez du temps avec notre exemple d\u2019entretien individuel","datePublished":"2023-11-29T08:50:45+00:00","dateModified":"2026-03-19T09:44:20+00:00","mainEntityOfPage":{"@id":"https:\/\/factorial.fr\/blog\/exemple-entretien-annuel-rempli\/"},"wordCount":4194,"publisher":{"@id":"https:\/\/factorial.fr\/blog\/#organization"},"articleSection":["Gestion des talents","GPEC"],"inLanguage":"fr-FR"},{"@type":"WebPage","@id":"https:\/\/factorial.fr\/blog\/exemple-entretien-annuel-rempli\/","url":"https:\/\/factorial.fr\/blog\/exemple-entretien-annuel-rempli\/","name":"Exemple d\u2019entretien individuel : mod\u00e8le et trame compl\u00e8te","isPartOf":{"@id":"https:\/\/factorial.fr\/blog\/#website"},"datePublished":"2023-11-29T08:50:45+00:00","dateModified":"2026-03-19T09:44:20+00:00","description":"Gagnez du temps avec notre exemple d\u2019entretien individuel. T\u00e9l\u00e9chargez une trame claire, pr\u00eate \u00e0 l\u2019emploi, pour des \u00e9changes efficaces et constructifs.","inLanguage":"fr-FR","potentialAction":[{"@type":"ReadAction","target":["https:\/\/factorial.fr\/blog\/exemple-entretien-annuel-rempli\/"]}]},{"@type":"WebSite","@id":"https:\/\/factorial.fr\/blog\/#website","url":"https:\/\/factorial.fr\/blog\/","name":"Factorial","description":"","publisher":{"@id":"https:\/\/factorial.fr\/blog\/#organization"},"potentialAction":[{"@type":"SearchAction","target":{"@type":"EntryPoint","urlTemplate":"https:\/\/factorial.fr\/blog\/?s={search_term_string}"},"query-input":"required name=search_term_string"}],"inLanguage":"fr-FR"},{"@type":"Organization","@id":"https:\/\/factorial.fr\/blog\/#organization","name":"All-in-one business management software - Factorial","url":"https:\/\/factorial.fr\/blog\/","logo":{"@type":"ImageObject","inLanguage":"fr-FR","@id":"https:\/\/factorial.fr\/blog\/#\/schema\/logo\/image\/","url":"https:\/\/factorial.fr\/wp-content\/uploads\/2023\/07\/18155144\/factorial-logo.png","contentUrl":"https:\/\/factorial.fr\/wp-content\/uploads\/2023\/07\/18155144\/factorial-logo.png","width":946,"height":880,"caption":"All-in-one business management software - Factorial"},"image":{"@id":"https:\/\/factorial.fr\/blog\/#\/schema\/logo\/image\/"},"sameAs":["https:\/\/www.facebook.com\/people\/Factorial\/100064908455810\/","https:\/\/twitter.com\/factorialapp","https:\/\/www.linkedin.com\/company\/factorialhr","https:\/\/www.youtube.com\/@factorialmedia","https:\/\/www.instagram.com\/factorial\/#"]},{"@type":"Person","@id":"https:\/\/factorial.fr\/blog\/#\/schema\/person\/b4c43e5721de6d2f99fcc74ceafdb18d","name":"Medhi Poirier","image":{"@type":"ImageObject","inLanguage":"fr-FR","@id":"https:\/\/factorial.fr\/blog\/#\/schema\/person\/image\/","url":"https:\/\/secure.gravatar.com\/avatar\/ee634c8be596706f9ef892fee19eb84d?s=96&d=identicon&r=g","contentUrl":"https:\/\/secure.gravatar.com\/avatar\/ee634c8be596706f9ef892fee19eb84d?s=96&d=identicon&r=g","caption":"Medhi Poirier"},"description":"R\u00e9dacteur web freelance avec plus de 10 ans d\u2019exp\u00e9rience, je r\u00e9dige tout type de contenu et aide les entreprises \u00e0 affirmer leur identit\u00e9 \u00e9ditoriale. Gr\u00e2ce \u00e0 ma ma\u00eetrise des techniques SEO, je d\u00e9veloppe et renforce leur pr\u00e9sence sur la toile et les moteurs de recherche. Peu importe le sujet, ma plume s'exprime.","url":"https:\/\/factorial.fr\/blog\/author\/medhi\/"}]}},"_links":{"self":[{"href":"https:\/\/factorial.fr\/blog\/wp-json\/wp\/v2\/posts\/121814"}],"collection":[{"href":"https:\/\/factorial.fr\/blog\/wp-json\/wp\/v2\/posts"}],"about":[{"href":"https:\/\/factorial.fr\/blog\/wp-json\/wp\/v2\/types\/post"}],"author":[{"embeddable":true,"href":"https:\/\/factorial.fr\/blog\/wp-json\/wp\/v2\/users\/224"}],"replies":[{"embeddable":true,"href":"https:\/\/factorial.fr\/blog\/wp-json\/wp\/v2\/comments?post=121814"}],"version-history":[{"count":14,"href":"https:\/\/factorial.fr\/blog\/wp-json\/wp\/v2\/posts\/121814\/revisions"}],"predecessor-version":[{"id":184069,"href":"https:\/\/factorial.fr\/blog\/wp-json\/wp\/v2\/posts\/121814\/revisions\/184069"}],"wp:featuredmedia":[{"embeddable":true,"href":"https:\/\/factorial.fr\/blog\/wp-json\/wp\/v2\/media\/155071"}],"wp:attachment":[{"href":"https:\/\/factorial.fr\/blog\/wp-json\/wp\/v2\/media?parent=121814"}],"wp:term":[{"taxonomy":"category","embeddable":true,"href":"https:\/\/factorial.fr\/blog\/wp-json\/wp\/v2\/categories?post=121814"},{"taxonomy":"post_tag","embeddable":true,"href":"https:\/\/factorial.fr\/blog\/wp-json\/wp\/v2\/tags?post=121814"}],"curies":[{"name":"wp","href":"https:\/\/api.w.org\/{rel}","templated":true}]}}