{"id":108379,"date":"2023-06-24T22:37:38","date_gmt":"2023-06-24T20:37:38","guid":{"rendered":"https:\/\/factorialhr.com\/blog\/?p=108379"},"modified":"2026-02-17T13:17:12","modified_gmt":"2026-02-17T11:17:12","slug":"conge-demenagement","status":"publish","type":"post","link":"https:\/\/factorial.fr\/blog\/conge-demenagement\/","title":{"rendered":"Cong\u00e9 d\u00e9m\u00e9nagement : que pr\u00e9voit la loi\u2009?"},"content":{"rendered":"<p>Le d\u00e9m\u00e9nagement, qu\u2019il soit pour des raisons personnelles ou professionnelles, repr\u00e9sente un v\u00e9ritable d\u00e9fi logistique. Il est souvent n\u00e9cessaire de se lib\u00e9rer un ou deux jours afin d\u2019aborder sereinement son d\u00e9m\u00e9nagement. Par cons\u00e9quent, <strong>b\u00e9n\u00e9ficier d\u2019un cong\u00e9 pris en charge par son employeur peut \u00eatre une excellente chose<\/strong>. Cependant, le Code du travail ne pr\u00e9voit pas de cong\u00e9 sp\u00e9cifique au d\u00e9m\u00e9nagement. Toutefois, certaines dispositions conventionnelles ou accords d\u2019entreprise permettent un cong\u00e9 pris en charge par l\u2019employeur.<\/p>\n<p>Comment le secteur priv\u00e9 aborde-t-il le cong\u00e9 d\u00e9m\u00e9nagement\u2009? Qu\u2019en est-il du secteur public\u2009? Pourquoi les entreprises ont-elles int\u00e9r\u00eat \u00e0 proposer un cong\u00e9 d\u00e9m\u00e9nagement m\u00eame hors disposition sp\u00e9cifique\u2009? Retrouvez nos r\u00e9ponses d\u00e9taill\u00e9es dans cet article complet.<\/p>\n<p>\u2705 <strong><a href=\"https:\/\/factorial.fr\/demander-demo\">Demandez votre d\u00e9mo gratuite de Factorial pour d\u00e9couvrir comment l&rsquo;outil peut vous aider \u00e0 optimiser la gestion des cong\u00e9s de vos collaborateurs !<\/a><\/strong><\/p>\n<div class=\"factorial-banner inline-banner banner-demo category-conges-et-absences\"\n    data-banner-id=\"173764\"\n    data-banner-type=\"demo\"\n    data-category=\"Cong\u00e9s et absences\">\n    <div class=\"banner-content\">\n        <div class=\"banner-text\">\n                            <h4>Demandez et approuvez les absences en toute simplicit\u00e9 avec Factorial.<\/h4>\n            \n            \n                            <a href=\"https:\/\/factorial.fr\/demander-demo\"\n                    class=\"factorial-cta-button not-prose demo btn-brand\" data-cta=\"demo\" data-cta-position=\"inline-banner\">\n                    Demander une d\u00e9mo                <\/a>\n                    <\/div>\n\n        <div class=\"banner-image has-image\">\n            <img decoding=\"async\" src=\"https:\/\/factorialhr.com\/wp-content\/uploads\/2025\/11\/26115816\/time-off.png\" class=\"not-prose\" \/>\n        <\/div>\n    <\/div>\n<\/div>\n<div class=\"js-toc toc\">\n<p class=\"js-toc-title toc__title\">Table des mati\u00e8res<\/p>\n<nav id=\"fac_toc_nav\" class=\"js-toc-nav toc__nav\" aria-label=\"Table des mati\u00e8res\"><ol class=\"toc__list toc__list--level-1\"><li class=\"toc-heading-level-2\"><a class=\"toc__link toc-link-heading-1\" href=\"https:\/\/factorial.fr\/blog\/conge-demenagement\/#le-conge-demenagement-dans-le-secteur-prive-droits-et-demarches\" title=\"Le cong\u00e9 d\u00e9m\u00e9nagement dans le secteur priv\u00e9\u00a0: droits et d\u00e9marches\" data-target-id=\"le-conge-demenagement-dans-le-secteur-prive-droits-et-demarches\">Le cong\u00e9 d\u00e9m\u00e9nagement dans le secteur priv\u00e9\u00a0: droits et d\u00e9marches<\/a><\/li><li class=\"toc-heading-level-2\"><a class=\"toc__link toc-link-heading-2\" href=\"https:\/\/factorial.fr\/blog\/conge-demenagement\/#le-conge-demenagement-dans-le-secteur-public-droits-et-demarches\" title=\"Le cong\u00e9 d\u00e9m\u00e9nagement dans le secteur public\u00a0: droits et d\u00e9marches\" data-target-id=\"le-conge-demenagement-dans-le-secteur-public-droits-et-demarches\">Le cong\u00e9 d\u00e9m\u00e9nagement dans le secteur public\u00a0: droits et d\u00e9marches<\/a><\/li><li class=\"toc-heading-level-2\"><a class=\"toc__link toc-link-heading-3\" href=\"https:\/\/factorial.fr\/blog\/conge-demenagement\/#3-bonnes-raisons-de-proposer-un-conge-demenagement-a-vos-salaries\" title=\"3 bonnes raisons de proposer un cong\u00e9 d\u00e9m\u00e9nagement \u00e0 vos salari\u00e9s\" data-target-id=\"3-bonnes-raisons-de-proposer-un-conge-demenagement-a-vos-salaries\">3 bonnes raisons de proposer un cong\u00e9 d\u00e9m\u00e9nagement \u00e0 vos salari\u00e9s<\/a><\/li><li class=\"toc-heading-level-2\"><a class=\"toc__link toc-link-heading-4\" href=\"https:\/\/factorial.fr\/blog\/conge-demenagement\/#ce-qu\u2019il-faut-retenir-du-conge-demenagement\" title=\"Ce qu\u2019il faut retenir du cong\u00e9 d\u00e9m\u00e9nagement\" data-target-id=\"ce-qu\u2019il-faut-retenir-du-conge-demenagement\">Ce qu\u2019il faut retenir du cong\u00e9 d\u00e9m\u00e9nagement<\/a><\/li><li class=\"toc-heading-level-2\"><a class=\"toc__link toc-link-heading-5\" href=\"https:\/\/factorial.fr\/blog\/conge-demenagement\/#\ud83d\udda5\ufe0f-decouvrez-comment-gerer-l\u2019ensemble-des-conges-de-vos-salaries-sur-factorial,-votre-logiciel-rh-tout-en-un-reservez-immediatement-votre-essai-offert\" title=\"\ud83d\udda5\ufe0f D\u00e9couvrez comment g\u00e9rer l\u2019ensemble des cong\u00e9s de vos salari\u00e9s sur Factorial, votre logiciel RH tout-en-un. R\u00e9servez imm\u00e9diatement votre essai offert.\" data-target-id=\"\ud83d\udda5\ufe0f-decouvrez-comment-gerer-l\u2019ensemble-des-conges-de-vos-salaries-sur-factorial,-votre-logiciel-rh-tout-en-un-reservez-immediatement-votre-essai-offert\">\ud83d\udda5\ufe0f D\u00e9couvrez comment g\u00e9rer l\u2019ensemble des cong\u00e9s de vos salari\u00e9s sur Factorial, votre logiciel RH tout-en-un. R\u00e9servez imm\u00e9diatement votre essai offert.<\/a><\/li><\/ol><\/nav><\/div>\n<h2>Le cong\u00e9 d\u00e9m\u00e9nagement dans le secteur priv\u00e9\u00a0: droits et d\u00e9marches<\/h2>\n<p><strong>La l\u00e9gislation ne pr\u00e9voit pas de cong\u00e9 d\u00e9m\u00e9nagement pris en charge par l\u2019entreprise<\/strong> et consid\u00e9r\u00e9e comme une absence autoris\u00e9e. Certaines conventions collectives ou des accords d\u2019entreprise peuvent pr\u00e9voir des dispositions plus favorables et ainsi proposer des avantages et conditions sp\u00e9cifiques lors d\u2019un d\u00e9m\u00e9nagement.<\/p>\n<h3>Les diff\u00e9rents cong\u00e9s pr\u00e9vus par la loi<\/h3>\n<p>Le Code du travail pr\u00e9voit un <a href=\"https:\/\/factorial.fr\/blog\/gestion-conges-absences-guide\/\">certain nombre de cong\u00e9s<\/a> tels que\u00a0:<\/p>\n<ul>\n<li aria-level=\"1\"><strong>Les cong\u00e9s pay\u00e9s classiques<\/strong> auxquels tous les salari\u00e9s peuvent pr\u00e9tendre \u00e0 raison de 2,5\u00a0jours ouvrables par mois de travail effectif\u2009;<\/li>\n<li aria-level=\"1\"><strong>Les cong\u00e9s li\u00e9s \u00e0 la naissance et \u00e0 l\u2019enfance<\/strong> que sont le cong\u00e9 maternit\u00e9 qui est de 16\u00a0semaines minimum ainsi que le cong\u00e9 adoption qui est lui aussi de 16\u00a0semaines.<\/li>\n<\/ul>\n<p>D\u2019autres cong\u00e9s plus courts sont \u00e9galement pr\u00e9vus par la loi. Il s\u2019agit des <a href=\"https:\/\/factorial.fr\/blog\/conges-exceptionnels\/\">cong\u00e9s pour \u00e9v\u00e9nements exceptionnels<\/a> :<\/p>\n<ul>\n<li aria-level=\"1\"><a href=\"https:\/\/factorial.fr\/blog\/conge-mariage-pacs\/\">Le cong\u00e9s mariage ou \u00e0 l\u2019occasion d\u2019un Pacs<\/a> qui est de 4\u00a0jours\u2009;<\/li>\n<li aria-level=\"1\">Le cong\u00e9 \u00e0 l\u2019occasion du mariage de son enfant qui est d\u2019un jour\u2009;<\/li>\n<li aria-level=\"1\">Le cong\u00e9 \u00e0 l\u2019occasion de la naissance d\u2019un enfant qui est de 3\u00a0jours.<\/li>\n<\/ul>\n<p>Lors d\u2019un d\u00e9c\u00e8s, il est pr\u00e9vu un cong\u00e9 pouvant aller jusque 8\u00a0jours s\u2019il s\u2019agit du d\u00e9c\u00e8s de son enfant. Ce cong\u00e9 est port\u00e9 3\u00a0jours si le d\u00e9c\u00e8s concerne le conjoint ou un membre de sa famille proche.<\/p>\n<p>Ces cong\u00e9s donnent lieu \u00e0 une prise en charge de l\u2019employeur et sont consid\u00e9r\u00e9s comme du travail effectif et permettent donc de cumuler des cong\u00e9s pay\u00e9s. Le l\u00e9gislateur a cherch\u00e9 \u00e0 couvrir un large panel de cas de figure, mais n\u2019a pas consid\u00e9r\u00e9 que le d\u00e9m\u00e9nagement n\u00e9cessitait une prise en charge par l\u2019employeur.<\/p>\n<p>Le cong\u00e9 d\u00e9m\u00e9nagement n\u2019entre quant \u00e0 lui dans aucune des cat\u00e9gories de cong\u00e9s autoris\u00e9s. Il reste toutefois possible de poser des <a href=\"https:\/\/factorial.fr\/blog\/conges-payes\/\">cong\u00e9s \u201cclassiques\u201d<\/a>.<\/p>\n<h3>Les dispositions conventionnelles pour b\u00e9n\u00e9ficier d\u2019un cong\u00e9 d\u00e9m\u00e9nagement<\/h3>\n<p>Certaines conventions collectives donnent droit \u00e0 un ou plusieurs jours de cong\u00e9s permettant de d\u00e9m\u00e9nager. On peut citer\u00a0:<\/p>\n<ul>\n<li aria-level=\"1\">La convention collective <strong>Syntec<\/strong>\u00a0: si le d\u00e9m\u00e9nagement permet de vous rapprocher de votre lieu de travail et est donc en faveur de l\u2019entreprise, un jour de cong\u00e9 d\u00e9m\u00e9nagement peut \u00eatre octroy\u00e9\u2009;<\/li>\n<li aria-level=\"1\">La convention collective de la <strong>publicit\u00e9<\/strong> pr\u00e9voit un jour d\u2019absence accord\u00e9 pour ce motif\u2009;<\/li>\n<li aria-level=\"1\">La convention collective des <strong>journalistes<\/strong> pr\u00e9voit deux jours d\u2019absence accord\u00e9s pour un d\u00e9m\u00e9nagement.<\/li>\n<\/ul>\n<h3>La d\u00e9marche pour obtenir un cong\u00e9 pour d\u00e9m\u00e9nagement<\/h3>\n<p>Au m\u00eame titre que n\u2019importe quelle absence pr\u00e9vue, <strong>il est n\u00e9cessaire d\u2019obtenir l\u2019accord de son manager.<\/strong> En effet, si le salari\u00e9 n\u2019effectue pas sa demande ou bien n\u2019attend pas l\u2019accord de son manager, il peut \u00eatre consid\u00e9r\u00e9 comme \u00e9tant en absence injustifi\u00e9e.<\/p>\n<p>La meilleure solution pour que la demande de cong\u00e9 se d\u00e9roule de mani\u00e8re fluide consiste \u00e0 utiliser un logiciel RH comme <a href=\"https:\/\/factorial.fr\/\">Factorial<\/a>.<\/p>\n<p>Vous pourrez en fonction de votre politique interne en mati\u00e8re de cong\u00e9 d\u00e9m\u00e9nagement param\u00e9trer celui-ci en cong\u00e9 d\u00e9m\u00e9nagement ou bien en cong\u00e9 pay\u00e9. Votre salari\u00e9 n\u2019a plus qu\u2019\u00e0 faire son choix puis \u00e0 indiquer la date souhait\u00e9e. Son manager est imm\u00e9diatement notifi\u00e9, il lui suffit de valider ou non la demande. Le service paie peut ensuite int\u00e9grer cette absence lors de la prochaine paie en mentionnant s\u2019il s\u2019agit d\u2019un cong\u00e9 pr\u00e9vu par la convention collective ou l\u2019accord d\u2019entreprise.<\/p>\n<div class=\"factorial-banner inline-banner banner-freebie category-conges-et-absences\"\n    data-banner-id=\"173762\"\n    data-banner-type=\"freebie\"\n    data-category=\"Cong\u00e9s et absences\">\n    <div class=\"banner-content\">\n        <div class=\"banner-text\">\n                            <h4>Tableau Excel de planning des cong\u00e9s<\/h4>\n            \n                            <p>Jours f\u00e9ri\u00e9s nationaux, ponts et dates importantes, tous regroup\u00e9s dans un mod\u00e8le t\u00e9l\u00e9chargeable pour garder toute l&#039;ann\u00e9e sous contr\u00f4le.<\/p>\n            \n                            <a href=\"https:\/\/factorial.fr\/modeles\/modele-conges-absences\"\n                    class=\"factorial-cta-button not-prose freebie\" data-cta=\"freebie\" data-cta-position=\"inline-banner\">\n                    T\u00e9l\u00e9charger gratuitement                <\/a>\n                    <\/div>\n\n        <div class=\"banner-image has-image\">\n            <img decoding=\"async\" src=\"https:\/\/factorialhr.com\/wp-content\/uploads\/2025\/11\/17205640\/freebie-tableau-planning-conges.png\" class=\"not-prose\" \/>\n        <\/div>\n    <\/div>\n<\/div>\n<h2>Le cong\u00e9 d\u00e9m\u00e9nagement dans le secteur public\u00a0: droits et d\u00e9marches<\/h2>\n<p>En mati\u00e8re de cong\u00e9s, les r\u00e8gles de la fonction publique diff\u00e8rent quelque peu de celles du priv\u00e9.<\/p>\n<h3>Les cong\u00e9s autoris\u00e9s dans la fonction publique<\/h3>\n<p>En mati\u00e8re de cong\u00e9s pay\u00e9s, le fonctionnaire qui travaille \u00e0 plein temps a droit \u00e0<strong> 25\u00a0jours de cong\u00e9s<\/strong>. En cas de temps partiel, le nombre de jours de cong\u00e9s est proratis\u00e9.<\/p>\n<p>Travailler dans la fonction publique permet de b\u00e9n\u00e9ficier de cong\u00e9s suppl\u00e9mentaires\u00a0:<\/p>\n<ul>\n<li aria-level=\"1\">Le cong\u00e9 bonifi\u00e9 qui est accord\u00e9 au fonctionnaire travaillant dans un d\u00e9partement ou un territoire d\u2019outre-mer. Ce droit n\u2019est par contre pas ouvert aux contractuels.<\/li>\n<li aria-level=\"1\">Les jours de fractionnement. Ces cong\u00e9s b\u00e9n\u00e9ficient \u00e0 ceux qui prennent leurs cong\u00e9s en dehors de la p\u00e9riode de r\u00e9f\u00e9rence, soit entre le 1er\u00a0Mai et le 31\u00a0octobre.<\/li>\n<\/ul>\n<p>Par ailleurs, les fonctionnaires ou contractuels de droit public b\u00e9n\u00e9ficient des <strong>cong\u00e9s pour \u00e9v\u00e9nements familiaux<\/strong> comme pr\u00e9vu par la loi. Certaines administrations peuvent pr\u00e9voir des dispositions plus favorables.<\/p>\n<h3>Le cong\u00e9 d\u00e9m\u00e9nagement dans la fonction publique<\/h3>\n<p>Tout comme les salari\u00e9s du priv\u00e9, <strong>les fonctionnaires ne b\u00e9n\u00e9ficient pas d\u2019un cong\u00e9 d\u00e9m\u00e9nagement.<\/strong> Cependant, une autorisation d\u2019absence est bien souvent accord\u00e9e m\u00eame si chaque administration reste libre de fixer ses propres r\u00e8gles.<\/p>\n<p>Par ailleurs, les agents publics, qu\u2019ils soient fonctionnaires ou contractuels, b\u00e9n\u00e9ficient d\u2019une prise en charge, dans une certaine limite et sous certaines conditions, de leurs frais de d\u00e9m\u00e9nagement.<\/p>\n<h2>3 bonnes raisons de proposer un cong\u00e9 d\u00e9m\u00e9nagement \u00e0 vos salari\u00e9s<\/h2>\n<p>M\u00eame si la loi ne l\u2019impose pas et dans un contexte tenu de r\u00e9tention des talents, <strong>proposer un cong\u00e9 d\u00e9m\u00e9nagement s\u2019av\u00e8re souvent une tr\u00e8s bonne id\u00e9e.<\/strong> Si vous n\u2019\u00eates pas encore convaincu, voici trois bonnes raisons de passer le cap.<\/p>\n<h3>#1 \u2014 Am\u00e9liorer le bien-\u00eatre de ses salari\u00e9s<\/h3>\n<p>En offrant un jour de cong\u00e9 d\u00e9m\u00e9nagement \u00e0 vos salari\u00e9s, <strong>vous t\u00e9moignez votre int\u00e9r\u00eat pour le bien-\u00eatre de vos salari\u00e9s.<\/strong> Ainsi, vous contribuez \u00e0 r\u00e9duire le stress que l\u2019ont peut ressentir \u00e0 l\u2019approche d\u2019un d\u00e9m\u00e9nagement. \u00c0 terme, cela se traduit par une meilleure productivit\u00e9 et davantage de motivation au travail.<\/p>\n<h3>#2 \u2014 Renforcer l\u2019attractivit\u00e9 de l\u2019entreprise<\/h3>\n<p>Les entreprises doivent \u00eatre inventives pour arriver \u00e0 se d\u00e9marquer et attirer ou retenir les meilleurs talents. En proposant un avantage que les autres entreprises ne proposent pas, <strong>vous vous positionnez comme une entreprise qui valorise ses salari\u00e9s et se soucie vraiment de leur qualit\u00e9 de vie.<\/strong> Ind\u00e9niablement, votre r\u00e9putation et votre image de marque s\u2019en trouveront positivement impact\u00e9es.<\/p>\n<h3>#3 \u2014 Optimiser la fid\u00e9lisation des salari\u00e9s<\/h3>\n<p>En allant au-del\u00e0 de ce \u00e0 quoi la loi l\u2019oblige, l\u2019entreprise d\u00e9montre qu\u2019elle agit vraiment pour que ses salari\u00e9s se sentent bien dans leur emploi. <strong>Ce geste positif renforce le sentiment de loyaut\u00e9 des salari\u00e9s envers leur entreprise<\/strong>. Cela peut se traduire par une r\u00e9duction du turn-over, ce qui permettra de mieux contenir les co\u00fbts de recrutement, mais aussi de formation de nouvelles recrues.<\/p>\n<h2>Ce qu\u2019il faut retenir du cong\u00e9 d\u00e9m\u00e9nagement<\/h2>\n<p>Qu\u2019il s\u2019agisse d\u2019un d\u00e9m\u00e9nagement pour raisons personnelles ou professionnelles, un d\u00e9m\u00e9nagement est bien souvent un moment stressant pour le salari\u00e9. Pour r\u00e9duire ce stress,<strong> les entreprises ont int\u00e9r\u00eat \u00e0 proposer et prendre en charge un cong\u00e9 d\u00e9m\u00e9nagement afin de limiter l\u2019impact financier et la charge mentale li\u00e9e \u00e0 cet \u00e9v\u00e9nement.\u00a0<\/strong><\/p>\n<p>En outre, proposer ce type de cong\u00e9 alors que la loi ne la contraint pas permet \u00e0 l\u2019entreprise de d\u00e9montrer sa consid\u00e9ration pour la question du bien-\u00eatre de ses salari\u00e9s, ce qui \u00e0 terme renforce son attractivit\u00e9 et sa marque employeur.<\/p>\n<h2>\ud83d\udda5\ufe0f D\u00e9couvrez comment g\u00e9rer l\u2019ensemble des cong\u00e9s de vos salari\u00e9s sur Factorial, votre logiciel RH tout-en-un. <a href=\"https:\/\/factorial.fr\/get-started\">R\u00e9servez imm\u00e9diatement votre essai offert<\/a>.<\/h2>\n","protected":false},"excerpt":{"rendered":"<p>Le d\u00e9m\u00e9nagement, qu\u2019il soit pour des raisons personnelles ou professionnelles, repr\u00e9sente un v\u00e9ritable d\u00e9fi logistique. Il est souvent n\u00e9cessaire de se lib\u00e9rer un ou deux jours afin d\u2019aborder sereinement son d\u00e9m\u00e9nagement. Par cons\u00e9quent, b\u00e9n\u00e9ficier d\u2019un cong\u00e9 pris en charge par son employeur peut \u00eatre une excellente chose. Cependant, le Code du travail ne pr\u00e9voit pas<a href=\"https:\/\/factorial.fr\/blog\/conge-demenagement\/\" class=\"read-more\"> [&#8230;]<\/a><\/p>\n","protected":false},"author":203,"featured_media":108380,"comment_status":"closed","ping_status":"closed","sticky":false,"template":"","format":"standard","meta":{"_acf_changed":false,"footnotes":""},"categories":[450,863],"tags":[],"class_list":["post-108379","post","type-post","status-publish","format-standard","has-post-thumbnail","hentry","category-conges-absences","category-temps"],"acf":{"topics":"time-time-off"},"yoast_head":"<!-- This site is optimized with the Yoast SEO Premium plugin v21.5 (Yoast SEO v21.9.1) - https:\/\/yoast.com\/wordpress\/plugins\/seo\/ -->\n<title>Cong\u00e9 d\u00e9m\u00e9nagement : Que dit la loi ? | Factorial<\/title>\n<meta name=\"description\" content=\"D\u00e9couvrez ce que dit la loi au sujet du cong\u00e9 d\u00e9m\u00e9nagement dans le secteur priv\u00e9 et dans le public ? Quels avantages pour l\u2019entreprise ?\" \/>\n<meta name=\"robots\" content=\"index, follow, max-snippet:-1, max-image-preview:large, max-video-preview:-1\" \/>\n<link rel=\"canonical\" href=\"https:\/\/factorial.fr\/blog\/conge-demenagement\/\" \/>\n<meta property=\"og:locale\" content=\"fr_FR\" \/>\n<meta property=\"og:type\" content=\"article\" \/>\n<meta property=\"og:title\" content=\"Cong\u00e9 d\u00e9m\u00e9nagement : que pr\u00e9voit la loi\u2009?\" \/>\n<meta property=\"og:description\" content=\"D\u00e9couvrez ce que dit la loi au sujet du cong\u00e9 d\u00e9m\u00e9nagement dans le secteur priv\u00e9 et dans le public ? Quels avantages pour l\u2019entreprise ?\" \/>\n<meta property=\"og:url\" content=\"https:\/\/factorial.fr\/blog\/conge-demenagement\/\" \/>\n<meta property=\"og:site_name\" content=\"Factorial\" \/>\n<meta property=\"article:publisher\" content=\"https:\/\/www.facebook.com\/people\/Factorial\/100064908455810\/\" \/>\n<meta property=\"article:published_time\" content=\"2023-06-24T20:37:38+00:00\" \/>\n<meta property=\"article:modified_time\" content=\"2026-02-17T11:17:12+00:00\" \/>\n<meta property=\"og:image\" content=\"https:\/\/factorial.fr\/wp-content\/uploads\/2023\/06\/24223719\/conge-demenagement.jpg\" \/>\n\t<meta property=\"og:image:width\" content=\"1112\" \/>\n\t<meta property=\"og:image:height\" content=\"536\" \/>\n\t<meta property=\"og:image:type\" content=\"image\/jpeg\" \/>\n<meta name=\"author\" content=\"Anais Gibert\" \/>\n<meta name=\"twitter:card\" content=\"summary_large_image\" \/>\n<meta name=\"twitter:creator\" content=\"@factorialapp\" \/>\n<meta name=\"twitter:site\" content=\"@factorialapp\" \/>\n<meta name=\"twitter:label1\" content=\"Written by\" \/>\n\t<meta name=\"twitter:data1\" content=\"Anais Gibert\" \/>\n\t<meta name=\"twitter:label2\" content=\"Est. reading time\" \/>\n\t<meta name=\"twitter:data2\" content=\"6 minutes\" \/>\n<script type=\"application\/ld+json\" class=\"yoast-schema-graph\">{\"@context\":\"https:\/\/schema.org\",\"@graph\":[{\"@type\":\"Article\",\"@id\":\"https:\/\/factorial.fr\/blog\/conge-demenagement\/#article\",\"isPartOf\":{\"@id\":\"https:\/\/factorial.fr\/blog\/conge-demenagement\/\"},\"author\":{\"name\":\"Anais Gibert\",\"@id\":\"https:\/\/factorial.fr\/blog\/#\/schema\/person\/4ba266d4a12922995d360e0cff44a50d\"},\"headline\":\"Cong\u00e9 d\u00e9m\u00e9nagement : que pr\u00e9voit la loi\u2009?\",\"datePublished\":\"2023-06-24T20:37:38+00:00\",\"dateModified\":\"2026-02-17T11:17:12+00:00\",\"mainEntityOfPage\":{\"@id\":\"https:\/\/factorial.fr\/blog\/conge-demenagement\/\"},\"wordCount\":1519,\"publisher\":{\"@id\":\"https:\/\/factorial.fr\/blog\/#organization\"},\"articleSection\":[\"Cong\u00e9s et absences\",\"Gestion du temps\"],\"inLanguage\":\"fr-FR\"},{\"@type\":\"WebPage\",\"@id\":\"https:\/\/factorial.fr\/blog\/conge-demenagement\/\",\"url\":\"https:\/\/factorial.fr\/blog\/conge-demenagement\/\",\"name\":\"Cong\u00e9 d\u00e9m\u00e9nagement : Que dit la loi ? | Factorial\",\"isPartOf\":{\"@id\":\"https:\/\/factorial.fr\/blog\/#website\"},\"datePublished\":\"2023-06-24T20:37:38+00:00\",\"dateModified\":\"2026-02-17T11:17:12+00:00\",\"description\":\"D\u00e9couvrez ce que dit la loi au sujet du cong\u00e9 d\u00e9m\u00e9nagement dans le secteur priv\u00e9 et dans le public ? Quels avantages pour l\u2019entreprise ?\",\"inLanguage\":\"fr-FR\",\"potentialAction\":[{\"@type\":\"ReadAction\",\"target\":[\"https:\/\/factorial.fr\/blog\/conge-demenagement\/\"]}]},{\"@type\":\"WebSite\",\"@id\":\"https:\/\/factorial.fr\/blog\/#website\",\"url\":\"https:\/\/factorial.fr\/blog\/\",\"name\":\"Factorial\",\"description\":\"\",\"publisher\":{\"@id\":\"https:\/\/factorial.fr\/blog\/#organization\"},\"potentialAction\":[{\"@type\":\"SearchAction\",\"target\":{\"@type\":\"EntryPoint\",\"urlTemplate\":\"https:\/\/factorial.fr\/blog\/?s={search_term_string}\"},\"query-input\":\"required name=search_term_string\"}],\"inLanguage\":\"fr-FR\"},{\"@type\":\"Organization\",\"@id\":\"https:\/\/factorial.fr\/blog\/#organization\",\"name\":\"All-in-one business management software - Factorial\",\"url\":\"https:\/\/factorial.fr\/blog\/\",\"logo\":{\"@type\":\"ImageObject\",\"inLanguage\":\"fr-FR\",\"@id\":\"https:\/\/factorial.fr\/blog\/#\/schema\/logo\/image\/\",\"url\":\"https:\/\/factorial.fr\/wp-content\/uploads\/2023\/07\/18155144\/factorial-logo.png\",\"contentUrl\":\"https:\/\/factorial.fr\/wp-content\/uploads\/2023\/07\/18155144\/factorial-logo.png\",\"width\":946,\"height\":880,\"caption\":\"All-in-one business management software - Factorial\"},\"image\":{\"@id\":\"https:\/\/factorial.fr\/blog\/#\/schema\/logo\/image\/\"},\"sameAs\":[\"https:\/\/www.facebook.com\/people\/Factorial\/100064908455810\/\",\"https:\/\/twitter.com\/factorialapp\",\"https:\/\/www.linkedin.com\/company\/factorialhr\",\"https:\/\/www.youtube.com\/@factorialmedia\",\"https:\/\/www.instagram.com\/factorial\/#\"]},{\"@type\":\"Person\",\"@id\":\"https:\/\/factorial.fr\/blog\/#\/schema\/person\/4ba266d4a12922995d360e0cff44a50d\",\"name\":\"Anais Gibert\",\"image\":{\"@type\":\"ImageObject\",\"inLanguage\":\"fr-FR\",\"@id\":\"https:\/\/factorial.fr\/blog\/#\/schema\/person\/image\/\",\"url\":\"https:\/\/secure.gravatar.com\/avatar\/a5f2bfaa280f80e95a51236c6e8d08b6?s=96&d=identicon&r=g\",\"contentUrl\":\"https:\/\/secure.gravatar.com\/avatar\/a5f2bfaa280f80e95a51236c6e8d08b6?s=96&d=identicon&r=g\",\"caption\":\"Anais Gibert\"},\"description\":\"Ana\u00efs est responsable du contenu chez Factorial. Avec sa curiosit\u00e9 insatiable et son amour pour l'apprentissage continu, elle est constamment \u00e0 l'aff\u00fbt des derni\u00e8res tendances et des meilleures pratiques en mati\u00e8re de ressources humaines. Son objectif est de fournir des informations pr\u00e9cieuses, des conseils pratiques et des ressources utiles aux professionnels des RH, afin de les aider \u00e0 optimiser leur gestion des talents, \u00e0 promouvoir la qualit\u00e9 de vie au travail et \u00e0 cr\u00e9er des environnements de travail positifs.\",\"sameAs\":[\"https:\/\/es.linkedin.com\/in\/anasgibert\"],\"url\":\"https:\/\/factorial.fr\/blog\/author\/anaisgibert\/\"}]}<\/script>\n<!-- \/ Yoast SEO Premium plugin. -->","yoast_head_json":{"title":"Cong\u00e9 d\u00e9m\u00e9nagement : Que dit la loi ? | Factorial","description":"D\u00e9couvrez ce que dit la loi au sujet du cong\u00e9 d\u00e9m\u00e9nagement dans le secteur priv\u00e9 et dans le public ? Quels avantages pour l\u2019entreprise ?","robots":{"index":"index","follow":"follow","max-snippet":"max-snippet:-1","max-image-preview":"max-image-preview:large","max-video-preview":"max-video-preview:-1"},"canonical":"https:\/\/factorial.fr\/blog\/conge-demenagement\/","og_locale":"fr_FR","og_type":"article","og_title":"Cong\u00e9 d\u00e9m\u00e9nagement : que pr\u00e9voit la loi\u2009?","og_description":"D\u00e9couvrez ce que dit la loi au sujet du cong\u00e9 d\u00e9m\u00e9nagement dans le secteur priv\u00e9 et dans le public ? Quels avantages pour l\u2019entreprise ?","og_url":"https:\/\/factorial.fr\/blog\/conge-demenagement\/","og_site_name":"Factorial","article_publisher":"https:\/\/www.facebook.com\/people\/Factorial\/100064908455810\/","article_published_time":"2023-06-24T20:37:38+00:00","article_modified_time":"2026-02-17T11:17:12+00:00","og_image":[{"width":1112,"height":536,"url":"https:\/\/factorial.fr\/wp-content\/uploads\/2023\/06\/24223719\/conge-demenagement.jpg","type":"image\/jpeg"}],"author":"Anais Gibert","twitter_card":"summary_large_image","twitter_creator":"@factorialapp","twitter_site":"@factorialapp","twitter_misc":{"Written by":"Anais Gibert","Est. reading time":"6 minutes"},"schema":{"@context":"https:\/\/schema.org","@graph":[{"@type":"Article","@id":"https:\/\/factorial.fr\/blog\/conge-demenagement\/#article","isPartOf":{"@id":"https:\/\/factorial.fr\/blog\/conge-demenagement\/"},"author":{"name":"Anais Gibert","@id":"https:\/\/factorial.fr\/blog\/#\/schema\/person\/4ba266d4a12922995d360e0cff44a50d"},"headline":"Cong\u00e9 d\u00e9m\u00e9nagement : que pr\u00e9voit la loi\u2009?","datePublished":"2023-06-24T20:37:38+00:00","dateModified":"2026-02-17T11:17:12+00:00","mainEntityOfPage":{"@id":"https:\/\/factorial.fr\/blog\/conge-demenagement\/"},"wordCount":1519,"publisher":{"@id":"https:\/\/factorial.fr\/blog\/#organization"},"articleSection":["Cong\u00e9s et absences","Gestion du temps"],"inLanguage":"fr-FR"},{"@type":"WebPage","@id":"https:\/\/factorial.fr\/blog\/conge-demenagement\/","url":"https:\/\/factorial.fr\/blog\/conge-demenagement\/","name":"Cong\u00e9 d\u00e9m\u00e9nagement : Que dit la loi ? | Factorial","isPartOf":{"@id":"https:\/\/factorial.fr\/blog\/#website"},"datePublished":"2023-06-24T20:37:38+00:00","dateModified":"2026-02-17T11:17:12+00:00","description":"D\u00e9couvrez ce que dit la loi au sujet du cong\u00e9 d\u00e9m\u00e9nagement dans le secteur priv\u00e9 et dans le public ? Quels avantages pour l\u2019entreprise ?","inLanguage":"fr-FR","potentialAction":[{"@type":"ReadAction","target":["https:\/\/factorial.fr\/blog\/conge-demenagement\/"]}]},{"@type":"WebSite","@id":"https:\/\/factorial.fr\/blog\/#website","url":"https:\/\/factorial.fr\/blog\/","name":"Factorial","description":"","publisher":{"@id":"https:\/\/factorial.fr\/blog\/#organization"},"potentialAction":[{"@type":"SearchAction","target":{"@type":"EntryPoint","urlTemplate":"https:\/\/factorial.fr\/blog\/?s={search_term_string}"},"query-input":"required name=search_term_string"}],"inLanguage":"fr-FR"},{"@type":"Organization","@id":"https:\/\/factorial.fr\/blog\/#organization","name":"All-in-one business management software - Factorial","url":"https:\/\/factorial.fr\/blog\/","logo":{"@type":"ImageObject","inLanguage":"fr-FR","@id":"https:\/\/factorial.fr\/blog\/#\/schema\/logo\/image\/","url":"https:\/\/factorial.fr\/wp-content\/uploads\/2023\/07\/18155144\/factorial-logo.png","contentUrl":"https:\/\/factorial.fr\/wp-content\/uploads\/2023\/07\/18155144\/factorial-logo.png","width":946,"height":880,"caption":"All-in-one business management software - Factorial"},"image":{"@id":"https:\/\/factorial.fr\/blog\/#\/schema\/logo\/image\/"},"sameAs":["https:\/\/www.facebook.com\/people\/Factorial\/100064908455810\/","https:\/\/twitter.com\/factorialapp","https:\/\/www.linkedin.com\/company\/factorialhr","https:\/\/www.youtube.com\/@factorialmedia","https:\/\/www.instagram.com\/factorial\/#"]},{"@type":"Person","@id":"https:\/\/factorial.fr\/blog\/#\/schema\/person\/4ba266d4a12922995d360e0cff44a50d","name":"Anais Gibert","image":{"@type":"ImageObject","inLanguage":"fr-FR","@id":"https:\/\/factorial.fr\/blog\/#\/schema\/person\/image\/","url":"https:\/\/secure.gravatar.com\/avatar\/a5f2bfaa280f80e95a51236c6e8d08b6?s=96&d=identicon&r=g","contentUrl":"https:\/\/secure.gravatar.com\/avatar\/a5f2bfaa280f80e95a51236c6e8d08b6?s=96&d=identicon&r=g","caption":"Anais Gibert"},"description":"Ana\u00efs est responsable du contenu chez Factorial. Avec sa curiosit\u00e9 insatiable et son amour pour l'apprentissage continu, elle est constamment \u00e0 l'aff\u00fbt des derni\u00e8res tendances et des meilleures pratiques en mati\u00e8re de ressources humaines. Son objectif est de fournir des informations pr\u00e9cieuses, des conseils pratiques et des ressources utiles aux professionnels des RH, afin de les aider \u00e0 optimiser leur gestion des talents, \u00e0 promouvoir la qualit\u00e9 de vie au travail et \u00e0 cr\u00e9er des environnements de travail positifs.","sameAs":["https:\/\/es.linkedin.com\/in\/anasgibert"],"url":"https:\/\/factorial.fr\/blog\/author\/anaisgibert\/"}]}},"_links":{"self":[{"href":"https:\/\/factorial.fr\/blog\/wp-json\/wp\/v2\/posts\/108379"}],"collection":[{"href":"https:\/\/factorial.fr\/blog\/wp-json\/wp\/v2\/posts"}],"about":[{"href":"https:\/\/factorial.fr\/blog\/wp-json\/wp\/v2\/types\/post"}],"author":[{"embeddable":true,"href":"https:\/\/factorial.fr\/blog\/wp-json\/wp\/v2\/users\/203"}],"replies":[{"embeddable":true,"href":"https:\/\/factorial.fr\/blog\/wp-json\/wp\/v2\/comments?post=108379"}],"version-history":[{"count":7,"href":"https:\/\/factorial.fr\/blog\/wp-json\/wp\/v2\/posts\/108379\/revisions"}],"predecessor-version":[{"id":181306,"href":"https:\/\/factorial.fr\/blog\/wp-json\/wp\/v2\/posts\/108379\/revisions\/181306"}],"wp:featuredmedia":[{"embeddable":true,"href":"https:\/\/factorial.fr\/blog\/wp-json\/wp\/v2\/media\/108380"}],"wp:attachment":[{"href":"https:\/\/factorial.fr\/blog\/wp-json\/wp\/v2\/media?parent=108379"}],"wp:term":[{"taxonomy":"category","embeddable":true,"href":"https:\/\/factorial.fr\/blog\/wp-json\/wp\/v2\/categories?post=108379"},{"taxonomy":"post_tag","embeddable":true,"href":"https:\/\/factorial.fr\/blog\/wp-json\/wp\/v2\/tags?post=108379"}],"curies":[{"name":"wp","href":"https:\/\/api.w.org\/{rel}","templated":true}]}}