{"id":105353,"date":"2023-06-01T10:52:36","date_gmt":"2023-06-01T08:52:36","guid":{"rendered":"https:\/\/factorialhr.com\/blog\/?p=105353"},"modified":"2025-05-06T01:38:14","modified_gmt":"2025-05-05T23:38:14","slug":"fete-des-meres-entreprise","status":"publish","type":"post","link":"https:\/\/factorial.fr\/blog\/fete-des-meres-entreprise\/","title":{"rendered":"Comment c\u00e9l\u00e9brer la F\u00eate des M\u00e8res en entreprise ?"},"content":{"rendered":"<p>La F\u00eate des M\u00e8res est une belle occasion d\u2019honorer,<strong> de remercier et de c\u00e9l\u00e9brer les m\u00e8res du monde entier<\/strong> pour leur amour, leur d\u00e9vouement et leur soutien inconditionnel !<\/p>\n<p>Chaque ann\u00e9e, ce jour a une signification particuli\u00e8re dans nos vies et surtout, il repr\u00e9sente l\u2019opportunit\u00e9 de reconna\u00eetre le r\u00f4le essentiel des m\u00e8res dans notre soci\u00e9t\u00e9. M\u00eame si cette f\u00eate rel\u00e8ve plut\u00f4t du cadre priv\u00e9, <strong>il est tout \u00e0 fait possible de la transposer au sein de l&rsquo;environnement professionnel et donc dans votre entreprise.\u00a0<\/strong><\/p>\n<p>Dans le monde du travail, les m\u00e8res jouent un r\u00f4le crucial dans le sens o\u00f9 elles sont amen\u00e9es \u00e0 jongler entre leurs responsabilit\u00e9s professionnelles et familiales, toujours avec brio ! Leur pr\u00e9sence et leur contribution enrichissent les entreprises tout en apportant un \u00e9quilibre et une <a href=\"https:\/\/factorial.fr\/blog\/diversite-entreprise\/\">diversit\u00e9<\/a> qui sont essentiels.<\/p>\n<p>Voil\u00e0 pourquoi de nombreuses entreprises cherchent \u00e0 organiser un \u00e9v\u00e9nement \u00e0 l\u2019occasion de la F\u00eate des M\u00e8res pour <strong>mettre un point d\u2019honneur \u00e0 cette journ\u00e9e sp\u00e9ciale consacr\u00e9e \u00e0 ces femmes si importantes.\u00a0<\/strong><\/p>\n<p>Dans cet article, nous allons vous pr\u00e9senter quelques id\u00e9es pour c\u00e9l\u00e9brer la F\u00eate des M\u00e8res en entreprise. Nous verrons aussi comment sensibiliser les collaborateurs \u00e0 l&rsquo;importance de cette journ\u00e9e, quelles animations organiser et comment impliquer les enfants dans ces festivit\u00e9s professionnelles.<\/p>\n<p><a href=\"https:\/\/factorial.fr\/get-started\"><img decoding=\"async\" class=\"alignnone wp-image-100435 size-full\" src=\"https:\/\/factorial.fr\/wp-content\/uploads\/2023\/04\/25181201\/logiciel-rh-min.png\" alt=\"logiciel rh\" width=\"900\" height=\"308\" srcset=\"https:\/\/factorial.fr\/wp-content\/uploads\/2023\/04\/25181201\/logiciel-rh-min.png 900w, https:\/\/factorial.fr\/wp-content\/uploads\/2023\/04\/25181201\/logiciel-rh-min-300x103.png 300w, https:\/\/factorial.fr\/wp-content\/uploads\/2023\/04\/25181201\/logiciel-rh-min-768x263.png 768w\" sizes=\"(max-width: 900px) 100vw, 900px\" \/><\/a><\/p>\n<div class=\"js-toc toc\">\n<p class=\"js-toc-title toc__title\">Table des mati\u00e8res<\/p>\n<nav id=\"fac_toc_nav\" class=\"js-toc-nav toc__nav\" aria-label=\"Table des mati\u00e8res\"><ol class=\"toc__list toc__list--level-1\"><li class=\"toc-heading-level-2\"><a class=\"toc__link toc-link-heading-1\" href=\"https:\/\/factorial.fr\/blog\/fete-des-meres-entreprise\/#sensibiliser-les-collaborateurs-a-l&#039;importance-de-la-fete-des-meres\" title=\"Sensibiliser les collaborateurs \u00e0 l&#039;importance de la F\u00eate des M\u00e8res\" data-target-id=\"sensibiliser-les-collaborateurs-a-l&#039;importance-de-la-fete-des-meres\">Sensibiliser les collaborateurs \u00e0 l'importance de la F\u00eate des M\u00e8res<\/a><\/li><li class=\"toc-heading-level-2\"><a class=\"toc__link toc-link-heading-2\" href=\"https:\/\/factorial.fr\/blog\/fete-des-meres-entreprise\/#quelques-idees-d&#039;animations-pour-celebrer-la-fete-des-meres-en-entreprise\" title=\"Quelques id\u00e9es d&#039;animations pour c\u00e9l\u00e9brer la F\u00eate des M\u00e8res en entreprise\" data-target-id=\"quelques-idees-d&#039;animations-pour-celebrer-la-fete-des-meres-en-entreprise\">Quelques id\u00e9es d'animations pour c\u00e9l\u00e9brer la F\u00eate des M\u00e8res en entreprise<\/a><\/li><li class=\"toc-heading-level-2\"><a class=\"toc__link toc-link-heading-3\" href=\"https:\/\/factorial.fr\/blog\/fete-des-meres-entreprise\/#offrir-des-cadeaux-pour-les-meres-employees\" title=\"Offrir des cadeaux pour les m\u00e8res employ\u00e9es\" data-target-id=\"offrir-des-cadeaux-pour-les-meres-employees\">Offrir des cadeaux pour les m\u00e8res employ\u00e9es<\/a><\/li><li class=\"toc-heading-level-2\"><a class=\"toc__link toc-link-heading-4\" href=\"https:\/\/factorial.fr\/blog\/fete-des-meres-entreprise\/#impliquer-les-enfants-des-employes\" title=\"Impliquer les enfants des employ\u00e9s\" data-target-id=\"impliquer-les-enfants-des-employes\">Impliquer les enfants des employ\u00e9s<\/a><\/li><\/ol><\/nav><\/div>\n<h2>Sensibiliser les collaborateurs \u00e0 l&rsquo;importance de la F\u00eate des M\u00e8res<\/h2>\n<p>La c\u00e9l\u00e9bration de la F\u00eate des M\u00e8res en entreprise a une signification profonde et m\u00e9rite d&rsquo;\u00eatre pleinement v\u00e9cue par l\u2019ensemble des collaborateurs.<\/p>\n<p>Cette f\u00eate repr\u00e9sente <strong>une occasion privil\u00e9gi\u00e9e d\u2019exprimer de la gratitude envers les femmes qui nous ont donn\u00e9 la vie et ont contribu\u00e9 \u00e0 notre \u00e9panouissement<\/strong>. En c\u00e9l\u00e9brant cette journ\u00e9e en entreprise, vous cr\u00e9ez un environnement o\u00f9 les employ\u00e9s sont encourag\u00e9s \u00e0<strong> reconna\u00eetre l\u2019importance de la figure maternelle<\/strong> et \u00e0 avoir de la reconnaissance vis-\u00e0-vis des m\u00e8res. \u00c0 travers cet \u00e9v\u00e9nement, l\u2019id\u00e9e est de renforcer les liens entre coll\u00e8gues, cr\u00e9er une atmosph\u00e8re positive et chaleureuse afin qu\u2019elle contribue au bien-\u00eatre g\u00e9n\u00e9ral des individus.<\/p>\n<p>La c\u00e9l\u00e9bration de la F\u00eate des M\u00e8res en entreprise pr\u00e9sente de nombreux avantages.<\/p>\n<p>Tout d&rsquo;abord, cela <strong>cr\u00e9e un sentiment d&rsquo;appartenance et de solidarit\u00e9<\/strong>. En reconnaissant le r\u00f4le des m\u00e8res dans le milieu professionnel, un climat de respect et de soutien mutuel au sein de l&rsquo;entreprise est instaur\u00e9.<\/p>\n<p>De plus, la c\u00e9l\u00e9bration de la F\u00eate des M\u00e8res contribue au bien-\u00eatre des employ\u00e9s. En reconnaissant et en honorant le d\u00e9vouement des m\u00e8res employ\u00e9es, elles se sentent valoris\u00e9es et reconnues. Les r\u00e9percussions positives sont au rendez-vous : motivation, satisfaction au travail et environnement propice \u00e0 l&rsquo;\u00e9panouissement.<\/p>\n<p>En ce jour particulier, il est important de rappeler le r\u00f4le crucial que les m\u00e8res jouent, et ce tant dans la vie professionnelle que personnelle. Jongler avec les responsabilit\u00e9s familiales tout en r\u00e9ussissant brillamment dans sa carri\u00e8re n\u2019est pas donn\u00e9 \u00e0 tout le monde ! Leur capacit\u00e9 \u00e0 concilier ces deux aspects de leur vie est une vraie source d&rsquo;inspiration et m\u00e9rite d&rsquo;\u00eatre soulign\u00e9e.<\/p>\n<p>En amont de cette f\u00eate, n\u2019h\u00e9sitez pas \u00e0 communiquer sur le programme de cette journ\u00e9e aupr\u00e8s de l\u2019ensemble des collaborateurs en utilisant par exemple un <a href=\"https:\/\/factorial.fr\/hr-software\">logiciel RH<\/a> comme Factorial.<\/p>\n<p>\ud83d\udc49\ud83c\udffb <strong><a href=\"https:\/\/factorial.fr\/demander-demo\">Demandez votre d\u00e9mo gratuite d\u00e8s maintenant !<\/a><\/strong><\/p>\n<h2>Quelques id\u00e9es d&rsquo;animations pour c\u00e9l\u00e9brer la F\u00eate des M\u00e8res en entreprise<\/h2>\n<p>Cet \u00e9v\u00e9nement est une bonne occasion pour cr\u00e9er des moments m\u00e9morables partag\u00e9s au sein de l\u2019entreprise, tout comme la <a href=\"https:\/\/factorial.fr\/blog\/noel-entreprise\/\">F\u00eate de No\u00ebl<\/a>. Voici quelques id\u00e9es d&rsquo;animations qui peuvent \u00eatre organis\u00e9es en entreprise pour c\u00e9l\u00e9brer cette journ\u00e9e.<\/p>\n<h3>Proposer des activit\u00e9s ludiques et cr\u00e9atives<\/h3>\n<p>Un incontournable de la F\u00eate des M\u00e8res est la <strong>carte personnalis\u00e9e<\/strong>. Vous pouvez mettre \u00e0 disposition du mat\u00e9riel d\u2019arts plastiques pour que les collaborateurs puissent cr\u00e9er eux-m\u00eames des cartes pour leurs m\u00e8res ou pour les m\u00e8res de leurs coll\u00e8gues selon leurs envies et inspirations ! Une belle occasion de retomber en enfance\u2026<\/p>\n<p>Proposez aussi des <strong>ateliers<\/strong> dans lesquels ils pourront laisser parler leur cr\u00e9ativit\u00e9 en concevant des petits cadeaux originaux et personnalis\u00e9s tels que des bijoux, des cadres photo, des badges, des cosm\u00e9tiques, des savons ou des bougies parfum\u00e9es.<\/p>\n<h3>Organiser des concours, jeux et ateliers<\/h3>\n<p>Pour que chacun puisse mettre la main \u00e0 la p\u00e2te, organisez un <strong>concours de cuisine<\/strong>. Vous pouvez inviter vos collaborateurs \u00e0 partager leurs meilleures recettes de plats ou desserts traditionnels qui proviennent par exemple de leur r\u00e9gion ou de leur pays d&rsquo;origine. Ce type d\u2019activit\u00e9 est une excellente occasion pour partager les savoirs culinaires, m\u00e9langer les cultures et d\u00e9guster ensemble de d\u00e9licieux mets dans la joie et la bonne humeur !<\/p>\n<p>Afin de tester la culture des employ\u00e9s sur les m\u00e8res, vous pouvez \u00e9galement imaginer un <strong>questionnaire sur le th\u00e8me de la maternit\u00e9.<\/strong> Ce quiz peut inclure des questions sur les m\u00e8res c\u00e9l\u00e8bres, les films qui mettent en sc\u00e8ne des m\u00e8res ou encore des anecdotes m\u00e9diatis\u00e9es li\u00e9es \u00e0 la parentalit\u00e9 : libre cours \u00e0 votre imagination.<\/p>\n<p>Autre id\u00e9e : un petit <strong>atelier en lien avec le bien-\u00eatre<\/strong> ! Proposez des ateliers cocooning ax\u00e9s sur le bien-\u00eatre et la d\u00e9tente avec au programme des s\u00e9ances de yoga, de m\u00e9ditation ou des massages \u00e0 destination des m\u00e8res !<\/p>\n<h3>Partager un d\u00e9jeuner, un cocktail ou un ap\u00e9ritif dinatoire<\/h3>\n<p>Pour marquer le coup le jour de la F\u00eate des M\u00e8res, <strong>pr\u00e9voyez un repas sp\u00e9cial ou un petit ap\u00e9ritif dinatoire \u00e0 partager dans une ambiance conviviale<\/strong>. Vous pouvez \u00e9galement inviter des intervenants ext\u00e9rieurs pour donner des discours inspirants sur les m\u00e8res, la place de la femme dans l\u2019entreprise ou encore <a href=\"https:\/\/www.lexpress.fr\/economie\/emploi\/management\/l-equilibre-travail-famille-un-enjeu-central-pour-l-entreprise_1717758.html\">l&rsquo;\u00e9quilibre travail-famille<\/a> pour une jeune maman.<\/p>\n<p>Si votre budget le permet, pourquoi ne pas pr\u00e9voir un repas \u201cSp\u00e9cial F\u00eate des M\u00e8res\u201d au restaurant avec une petite surprise sp\u00e9ciale pour chaque femme qui est ou va devenir m\u00e8re. Tout le monde sera ravi d\u2019y participer et les mamans se sentiront valoris\u00e9es en cette journ\u00e9e qui est la leur.<\/p>\n<h2>Offrir des cadeaux pour les m\u00e8res employ\u00e9es<\/h2>\n<p>Reconna\u00eetre la contribution des m\u00e8res au sein de l\u2019entreprise peut les aider \u00e0 renforcer leur engagement et leur motivation dans leur quotidien professionnel, et plus particuli\u00e8rement dans un monde o\u00f9 certaines femmes peuvent se sentir oubli\u00e9es, devenant parfois m\u00eame victimes d\u2019in\u00e9galit\u00e9s ou de discrimination.<\/p>\n<p>Pour les g\u00e2ter en ce jour particulier, vous pouvez offrir des <a href=\"https:\/\/www.cadeaux.com\/cadeau-fete-des-meres\">cadeaux personnalis\u00e9s et symboliques<\/a> aux m\u00e8res employ\u00e9es comme <strong>des fleurs ou des chocolats mais \u00e9galement des petits objets du quotidien comme une tasse, un carnet, un stylo, une bougie\u2026<\/strong><\/p>\n<p>Il est \u00e9galement important de souligner <a href=\"https:\/\/factorial.fr\/blog\/inclusion-entreprise-recrutement\/\">l&rsquo;importance de l&rsquo;inclusion<\/a> en pr\u00e9voyant des cadeaux pour toutes les formes de parentalit\u00e9, y compris les p\u00e8res, les grands-parents, les tuteurs, etc.<\/p>\n<p>Pour cela, vous pouvez proposer des cadeaux tels que des cartes cadeaux, bons de cin\u00e9ma afin de les encourager \u00e0 passer un moment en famille ou des abonnements \u00e0 des activit\u00e9s culturelles dont tout le monde pourra profiter.<\/p>\n<h2>Impliquer les enfants des employ\u00e9s<\/h2>\n<p>C\u00e9l\u00e9brer la F\u00eate des M\u00e8res en entreprise peut \u00eatre <strong>une excellente occasion d&rsquo;impliquer les enfants des employ\u00e9s dans la convivialit\u00e9 et le partage.\u00a0<\/strong><\/p>\n<h3>Organiser des activit\u00e9s sp\u00e9ciales pour les enfants<\/h3>\n<p>\u00c0 l\u2019occasion de la F\u00eate des M\u00e8res, pourquoi ne pas <strong>autoriser les enfants \u00e0 venir passer la journ\u00e9e au sein de l\u2019entreprise<\/strong> ? Il peut \u00eatre tr\u00e8s plaisant pour les parents de les avoir aupr\u00e8s d\u2019eux. Inversement, les enfants peuvent \u00eatre int\u00e9ress\u00e9s par la d\u00e9couverte du monde de l\u2019entreprise !<\/p>\n<p>Voici quelques id\u00e9es d\u2019activit\u00e9s destin\u00e9es aux enfants qui peuvent prendre place au sein des locaux professionnels :<\/p>\n<ul>\n<li aria-level=\"1\">des <strong>spectacles<\/strong> o\u00f9 les enfants peuvent exprimer leur talent, que ce soit par le biais de la danse, du chant, du th\u00e9\u00e2tre ou d&rsquo;autres formes d&rsquo;expression artistique.<\/li>\n<li aria-level=\"1\">des <strong>jeux et animations<\/strong> en tenant compte des diff\u00e9rentes tranches d\u2019\u00e2ge des enfants pr\u00e9sents, comme des chasses au tr\u00e9sor, des jeux de soci\u00e9t\u00e9 ou des activit\u00e9s sportives. Ces activit\u00e9s permettront aux enfants de s&rsquo;amuser et m\u00eame de se faire de nouveaux camarades !<\/li>\n<li aria-level=\"1\">des <strong>ateliers cr\u00e9atifs<\/strong> dans lesquels les enfants peuvent laisser libre cours \u00e0 leur cr\u00e9ativit\u00e9 et confectionner des petits cadeaux ou des cartes pour leur maman ch\u00e9rie.<\/li>\n<\/ul>\n<p>Des ateliers et activit\u00e9s o\u00f9 les parents et leurs enfants peuvent s\u2019amuser ensemble sont \u00e9galement tr\u00e8s appr\u00e9ci\u00e9s !<\/p>\n<h3>Valoriser les enfants \u00e0 travers leurs talents et r\u00e9alisations<\/h3>\n<p>Pour valoriser l\u2019implication des enfants et rendre les parents fiers de leurs prog\u00e9nitures, pr\u00e9voyez un petit <strong>temps de pr\u00e9sentation suite aux ateliers.\u00a0<\/strong><\/p>\n<p>Offrez aux enfants l&rsquo;opportunit\u00e9 de montrer leurs r\u00e9alisations, qu&rsquo;il s&rsquo;agisse de dessins, de po\u00e8mes ou d&rsquo;autres cr\u00e9ations.<\/p>\n<p>Vous pouvez \u00e9galement mettre en place des concours et des expositions o\u00f9 les enfants peuvent pr\u00e9senter leurs talents artistiques et leurs r\u00e9alisations manuelles.<\/p>\n<p>En impliquant les enfants des employ\u00e9s, <strong>vous cr\u00e9ez une atmosph\u00e8re familiale chaleureuse et favorisez la rencontre entre la sph\u00e8re professionnelle et la vie familiale<\/strong>. Ces moments de partage et de c\u00e9l\u00e9bration permettent aux employ\u00e9s de cr\u00e9er des souvenirs pr\u00e9cieux avec leurs enfants tout en renfor\u00e7ant les liens entre coll\u00e8gues. Rien de tel pour <a href=\"https:\/\/factorial.fr\/blog\/6-actions-ameliorer-qualite-vie-travail\/\">am\u00e9liorer la qualit\u00e9 de vie au travail (QVT)<\/a> !<\/p>\n<p>Cette c\u00e9l\u00e9bration contribue \u00e0 renforcer la coh\u00e9sion d&rsquo;\u00e9quipe, \u00e0 stimuler la motivation et \u00e0 <strong>promouvoir le bien-\u00eatre des employ\u00e9s.<\/strong> En reconnaissant le r\u00f4le crucial des m\u00e8res dans la vie professionnelle et personnelle, vous mettez en place un environnement positif et inclusif qui est tr\u00e8s appr\u00e9ci\u00e9 par l\u2019ensemble des collaborateurs.<\/p>\n","protected":false},"excerpt":{"rendered":"<p>La F\u00eate des M\u00e8res est une belle occasion d\u2019honorer, de remercier et de c\u00e9l\u00e9brer les m\u00e8res du monde entier pour leur amour, leur d\u00e9vouement et leur soutien inconditionnel ! Chaque ann\u00e9e, ce jour a une signification particuli\u00e8re dans nos vies et surtout, il repr\u00e9sente l\u2019opportunit\u00e9 de reconna\u00eetre le r\u00f4le essentiel des m\u00e8res dans notre soci\u00e9t\u00e9.<a href=\"https:\/\/factorial.fr\/blog\/fete-des-meres-entreprise\/\" class=\"read-more\"> [&#8230;]<\/a><\/p>\n","protected":false},"author":223,"featured_media":105373,"comment_status":"closed","ping_status":"closed","sticky":false,"template":"","format":"standard","meta":{"_acf_changed":false,"footnotes":""},"categories":[772,456],"tags":[],"class_list":["post-105353","post","type-post","status-publish","format-standard","has-post-thumbnail","hentry","category-culture-entreprise","category-gestion-entreprise-rh"],"acf":{"topics":"engagement"},"yoast_head":"<!-- This site is optimized with the Yoast SEO Premium plugin v21.5 (Yoast SEO v21.9.1) - https:\/\/yoast.com\/wordpress\/plugins\/seo\/ -->\n<title>C\u00e9l\u00e9bration de la F\u00eate des M\u00e8res en entreprise - Factorial<\/title>\n<meta name=\"description\" content=\"D\u00e9couvrez comment c\u00e9l\u00e9brer la F\u00eate des M\u00e8res en entreprise \u00e0 travers des activit\u00e9s et des cadeaux symboliques pour renforcer la coh\u00e9sion d&#039;\u00e9quipe.\" \/>\n<meta name=\"robots\" content=\"index, follow, max-snippet:-1, max-image-preview:large, max-video-preview:-1\" \/>\n<link rel=\"canonical\" href=\"https:\/\/factorial.fr\/blog\/fete-des-meres-entreprise\/\" \/>\n<meta property=\"og:locale\" content=\"fr_FR\" \/>\n<meta property=\"og:type\" content=\"article\" \/>\n<meta property=\"og:title\" content=\"Comment c\u00e9l\u00e9brer la F\u00eate des M\u00e8res en entreprise ?\" \/>\n<meta property=\"og:description\" content=\"D\u00e9couvrez comment c\u00e9l\u00e9brer la F\u00eate des M\u00e8res en entreprise \u00e0 travers des activit\u00e9s et des cadeaux symboliques pour renforcer la coh\u00e9sion d&#039;\u00e9quipe.\" \/>\n<meta property=\"og:url\" content=\"https:\/\/factorial.fr\/blog\/fete-des-meres-entreprise\/\" \/>\n<meta property=\"og:site_name\" content=\"Factorial\" \/>\n<meta property=\"article:publisher\" content=\"https:\/\/www.facebook.com\/people\/Factorial\/100064908455810\/\" \/>\n<meta property=\"article:published_time\" content=\"2023-06-01T08:52:36+00:00\" \/>\n<meta property=\"article:modified_time\" content=\"2025-05-05T23:38:14+00:00\" \/>\n<meta property=\"og:image\" content=\"https:\/\/factorial.fr\/wp-content\/uploads\/2023\/06\/01105157\/fete-des-meres.jpg\" \/>\n\t<meta property=\"og:image:width\" content=\"1112\" \/>\n\t<meta property=\"og:image:height\" content=\"536\" \/>\n\t<meta property=\"og:image:type\" content=\"image\/jpeg\" \/>\n<meta name=\"author\" content=\"Maryline Mestre\" \/>\n<meta name=\"twitter:card\" content=\"summary_large_image\" \/>\n<meta name=\"twitter:creator\" content=\"@factorialapp\" \/>\n<meta name=\"twitter:site\" content=\"@factorialapp\" \/>\n<meta name=\"twitter:label1\" content=\"Written by\" \/>\n\t<meta name=\"twitter:data1\" content=\"Maryline Mestre\" \/>\n\t<meta name=\"twitter:label2\" content=\"Est. reading time\" \/>\n\t<meta name=\"twitter:data2\" content=\"7 minutes\" \/>\n<script type=\"application\/ld+json\" class=\"yoast-schema-graph\">{\"@context\":\"https:\/\/schema.org\",\"@graph\":[{\"@type\":\"Article\",\"@id\":\"https:\/\/factorial.fr\/blog\/fete-des-meres-entreprise\/#article\",\"isPartOf\":{\"@id\":\"https:\/\/factorial.fr\/blog\/fete-des-meres-entreprise\/\"},\"author\":{\"name\":\"Maryline Mestre\",\"@id\":\"https:\/\/factorial.fr\/blog\/#\/schema\/person\/1f7dab1b26cd1479d793f940e5d7fb0e\"},\"headline\":\"Comment c\u00e9l\u00e9brer la F\u00eate des M\u00e8res en entreprise ?\",\"datePublished\":\"2023-06-01T08:52:36+00:00\",\"dateModified\":\"2025-05-05T23:38:14+00:00\",\"mainEntityOfPage\":{\"@id\":\"https:\/\/factorial.fr\/blog\/fete-des-meres-entreprise\/\"},\"wordCount\":1764,\"publisher\":{\"@id\":\"https:\/\/factorial.fr\/blog\/#organization\"},\"articleSection\":[\"Culture entreprise\",\"Gestion entreprise et RH\"],\"inLanguage\":\"fr-FR\"},{\"@type\":\"WebPage\",\"@id\":\"https:\/\/factorial.fr\/blog\/fete-des-meres-entreprise\/\",\"url\":\"https:\/\/factorial.fr\/blog\/fete-des-meres-entreprise\/\",\"name\":\"C\u00e9l\u00e9bration de la F\u00eate des M\u00e8res en entreprise - Factorial\",\"isPartOf\":{\"@id\":\"https:\/\/factorial.fr\/blog\/#website\"},\"datePublished\":\"2023-06-01T08:52:36+00:00\",\"dateModified\":\"2025-05-05T23:38:14+00:00\",\"description\":\"D\u00e9couvrez comment c\u00e9l\u00e9brer la F\u00eate des M\u00e8res en entreprise \u00e0 travers des activit\u00e9s et des cadeaux symboliques pour renforcer la coh\u00e9sion d'\u00e9quipe.\",\"inLanguage\":\"fr-FR\",\"potentialAction\":[{\"@type\":\"ReadAction\",\"target\":[\"https:\/\/factorial.fr\/blog\/fete-des-meres-entreprise\/\"]}]},{\"@type\":\"WebSite\",\"@id\":\"https:\/\/factorial.fr\/blog\/#website\",\"url\":\"https:\/\/factorial.fr\/blog\/\",\"name\":\"Factorial\",\"description\":\"\",\"publisher\":{\"@id\":\"https:\/\/factorial.fr\/blog\/#organization\"},\"potentialAction\":[{\"@type\":\"SearchAction\",\"target\":{\"@type\":\"EntryPoint\",\"urlTemplate\":\"https:\/\/factorial.fr\/blog\/?s={search_term_string}\"},\"query-input\":\"required name=search_term_string\"}],\"inLanguage\":\"fr-FR\"},{\"@type\":\"Organization\",\"@id\":\"https:\/\/factorial.fr\/blog\/#organization\",\"name\":\"All-in-one business management software - Factorial\",\"url\":\"https:\/\/factorial.fr\/blog\/\",\"logo\":{\"@type\":\"ImageObject\",\"inLanguage\":\"fr-FR\",\"@id\":\"https:\/\/factorial.fr\/blog\/#\/schema\/logo\/image\/\",\"url\":\"https:\/\/factorial.fr\/wp-content\/uploads\/2023\/07\/18155144\/factorial-logo.png\",\"contentUrl\":\"https:\/\/factorial.fr\/wp-content\/uploads\/2023\/07\/18155144\/factorial-logo.png\",\"width\":946,\"height\":880,\"caption\":\"All-in-one business management software - Factorial\"},\"image\":{\"@id\":\"https:\/\/factorial.fr\/blog\/#\/schema\/logo\/image\/\"},\"sameAs\":[\"https:\/\/www.facebook.com\/people\/Factorial\/100064908455810\/\",\"https:\/\/twitter.com\/factorialapp\",\"https:\/\/www.linkedin.com\/company\/factorialhr\",\"https:\/\/www.youtube.com\/@factorialmedia\",\"https:\/\/www.instagram.com\/factorial\/#\"]},{\"@type\":\"Person\",\"@id\":\"https:\/\/factorial.fr\/blog\/#\/schema\/person\/1f7dab1b26cd1479d793f940e5d7fb0e\",\"name\":\"Maryline Mestre\",\"image\":{\"@type\":\"ImageObject\",\"inLanguage\":\"fr-FR\",\"@id\":\"https:\/\/factorial.fr\/blog\/#\/schema\/person\/image\/\",\"url\":\"https:\/\/secure.gravatar.com\/avatar\/226f5c01211e58b9619b7cdeed792d18?s=96&d=identicon&r=g\",\"contentUrl\":\"https:\/\/secure.gravatar.com\/avatar\/226f5c01211e58b9619b7cdeed792d18?s=96&d=identicon&r=g\",\"caption\":\"Maryline Mestre\"},\"description\":\"Maryline est r\u00e9dactrice web chez Factorial. Sp\u00e9cialis\u00e9e dans la r\u00e9daction de contenus et le SEO depuis 8 ans, elle met toute son \u00e9nergie et sa cr\u00e9ativit\u00e9 pour vous cr\u00e9er des articles de blog int\u00e9ressants et agr\u00e9ables \u00e0 lire. Ses exp\u00e9riences aussi diverses que vari\u00e9es (start-up, ONG, agences, grands comptes...) lui ont permis de d\u00e9velopper une solide capacit\u00e9 d'adaptation, ce qui fait d'elle un v\u00e9ritable cam\u00e9l\u00e9on capable de r\u00e9diger sur de nombreux sujets diff\u00e9rents.\",\"url\":\"https:\/\/factorial.fr\/blog\/author\/maryline\/\"}]}<\/script>\n<!-- \/ Yoast SEO Premium plugin. -->","yoast_head_json":{"title":"C\u00e9l\u00e9bration de la F\u00eate des M\u00e8res en entreprise - Factorial","description":"D\u00e9couvrez comment c\u00e9l\u00e9brer la F\u00eate des M\u00e8res en entreprise \u00e0 travers des activit\u00e9s et des cadeaux symboliques pour renforcer la coh\u00e9sion d'\u00e9quipe.","robots":{"index":"index","follow":"follow","max-snippet":"max-snippet:-1","max-image-preview":"max-image-preview:large","max-video-preview":"max-video-preview:-1"},"canonical":"https:\/\/factorial.fr\/blog\/fete-des-meres-entreprise\/","og_locale":"fr_FR","og_type":"article","og_title":"Comment c\u00e9l\u00e9brer la F\u00eate des M\u00e8res en entreprise ?","og_description":"D\u00e9couvrez comment c\u00e9l\u00e9brer la F\u00eate des M\u00e8res en entreprise \u00e0 travers des activit\u00e9s et des cadeaux symboliques pour renforcer la coh\u00e9sion d'\u00e9quipe.","og_url":"https:\/\/factorial.fr\/blog\/fete-des-meres-entreprise\/","og_site_name":"Factorial","article_publisher":"https:\/\/www.facebook.com\/people\/Factorial\/100064908455810\/","article_published_time":"2023-06-01T08:52:36+00:00","article_modified_time":"2025-05-05T23:38:14+00:00","og_image":[{"width":1112,"height":536,"url":"https:\/\/factorial.fr\/wp-content\/uploads\/2023\/06\/01105157\/fete-des-meres.jpg","type":"image\/jpeg"}],"author":"Maryline Mestre","twitter_card":"summary_large_image","twitter_creator":"@factorialapp","twitter_site":"@factorialapp","twitter_misc":{"Written by":"Maryline Mestre","Est. reading time":"7 minutes"},"schema":{"@context":"https:\/\/schema.org","@graph":[{"@type":"Article","@id":"https:\/\/factorial.fr\/blog\/fete-des-meres-entreprise\/#article","isPartOf":{"@id":"https:\/\/factorial.fr\/blog\/fete-des-meres-entreprise\/"},"author":{"name":"Maryline Mestre","@id":"https:\/\/factorial.fr\/blog\/#\/schema\/person\/1f7dab1b26cd1479d793f940e5d7fb0e"},"headline":"Comment c\u00e9l\u00e9brer la F\u00eate des M\u00e8res en entreprise ?","datePublished":"2023-06-01T08:52:36+00:00","dateModified":"2025-05-05T23:38:14+00:00","mainEntityOfPage":{"@id":"https:\/\/factorial.fr\/blog\/fete-des-meres-entreprise\/"},"wordCount":1764,"publisher":{"@id":"https:\/\/factorial.fr\/blog\/#organization"},"articleSection":["Culture entreprise","Gestion entreprise et RH"],"inLanguage":"fr-FR"},{"@type":"WebPage","@id":"https:\/\/factorial.fr\/blog\/fete-des-meres-entreprise\/","url":"https:\/\/factorial.fr\/blog\/fete-des-meres-entreprise\/","name":"C\u00e9l\u00e9bration de la F\u00eate des M\u00e8res en entreprise - Factorial","isPartOf":{"@id":"https:\/\/factorial.fr\/blog\/#website"},"datePublished":"2023-06-01T08:52:36+00:00","dateModified":"2025-05-05T23:38:14+00:00","description":"D\u00e9couvrez comment c\u00e9l\u00e9brer la F\u00eate des M\u00e8res en entreprise \u00e0 travers des activit\u00e9s et des cadeaux symboliques pour renforcer la coh\u00e9sion d'\u00e9quipe.","inLanguage":"fr-FR","potentialAction":[{"@type":"ReadAction","target":["https:\/\/factorial.fr\/blog\/fete-des-meres-entreprise\/"]}]},{"@type":"WebSite","@id":"https:\/\/factorial.fr\/blog\/#website","url":"https:\/\/factorial.fr\/blog\/","name":"Factorial","description":"","publisher":{"@id":"https:\/\/factorial.fr\/blog\/#organization"},"potentialAction":[{"@type":"SearchAction","target":{"@type":"EntryPoint","urlTemplate":"https:\/\/factorial.fr\/blog\/?s={search_term_string}"},"query-input":"required name=search_term_string"}],"inLanguage":"fr-FR"},{"@type":"Organization","@id":"https:\/\/factorial.fr\/blog\/#organization","name":"All-in-one business management software - Factorial","url":"https:\/\/factorial.fr\/blog\/","logo":{"@type":"ImageObject","inLanguage":"fr-FR","@id":"https:\/\/factorial.fr\/blog\/#\/schema\/logo\/image\/","url":"https:\/\/factorial.fr\/wp-content\/uploads\/2023\/07\/18155144\/factorial-logo.png","contentUrl":"https:\/\/factorial.fr\/wp-content\/uploads\/2023\/07\/18155144\/factorial-logo.png","width":946,"height":880,"caption":"All-in-one business management software - Factorial"},"image":{"@id":"https:\/\/factorial.fr\/blog\/#\/schema\/logo\/image\/"},"sameAs":["https:\/\/www.facebook.com\/people\/Factorial\/100064908455810\/","https:\/\/twitter.com\/factorialapp","https:\/\/www.linkedin.com\/company\/factorialhr","https:\/\/www.youtube.com\/@factorialmedia","https:\/\/www.instagram.com\/factorial\/#"]},{"@type":"Person","@id":"https:\/\/factorial.fr\/blog\/#\/schema\/person\/1f7dab1b26cd1479d793f940e5d7fb0e","name":"Maryline Mestre","image":{"@type":"ImageObject","inLanguage":"fr-FR","@id":"https:\/\/factorial.fr\/blog\/#\/schema\/person\/image\/","url":"https:\/\/secure.gravatar.com\/avatar\/226f5c01211e58b9619b7cdeed792d18?s=96&d=identicon&r=g","contentUrl":"https:\/\/secure.gravatar.com\/avatar\/226f5c01211e58b9619b7cdeed792d18?s=96&d=identicon&r=g","caption":"Maryline Mestre"},"description":"Maryline est r\u00e9dactrice web chez Factorial. Sp\u00e9cialis\u00e9e dans la r\u00e9daction de contenus et le SEO depuis 8 ans, elle met toute son \u00e9nergie et sa cr\u00e9ativit\u00e9 pour vous cr\u00e9er des articles de blog int\u00e9ressants et agr\u00e9ables \u00e0 lire. Ses exp\u00e9riences aussi diverses que vari\u00e9es (start-up, ONG, agences, grands comptes...) lui ont permis de d\u00e9velopper une solide capacit\u00e9 d'adaptation, ce qui fait d'elle un v\u00e9ritable cam\u00e9l\u00e9on capable de r\u00e9diger sur de nombreux sujets diff\u00e9rents.","url":"https:\/\/factorial.fr\/blog\/author\/maryline\/"}]}},"_links":{"self":[{"href":"https:\/\/factorial.fr\/blog\/wp-json\/wp\/v2\/posts\/105353"}],"collection":[{"href":"https:\/\/factorial.fr\/blog\/wp-json\/wp\/v2\/posts"}],"about":[{"href":"https:\/\/factorial.fr\/blog\/wp-json\/wp\/v2\/types\/post"}],"author":[{"embeddable":true,"href":"https:\/\/factorial.fr\/blog\/wp-json\/wp\/v2\/users\/223"}],"replies":[{"embeddable":true,"href":"https:\/\/factorial.fr\/blog\/wp-json\/wp\/v2\/comments?post=105353"}],"version-history":[{"count":7,"href":"https:\/\/factorial.fr\/blog\/wp-json\/wp\/v2\/posts\/105353\/revisions"}],"predecessor-version":[{"id":157882,"href":"https:\/\/factorial.fr\/blog\/wp-json\/wp\/v2\/posts\/105353\/revisions\/157882"}],"wp:featuredmedia":[{"embeddable":true,"href":"https:\/\/factorial.fr\/blog\/wp-json\/wp\/v2\/media\/105373"}],"wp:attachment":[{"href":"https:\/\/factorial.fr\/blog\/wp-json\/wp\/v2\/media?parent=105353"}],"wp:term":[{"taxonomy":"category","embeddable":true,"href":"https:\/\/factorial.fr\/blog\/wp-json\/wp\/v2\/categories?post=105353"},{"taxonomy":"post_tag","embeddable":true,"href":"https:\/\/factorial.fr\/blog\/wp-json\/wp\/v2\/tags?post=105353"}],"curies":[{"name":"wp","href":"https:\/\/api.w.org\/{rel}","templated":true}]}}